{"id":10017,"date":"2020-07-06T13:33:36","date_gmt":"2020-07-06T13:33:36","guid":{"rendered":"http:\/\/geodeta.gorzow.pl\/www\/?p=10017"},"modified":"2020-07-02T07:46:52","modified_gmt":"2020-07-02T07:46:52","slug":"sci-les-rencontres","status":"publish","type":"post","link":"http:\/\/geodeta.gorzow.pl\/www\/2020\/07\/06\/sci-les-rencontres\/","title":{"rendered":"Sci Les Rencontres"},"content":{"rendered":"<p>De Charlotte Perriand \u00e0 Charlie Chaplin, les 51e Rencontres de la photographie dArles annoncent leur programme Le montage en SCIAPP est un montage innovant permettant \u00e0 des personnes qui nont pas acc\u00e8s au cr\u00e9dit bancaire, du fait de leurs revenus ou de leur \u00e2ge, dentrer dans un processus Comment fonctionne la barri\u00e8re h\u00e9mato-enc\u00e9phalique et quelles sont ses fonctions? Quels sont les moyens dacc\u00e8s des virus au syst\u00e8me nerveux central.. Client de macompta.fr depuis maintenant plus de 2 ans, je fais la cl\u00f4ture de ma SARL Issue du monde agricole, jai souhait\u00e9 revenir en Bretagne pour minstaller apr\u00e8s men \u00eatre \u00e9loign\u00e9e g\u00e9ographiquement et professionnellement.  Quelques familles sont particuli\u00e8rement actives au sein de lassociation, que ce soit par la diffusion dinformations ou diverses actions telles que la marche des Maladies Rares \u00e0 Paris etc..Isabelle a \u00e9t\u00e9 nomm\u00e9e Vice Pr\u00e9sidente lors de notre pr\u00e9c\u00e9dente assembl\u00e9e G\u00e9n\u00e9rale! Elle est tr\u00e8s active et repr\u00e9sente souvent notre association dans diverses occasions quand je ne suis pas disponible. Marie la maman de Simon et Fiona est maintenant en contact avec le Professeur Laurence Faivre depuis la conf\u00e9rence qui a eu lieu en septembre 2013 et qui a permis aux parents de se retrouver \u00e0 Bergerac. Avertissez-moi par e-mail des nouveaux commentaires. D\u00e8s le d\u00e9but, lOTS sentoure de deux autres personnages. Car il lui faut des textes sacr\u00e9s et de largent. Cet \u00e9v\u00e9nement se tient \u00e0 Paris Expo Porte de Versailles-Samedi 5 Janvier \u00e0 20h45 : Miracle sur la 8\u00e8me rue. Pour ce qui concerne le centre administratif, la.. Sur le fond, deux r\u00e9flexions \u00e0 froid simposent. La premi\u00e8re est quil est bien heureux pour de nombreuses personnes davoir eu la possibilit\u00e9 d\u00e9changer par lentremise de r\u00e9seaux sociaux en pleine p\u00e9riode de confinement. Combien deffondrements psychologiques ont pu \u00eatre \u00e9vit\u00e9s gr\u00e2ce \u00e0 ces plates-formes en conservant un minimum de lien social? F\u00fbt-ce en ch\u00e2tiant virtuellement la classe politique, et prioritairement certains personnages de premier plan L\u00e9v\u00e9nement se tient \u00e0 Paris Expo Porte de Versailles-VIPARIS. 4e Rencontres de la la\u00efcit\u00e9 : une semaine daction autour du vivre-ensemble Haute-Garonne Des collaborateurs attitr\u00e9s sp\u00e9cialistes Immobilier <img decoding=\"async\" src=\"http:\/\/www.microvitae.com\/uploads\/recherche\/detail-electrode-array.jpg\" alt=\"sci les rencontres\" align=\"left\">  Julien Fontanier propose des cours de japonais en vid\u00e9o chaque semaine sur Youtube. Il a cr\u00e9\u00e9 la cha\u00eene Cours de japonais qui est la premi\u00e8re plateforme francophone mondiale dapprentissage du japonais. CATCH CORNER S\u00e9minaire Expo est le salon pour lorganisation de s\u00e9minaires et de congr\u00e8s. V\u00e9rifiez votre bo\u00eete de r\u00e9ception ou vos ind\u00e9sirables afin de confirmer votre abonnement. <img decoding=\"async\" src=\"http:\/\/olympialetan.com\/wp-content\/uploads\/2018\/07\/IMG_1686-1-600x600.jpg\" alt=\"sci les rencontres\" align=\"left\"> APS est l\u00e9v\u00e9nement leader en France concernant la s\u00fbret\u00e9 et la s\u00e9curit\u00e9. Ce salon est d\u00e9di\u00e9 aux entreprises, collectivit\u00e9s et administrations \u00e0 la recherche dinnovations, dexpertise et de solutions concr\u00e8tes en mati\u00e8re de lutte contre la malveillance. <img decoding=\"async\" src=\"http:\/\/www.culture.gouv.fr\/var\/culture\/storage\/images\/media\/regions\/drac-paca\/galeries-photos\/toulon-provence-mediterranee-ensembles-et-residences-de-la-periode-1945-1975\/toulon-zup-la-rode-sci-les-ailes-d-or-la-caille\/zup-la-rode-sci-les-ailes-d-or-la-caille8\/434344-3-fre-FR\/ZUP-La-Rode-SCI-Les-ailes-d-Or-La-Caille.jpg\" alt=\"sci les rencontres\" align=\"left\">  Requ\u00eate la plus fr\u00e9quente dans le dictionnaire anglais : Suite aux derni\u00e8res annonces pr\u00e9sidentielles relatives \u00e0 la lutte contre la propagation du virus Covid-19, nous sommes au regret de vous annoncer que l\u00e9dition 2020 de Foire de Paris ne pourra pas se tenir sur les dates de report initialement annonc\u00e9es du 4 au 15 juillet 2020. Plus dinformations sont \u00e0 venir prochainement. Demain, la SARL Les 12 de Larros exploitera les cabanes b\u00e2ties par la SCI des Gites de Larros.<\/p>\n","protected":false},"excerpt":{"rendered":"<p>sci les rencontres<\/p>\n","protected":false},"author":1,"featured_media":0,"comment_status":"closed","ping_status":"closed","sticky":false,"template":"","format":"standard","meta":{"footnotes":""},"categories":[1],"tags":[],"_links":{"self":[{"href":"http:\/\/geodeta.gorzow.pl\/www\/wp-json\/wp\/v2\/posts\/10017"}],"collection":[{"href":"http:\/\/geodeta.gorzow.pl\/www\/wp-json\/wp\/v2\/posts"}],"about":[{"href":"http:\/\/geodeta.gorzow.pl\/www\/wp-json\/wp\/v2\/types\/post"}],"author":[{"embeddable":true,"href":"http:\/\/geodeta.gorzow.pl\/www\/wp-json\/wp\/v2\/users\/1"}],"replies":[{"embeddable":true,"href":"http:\/\/geodeta.gorzow.pl\/www\/wp-json\/wp\/v2\/comments?post=10017"}],"version-history":[{"count":1,"href":"http:\/\/geodeta.gorzow.pl\/www\/wp-json\/wp\/v2\/posts\/10017\/revisions"}],"predecessor-version":[{"id":10018,"href":"http:\/\/geodeta.gorzow.pl\/www\/wp-json\/wp\/v2\/posts\/10017\/revisions\/10018"}],"wp:attachment":[{"href":"http:\/\/geodeta.gorzow.pl\/www\/wp-json\/wp\/v2\/media?parent=10017"}],"wp:term":[{"taxonomy":"category","embeddable":true,"href":"http:\/\/geodeta.gorzow.pl\/www\/wp-json\/wp\/v2\/categories?post=10017"},{"taxonomy":"post_tag","embeddable":true,"href":"http:\/\/geodeta.gorzow.pl\/www\/wp-json\/wp\/v2\/tags?post=10017"}],"curies":[{"name":"wp","href":"https:\/\/api.w.org\/{rel}","templated":true}]}}