{"id":1004,"date":"2020-06-21T10:35:23","date_gmt":"2020-06-21T10:35:23","guid":{"rendered":"http:\/\/geodeta.gorzow.pl\/www\/?p=1004"},"modified":"2020-06-21T04:39:23","modified_gmt":"2020-06-21T04:39:23","slug":"crap-rencontres-2012","status":"publish","type":"post","link":"http:\/\/geodeta.gorzow.pl\/www\/2020\/06\/21\/crap-rencontres-2012\/","title":{"rendered":"Crap Rencontres 2012"},"content":{"rendered":"<p>simple_text:Manifestants JusticePourAdama exigent que les policiers se mettent \u00e0 genouxnLa Police \u00e0 genoux, la Police \u00e0 genouxnOrdres dAssaTraore qui annon\u00e7ait \u00e7a dans un interview au Monde pour Republique \u00e0 ParisnAlors que GenerationIdentitaire est en GAVn,quoted_status:null,retweeted_status_id:null,screen_name:BBR4369,name:BBR4369 La Fouine,description:Jaime Mon Pays. Que feriez-vous si c\u00e9tait le v\u00f4tre, en le voyant souill\u00e9 et sali par Ceux qui le Ha\u00efssent. Alors, ne me jugez pas\ufe0f,location:Rh\u00f4ne-Alpes, France,rt_fav_ratio:1.5833333333333333,language_id:3,source_url:http:twitter.comdownloadandroid,source_name:Twitter for Android,tweet_type:null,media_url:https:pbs.twimg.comext_tw_video_thumb1271840249505878016puimg2M4oKyQUQsFybJP3.jpg,multi_media:false,poster_url:https:pbs.twimg.comext_tw_video_thumb1271840249505878016puimg2M4oKyQUQsFybJP3.jpg,aspect_ratio:1.7777777777777777,video_urls:https:video.twimg.comext_tw_video1271840249505878016puvid1280x720Ft6fhZy8HtBThDUu.mp4?tag10,https:video.twimg.comext_tw_video1271840249505878016puvid640x360Fq4FY_mVKfITCHpc.mp4?tag10,https:video.twimg.comext_tw_video1271840249505878016puvid480x270fwL1AZMajPuYAwjq.mp4?tag10,text:Manifestants exigent que les policiers se mettent \u00e0 genoux 2,simple_text:Laissez-nous passer, scande la foule bloqu\u00e9e par les CRS car le pr\u00e9fet fait volte-face et interdit la manifestation. Si vous ne nous laissez pas passer, on restera sur la place jusqu\u00e0 demain matin Planent un c\u0153ur et un drone GenerationAdama Mediapart,quoted_status:null,retweeted_status_id:null,screen_name:RachidaElAzzz,name:Rachida El Azzouzi,description:Journaliste Mediapart rachida.el-azzouzimediapart.fr,location:,rt_fav_ratio:0.6764705882352942,language_id:3,source_url:http:twitter.comdownloadiphone,source_name:Twitter for iPhone,tweet_type:null,media_url:https:pbs.twimg.commediaEaZTXBKXkAEpSfE.jpg,multi_media:true,photos:media_url:https:pbs.twimg.commediaEaZTXBKXkAEpSfE.jpg,thumbnail_height:104,thumbnail_width:139,media_url:https:pbs.twimg.commediaEaZTXqSX0AEaxvc.jpg,thumbnail_height:104,thumbnail_width:139,media_url:https:pbs.twimg.commediaEaZTXBFXgAAmdou.jpg,thumbnail_height:104,thumbnail_width:139,thumbnails_width:417,text:Laissez-nous passer, scande la foule bloqu\u00e9e par les CRS car le pr\u00e9fet fait volte-face et interdit la manifestation. Si vous ne nous laissez pas passer, on restera sur la place jusqu\u00e0 demain matin Planent un c\u0153ur et un drone,text_org:Laissez-nous passer, scande la foule bloqu\u00e9e par les CRS car le pr\u00e9fet fait volte-face et interdit la manifestation. Si vous ne nous laissez pas passer, on restera sur la place jusqu\u00e0 demain matin Planent un c\u0153ur et un drone GenerationAdama Mediapart https:t.coCx8GHlAeXG,text_no_media:Laissez-nous passer, scande la foule bloqu\u00e9e par les CRS car le pr\u00e9fet fait volte-face et interdit la manifestation. Si vous ne nous laissez pas passer, on restera sur la place jusqu\u00e0 demain matin Planent un c\u0153ur et un drone,url_tcos:,media_badge: 2,processed:true,count:1,created_at:2020-06-13T13:59:09.00000:00,id:1271804303053926402,id_str:1271804303053926402,full_text:Vous \u00eates surtout 5, planqu\u00e9s sur un toit \u00e0 vous faire huer par des dizaines de milliers de personnes et la banderole que vous avez d\u00e9ploy\u00e9 sest faite instantan\u00e9ment d\u00e9chirer par les habitants.nGenerationAdama nJusticePourAdama https:t.conqjYERkD5j,truncated:false,display_text_range:0,230,entities:hashtags:text:GenerationAdama,indices:195,211,text:JusticePourAdama,indices:213,230,symbols:,user_mentions:,urls:url:https:t.conqjYERkD5j,expanded_url:https:twitter.comThais_dEscufonstatus1271797326718423041,display_url:twitter.comThais_dEscufon,indices:231,254,source:,in_reply_to_status_id:null,in_reply_to_status_id_str:null,in_reply_to_user_id:null,in_reply_to_user_id_str:null,in_reply_to_screen_name:null,user:id:3165914081,id_str:3165914081,name:Jean Hugon,screen_name:JeanHugon3,location:Clermont-Ferrand, France,description:Clermont-Ferrand insoumis. LaPrecariteTue,url:https:t.coV6GMcT3ffx,entities:url:urls:url:https:t.coV6GMcT3ffx,expanded_url:https:www.referendum.interieur.gouv.frsoutienetape-1,display_url:referendum.interieur.gouv.frsoutienetape-1,indices:0,23,description:urls:,protected:false,followers_count:26686,friends_count:416,listed_count:74,created_at:2015-04-14T10:34:16.00000:00,favourites_count:80331,utc_offset:null,time_zone:null,geo_enabled:false,verified:false,statuses_count:12174,lang:null,contributors_enabled:false,is_translator:false,is_translation_enabled:false,profile_background_color:C0DEED,profile_background_image_url:http:abs.twimg.comimagesthemestheme1bg.png,profile_background_image_url_https:https:abs.twimg.comimagesthemestheme1bg.png,profile_background_tile:false,profile_image_url:http:pbs.twimg.comprofile_images1210311953379450891QFmVT5ex_normal.jpg,profile_image_url_https:https:pbs.twimg.comprofile_images1210311953379450891QFmVT5ex_normal.jpg,profile_banner_url:https:pbs.twimg.comprofile_banners31659140811575737492,profile_link_color:1DA1F2,profile_sidebar_border_color:C0DEED,profile_sidebar_fill_color:DDEEF6,profile_text_color:333333,profile_use_background_image:true,has_extended_profile:true,default_profile:true,default_profile_image:false,following:false,follow_request_sent:false,notifications:false,translator_type:none,geo:null,coordinates:null,place:null,contributors:null,is_quote_status:true,quoted_status_id:1271797326718423041,quoted_status_id_str:1271797326718423041,quoted_status_permalink:url:https:t.conqjYERkD5j,expanded:https:twitter.comThais_dEscufonstatus1271797326718423041,display:twitter.comThais_dEscufon,quoted_status:created_at:2020-06-13T13:31:26.00000:00,id:1271797326718423041,id_str:1271797326718423041,full_text:Avec G\u00e9n\u00e9ration Identitaire, je suis actuellement Place de la R\u00e9publique \u00e0 Paris avec un message clair les seules vraies victimes, ce sont celles du racisme anti-blanc!nnStopAuxTraor\u00e9nnAssaTraor\u00e9 nnSoutenez-nous nnhttps:t.corykzkswWTX https:t.co16K0NSicqg,truncated:false,display_text_range:0,244,entities:hashtags:text:Paris,indices:75,81,text:StopAuxTraor\u00e9,indices:174,188,text:AssaTraor\u00e9,indices:190,201,symbols:,user_mentions:,urls:url:https:t.corykzkswWTX,expanded_url:https:www.colleo.frcagnotte18288soutien-gi,display_url:colleo.frcagnotte18288,indices:221,244,media:id:1271796468643442689,id_str:1271796468643442689,indices:245,268,media_url:http:pbs.twimg.comext_tw_video_thumb1271796468643442689puimgZ5VGzRp5pt0HcwhJ.jpg,media_url_https:https:pbs.twimg.comext_tw_video_thumb1271796468643442689puimgZ5VGzRp5pt0HcwhJ.jpg,url:https:t.co16K0NSicqg,display_url:pic.twitter.com16K0NSicqg,expanded_url:https:twitter.comThais_dEscufonstatus1271797326718423041video1,type:photo,sizes:thumb:w:150,h:150,resize:crop,medium:w:1200,h:675,resize:fit,small:w:680,h:383,resize:fit,large:w:1280,h:720,resize:fit,extended_entities:media:id:1271796468643442689,id_str:1271796468643442689,indices:245,268,media_url:http:pbs.twimg.comext_tw_video_thumb1271796468643442689puimgZ5VGzRp5pt0HcwhJ.jpg,media_url_https:https:pbs.twimg.comext_tw_video_thumb1271796468643442689puimgZ5VGzRp5pt0HcwhJ.jpg,url:https:t.co16K0NSicqg,display_url:pic.twitter.com16K0NSicqg,expanded_url:https:twitter.comThais_dEscufonstatus1271797326718423041video1,type:video,sizes:thumb:w:150,h:150,resize:crop,medium:w:1200,h:675,resize:fit,small:w:680,h:383,resize:fit,large:w:1280,h:720,resize:fit,video_info:aspect_ratio:16,9,duration_millis:19853,variants:bitrate:256000,content_type:videomp4,url:https:video.twimg.comext_tw_video1271796468643442689puvid480x2708HyqgkM3V8Ku3OEV.mp4?tag10,bitrate:2176000,content_type:videomp4,url:https:video.twimg.comext_tw_video1271796468643442689puvid1280x7205bPxxMEp6zYRvxeQ.mp4?tag10,content_type:applicationx-mpegURL,url:https:video.twimg.comext_tw_video1271796468643442689pupl0x3EJEXctH-erDFJ.m3u8?tag10,bitrate:832000,content_type:videomp4,url:https:video.twimg.comext_tw_video1271796468643442689puvid640x360qpDQrwx83AGJc6mg.mp4?tag10,additional_media_info:monetizable:false,source:,in_reply_to_status_id:null,in_reply_to_status_id_str:null,in_reply_to_user_id:null,in_reply_to_user_id_str:null,in_reply_to_screen_name:null,user:id:1189349748,id_str:1189349748,name:Tha\u00efs dEscufon,screen_name:Thais_dEscufon,location:,description:Toulouse Militante Identitaire. Pour le droit des peuples \u00e0 \u00eatre ma\u00eetres chez eux. DefendEuropeID Participe \u00e0 la Reconqu\u00eate https:t.coIw6eUss4DJ,url:null,entities:description:urls:url:https:t.coIw6eUss4DJ,expanded_url:http:vu.frContactGI,display_url:vu.frContactGI,indices:130,153,protected:false,followers_count:10814,friends_count:531,listed_count:37,created_at:2013-02-17T12:27:58.00000:00,favourites_count:638,utc_offset:null,time_zone:null,geo_enabled:false,verified:false,statuses_count:2661,lang:null,contributors_enabled:false,is_translator:false,is_translation_enabled:false,profile_background_color:12100F,profile_background_image_url:http:abs.twimg.comimagesthemestheme14bg.gif,profile_background_image_url_https:https:abs.twimg.comimagesthemestheme14bg.gif,profile_background_tile:true,profile_image_url:http:pbs.twimg.comprofile_images12595588303311216657m5Mkp3b_normal.jpg,profile_image_url_https:https:pbs.twimg.comprofile_images12595588303311216657m5Mkp3b_normal.jpg,profile_banner_url:https:pbs.twimg.comprofile_banners11893497481586075121,profile_link_color:1B95E0,profile_sidebar_border_color:FFFFFF,profile_sidebar_fill_color:EFEFEF,profile_text_color:333333,profile_use_background_image:true,has_extended_profile:true,default_profile:false,default_profile_image:false,following:false,follow_request_sent:false,notifications:false,translator_type:none,geo:null,coordinates:null,place:null,contributors:null,is_quote_status:false,retweet_count:725,favorite_count:1750,favorited:false,retweeted:false,possibly_sensitive:false,lang:fr,quoted_status:null,retweeted_status_id:null,screen_name:Thais_dEscufon,name:Tha\u00efs dEscufon,description:Toulouse Militante Identitaire. Pour le droit des peuples \u00e0 \u00eatre ma\u00eetres chez eux. DefendEuropeID Participe \u00e0 la Reconqu\u00eate https:t.coIw6eUss4DJ,location:,rt_fav_ratio:0.4142857142857143,language_id:3,source_url:https:mobile.twitter.com,source_name:Twitter Web App,tweet_type:null,media_url:https:pbs.twimg.comext_tw_video_thumb1271796468643442689puimgZ5VGzRp5pt0HcwhJ.jpg,multi_media:false,media_type:video,poster_url:https:pbs.twimg.comext_tw_video_thumb1271796468643442689puimgZ5VGzRp5pt0HcwhJ.jpg,aspect_ratio:1.7777777777777777,video_urls:https:video.twimg.comext_tw_video1271796468643442689puvid1280x7205bPxxMEp6zYRvxeQ.mp4?tag10,https:video.twimg.comext_tw_video1271796468643442689puvid640x360qpDQrwx83AGJc6mg.mp4?tag10,https:video.twimg.comext_tw_video1271796468643442689puvid480x2708HyqgkM3V8Ku3OEV.mp4?tag10,text:Avec G\u00e9n\u00e9ration Identitaire, je suis actuellement Place de la R\u00e9publique \u00e0 avec un message clair les seules vraies victimes, ce sont celles du racisme anti-blanc! Entrez votre adresse mail pour suivre ce blog et recevoir des notifications de nouveaux articles par mail. Le Caf\u00c3 P\u00c3dagogique avait fait le pari, lors de l\u00e2\u00c3dition pr\u00c3c\u00c3dente d\u00e2Albi, de tenter de transmettre \u00c3 ses lecteurs une part de la richesse de ces travaux, modestement, mais avec la volont\u00c3 de traduire la densit\u00c3 de ces \u00c3changes pour un public moins averti que les chercheurs : les professionnels de l\u00e2Education. Banderole affich\u00e9e \u00e0 la manif Traor\u00e9. Rajoutez \u00e0 cela les cris de sales juifs, \u00e7a vous donne une id\u00e9e de ceux qui sont derri\u00e8re. Les islamistes sortiront vainqueurs des guerres raciales US que la France importe. Pas vu sur BFMTV LCI CNews nValeurs: Sales juifs, crient des manifestants antiracistes ulc\u00e9r\u00e9s par une banderole de G\u00e9n\u00e9rationIdentitaire pour les victimes de Racisme AntiBlancs.nRacismeAntiBlancs immigration remigration StopAuxtraore JusticePourAdama  <img decoding=\"async\" src=\"http:\/\/plain-glass.flywheelsites.com\/wp-content\/uploads\/2012\/01\/dec05-11ows.jpeg\" alt=\"crap rencontres 2012\" align=\"left\"> Apr\u00e8s la vente, douze v\u00e9hicules ont encore trouv\u00e9 preneurs. Le prix moyen des ventes se situe plut\u00f4t autour des 25 \u00e0 30 frs et les mod\u00e8les datent de \u00e0 Le festival Polymanga transforme Montreux en capitale detroit entreprise de tatouage hardcore. Mangaka, Youtubers et acteurs de la s\u00e9rie Game of Thrones animent le week-end de P\u00e2ques. Conf\u00e9rence donn\u00e9e lors de la journ\u00e9e d\u00e9tude sur Lennui \u00e0 l\u00e9cole organis\u00e9e par le Conseil national des programmes, Paris, janvier 2003. La derni\u00e8re modification de cette page a \u00e9t\u00e9 faite le 28 mai 2020 \u00e0 01:43.,simple_text:Qui conna\u00eet la r\u00e9ponse? MartineVassal Vassal Vassal2020 Marseille Municipales2020 Municipales28Juin,quoted_status:null,retweeted_status_id:null,screen_name:VignonVirginie,name:Virginie Vignon,description:Pour changer le monde il faut se changer soi-mm.nn,location:,rt_fav_ratio:1.0,language_id:3,source_url:http:twitter.comdownloadandroid,source_name:Twitter for Android,tweet_type:null,media_url:https:pbs.twimg.commediaEaX2rm1X0AEALc2.jpg,multi_media:false,photos:media_url:https:pbs.twimg.commediaEaX2rm1X0AEALc2.jpg,thumbnail_height:150,thumbnail_width:113,thumbnails_width:113,text:Qui conna\u00eet la r\u00e9ponse?,text_org:Qui conna\u00eet la r\u00e9ponse? MartineVassal Vassal Vassal2020 Marseille Municipales2020 Municipales28Juin https:t.co5Rjwj7pxHL,text_no_media:Qui conna\u00eet la r\u00e9ponse?,url_tcos:,media_badge:,processed:true,count:1,created_at:2020-06-13T15:51:54.00000:00,id:1271832677239476224,id_str:1271832677239476224,full_text:\u00c0 Marseille, je vote contre la pollution de lair! Les candidates aux Municipales2020 doivent faire preuve de courage et sengager \u00e0 r\u00e9duire le trafic routier qui nous \u00e9touffe et d\u00e9r\u00e8gle le climat. OnVeutRespirer,truncated:false,display_text_range:0,216,entities:hashtags:text:Municipales2020,indices:72,88,text:OnVeutRespirer,indices:201,216,symbols:,user_mentions:,urls:,source:,in_reply_to_status_id:null,in_reply_to_status_id_str:null,in_reply_to_user_id:null,in_reply_to_user_id_str:null,in_reply_to_screen_name:null,user:id:1130427799653834753,id_str:1130427799653834753,name:Menchon Nathalie,screen_name:MenchonNathalie,location:Marseille,description:Contre le plastique \u00e0 la cantine, pour prot\u00e9ger la sant\u00e9 des enfants, suivez ce lien http: https:t.coPj2ME7GWka Z\u00e9roPlastiqueMarseille \u00e9cole sant\u00e9 Mars,url:null,entities:description:urls:url:https:t.coPj2ME7GWka,expanded_url:http:chng.itPnTHH4ZL,display_url:chng.itPnTHH4ZL,indices:97,120,protected:false,followers_count:146,friends_count:418,listed_count:1,created_at:2019-05-20T10:59:24.00000:00,favourites_count:7214,utc_offset:null,time_zone:null,geo_enabled:false,verified:false,statuses_count:5064,lang:null,contributors_enabled:false,is_translator:false,is_translation_enabled:false,profile_background_color:F5F8FA,profile_background_image_url:null,profile_background_image_url_https:null,profile_background_tile:false,profile_image_url:http:pbs.twimg.comprofile_images1263592784793006083ZOMbIkvH_normal.jpg,profile_image_url_https:https:pbs.twimg.comprofile_images1263592784793006083ZOMbIkvH_normal.jpg,profile_link_color:1DA1F2,profile_sidebar_border_color:C0DEED,profile_sidebar_fill_color:DDEEF6,profile_text_color:333333,profile_use_background_image:true,has_extended_profile:false,default_profile:true,default_profile_image:false,following:false,follow_request_sent:false,notifications:false,translator_type:none,geo:null,coordinates:null,place:null,contributors:null,is_quote_status:false,retweet_count:3,favorite_count:3,favorited:false,retweeted:false,lang:fr,media_type:null,plain_text: <img decoding=\"async\" src=\"http:\/\/museumofbadart.org\/wp-content\/uploads\/2018\/03\/GERM-OF-AN-IDEA.jpg\" alt=\"crap rencontres 2012\" align=\"right\">  Commission Technique et Mat\u00e9riel : C\u00e9dric MARTELINO-materielscrapdeveauche.com,url_tcos:,media_badge:,processed:true,count:1,created_at:2020-06-13T13:30:37.00000:00,id:1271797122803945472,id_str:1271797122803945472,full_text: FLASH-Entre 8 et 10 000 personnes pr\u00e9sentes place de la R\u00e9publique \u00e0 Paris pour la manifestation JusticePourAdama contre les ViolencesPolicieres. Manifestation pacifique pour le moment. AdamaTraor\u00e9 GenerationAdama https:t.coVrWPAwGbZG,truncated:false,display_text_range:0,249,entities:hashtags:text:R\u00e9publique,indices:61,72,text:Paris,indices:75,81,text:JusticePourAdama,indices:104,121,text:ViolencesPolicieres,indices:133,153,text:AdamaTraor\u00e9,indices:195,207,text:GenerationAdama,indices:208,224,symbols:,user_mentions:,urls:,media:id:1271794368052170758,id_str:1271794368052170758,indices:226,249,media_url:http:pbs.twimg.comext_tw_video_thumb1271794368052170758puimgXAwCTJdPKSnw30XL.jpg,media_url_https:https:pbs.twimg.comext_tw_video_thumb1271794368052170758puimgXAwCTJdPKSnw30XL.jpg,url:https:t.coVrWPAwGbZG,display_url:pic.twitter.comVrWPAwGbZG,expanded_url:https:twitter.comEiichiChijiiwastatus1271794436142497793video1,type:photo,sizes:thumb:w:150,h:150,resize:crop,small:w:383,h:680,resize:fit,large:w:720,h:1280,resize:fit,medium:w:675,h:1200,resize:fit,source_status_id:1271794436142497793,source_status_id_str:1271794436142497793,source_user_id:50266259,source_user_id_str:50266259,extended_entities:media:id:1271794368052170758,id_str:1271794368052170758,indices:226,249,media_url:http:pbs.twimg.comext_tw_video_thumb1271794368052170758puimgXAwCTJdPKSnw30XL.jpg,media_url_https:https:pbs.twimg.comext_tw_video_thumb1271794368052170758puimgXAwCTJdPKSnw30XL.jpg,url:https:t.coVrWPAwGbZG,display_url:pic.twitter.comVrWPAwGbZG,expanded_url:https:twitter.comEiichiChijiiwastatus1271794436142497793video1,type:video,sizes:thumb:w:150,h:150,resize:crop,small:w:383,h:680,resize:fit,large:w:720,h:1280,resize:fit,medium:w:675,h:1200,resize:fit,source_status_id:1271794436142497793,source_status_id_str:1271794436142497793,source_user_id:50266259,source_user_id_str:50266259,video_info:aspect_ratio:9,16,duration_millis:9442,variants:bitrate:2176000,content_type:videomp4,url:https:video.twimg.comext_tw_video1271794368052170758puvid720x1280enazLTehYkrsffLm.mp4?tag10,content_type:applicationx-mpegURL,url:https:video.twimg.comext_tw_video1271794368052170758puplcSI2qxMtvlHM4DwK.m3u8?tag10,bitrate:632000,content_type:videomp4,url:https:video.twimg.comext_tw_video1271794368052170758puvid320x568yLzMzxWbk4A_wxYP.mp4?tag10,bitrate:832000,content_type:videomp4,url:https:video.twimg.comext_tw_video1271794368052170758puvid360x640FSgg33cm5yrJmfZO.mp4?tag10,additional_media_info:monetizable:false,source_user:id:50266259,id_str:50266259,name:\u5343\u3005\u5ca9\u82f1\u4e00,screen_name:EiichiChijiiwa,location:Paris,description:\u30d1\u30ea\u5728\u4f4f\u306e\u30f4\u30a1\u30a4\u30aa\u30ea\u30cb\u30b9\u30c8\u3067\u3059\u6240\u5c5e\u3059\u308b\u30aa\u30fc\u30b1\u30b9\u30c8\u30e9\u306e\u3053\u3068\u3092\u4e2d\u5fc3\u306b\u3055\u3055\u3084\u3044\u3066\u3044\u304d\u307e\u3059http:t.coeVS3Kt2h,url:http:t.corSTMGg7FJ3,entities:url:urls:url:http:t.corSTMGg7FJ3,expanded_url:http:chijiiwa.exblog.jp,display_url:chijiiwa.exblog.jp,indices:0,22,description:urls:url:http:t.coeVS3Kt2h,expanded_url:http:twilog.orgEiichiChijiiwa,display_url:twilog.orgEiichiChijiiwa,indices:43,63,protected:false,followers_count:6038,friends_count:971,listed_count:219,created_at:Wed Jun 24 09:59:18 0000 2009,favourites_count:3715,utc_offset:null,time_zone:null,geo_enabled:false,verified:false,statuses_count:19732,lang:null,contributors_enabled:false,is_translator:false,is_translation_enabled:false,profile_background_color:022330,profile_background_image_url:http:abs.twimg.comimagesthemestheme15bg.png,profile_background_image_url_https:https:abs.twimg.comimagesthemestheme15bg.png,profile_background_tile:false,profile_image_url:http:pbs.twimg.comprofile_images3788000005685076261a3adde4ddbef33f0794e63a34194f5f_normal.jpeg,profile_image_url_https:https:pbs.twimg.comprofile_images3788000005685076261a3adde4ddbef33f0794e63a34194f5f_normal.jpeg,profile_link_color:0084B4,profile_sidebar_border_color:A8C7F7,profile_sidebar_fill_color:C0DFEC,profile_text_color:333333,profile_use_background_image:true,has_extended_profile:false,default_profile:false,default_profile_image:false,following:false,follow_request_sent:false,notifications:false,translator_type:none,source:,in_reply_to_status_id:null,in_reply_to_status_id_str:null,in_reply_to_user_id:null,in_reply_to_user_id_str:null,in_reply_to_screen_name:null,user:id:1214315619031478272,id_str:1214315619031478272,name:Conflits,screen_name:Conflits_FR,location:France,description: Version positive : Conflits_BN Nous soutenir : https:t.coaWp3xEUNLd Aussi sur https:t.coS8KRJo02s5 https:t.coHis4jAxNC7,url:https:t.coB48l5BCLhK,entities:url:urls:url:https:t.coB48l5BCLhK,expanded_url:https:www.conflits.info,display_url:conflits.info,indices:0,23,description:urls:url:https:t.coaWp3xEUNLd,expanded_url:http:utip.ioconflits,display_url:utip.ioconflits,indices:55,78,url:https:t.coS8KRJo02s5,expanded_url:http:conflits.infogofacebook,display_url:conflits.infogofacebook,indices:94,117,url:https:t.coHis4jAxNC7,expanded_url:http:instagr.amconflits_fr,display_url:instagr.amconflits_fr,indices:120,143,protected:false,followers_count:395234,friends_count:63,listed_count:513,created_at:2020-01-06T22:40:00.00000:00,favourites_count:5556,utc_offset:null,time_zone:null,geo_enabled:false,verified:false,statuses_count:13160,lang:null,contributors_enabled:false,is_translator:false,is_translation_enabled:false,profile_background_color:F5F8FA,profile_background_image_url:null,profile_background_image_url_https:null,profile_background_tile:false,profile_image_url:http:pbs.twimg.comprofile_images1268835796292861952YPZ8iI3n_normal.jpg,profile_image_url_https:https:pbs.twimg.comprofile_images1268835796292861952YPZ8iI3n_normal.jpg,profile_banner_url:https:pbs.twimg.comprofile_banners12143156190314782721591299125,profile_link_color:1DA1F2,profile_sidebar_border_color:C0DEED,profile_sidebar_fill_color:DDEEF6,profile_text_color:333333,profile_use_background_image:true,has_extended_profile:false,default_profile:true,default_profile_image:false,following:false,follow_request_sent:false,notifications:false,translator_type:none,geo:null,coordinates:null,place:null,contributors:null,is_quote_status:false,retweet_count:2558,favorite_count:5081,favorited:false,retweeted:false,possibly_sensitive:false,lang:fr,media_type:video,plain_text:  Conf\u00e9rence donn\u00e9e dans le cadre des Rencontres organis\u00e9es par lOCCE lors du Festival dAvignon 1999 <img decoding=\"async\" src=\"http:\/\/blog.iso50.com\/wp-content\/uploads\/2010\/10\/gap_alien-logo-2.png\" alt=\"crap rencontres 2012\" align=\"left\">,simple_text:La France de Castaner, une bombe \u00e0 retardement nQuand de faux antiracistes ne sont en fait que de v\u00e9ritable antis\u00e9mites! nG\u00e9n\u00e9rationIdentitaire RacismeAntiBlancs immigration remigration StopAuxTraor\u00e9 JusticePourAdama Zemmour JeSoutiensLesFDO JeSoutiensLaPolice,quoted_status:null,retweeted_status_id:null,screen_name:GaucheMafia,name:LaGaucheMafia,description:Souverainiste Chr\u00e9tien \ufe0f Poutine Trump MAGA Israel Pologne Czech Orb\u00e1n Salvini Zemmour TeamPatriotes,location:Prague, R\u00e9publique Tch\u00e8que,rt_fav_ratio:1.118279569892473,language_id:3,source_url:https:mobile.twitter.com,source_name:Twitter Web App,tweet_type:null,media_url:https:pbs.twimg.comext_tw_video_thumb1271821320830029825puimglBfoGT_AnEnzVoLn.jpg,multi_media:false,poster_url:https:pbs.twimg.comext_tw_video_thumb1271821320830029825puimglBfoGT_AnEnzVoLn.jpg,aspect_ratio:0.5625,video_urls:https:video.twimg.comext_tw_video1271821320830029825puvid360x640s090UYCMk1YGMKem.mp4?tag10,https:video.twimg.comext_tw_video1271821320830029825puvid320x5688PK4-a5vYWjvNHxi.mp4?tag10,text:La France de, une bombe \u00e0 retardement FLASH-Entre 8 et 10 000 personnes pr\u00e9sentes place de la R\u00e9publique \u00e0 Paris pour la manifestation JusticePourAdama contre les ViolencesPolicieres. Manifestation pacifique pour le moment. AdamaTraor\u00e9 GenerationAdama.<\/p>\n","protected":false},"excerpt":{"rendered":"<p>crap rencontres 2012<\/p>\n","protected":false},"author":1,"featured_media":0,"comment_status":"closed","ping_status":"closed","sticky":false,"template":"","format":"standard","meta":{"footnotes":""},"categories":[1],"tags":[],"_links":{"self":[{"href":"http:\/\/geodeta.gorzow.pl\/www\/wp-json\/wp\/v2\/posts\/1004"}],"collection":[{"href":"http:\/\/geodeta.gorzow.pl\/www\/wp-json\/wp\/v2\/posts"}],"about":[{"href":"http:\/\/geodeta.gorzow.pl\/www\/wp-json\/wp\/v2\/types\/post"}],"author":[{"embeddable":true,"href":"http:\/\/geodeta.gorzow.pl\/www\/wp-json\/wp\/v2\/users\/1"}],"replies":[{"embeddable":true,"href":"http:\/\/geodeta.gorzow.pl\/www\/wp-json\/wp\/v2\/comments?post=1004"}],"version-history":[{"count":1,"href":"http:\/\/geodeta.gorzow.pl\/www\/wp-json\/wp\/v2\/posts\/1004\/revisions"}],"predecessor-version":[{"id":1005,"href":"http:\/\/geodeta.gorzow.pl\/www\/wp-json\/wp\/v2\/posts\/1004\/revisions\/1005"}],"wp:attachment":[{"href":"http:\/\/geodeta.gorzow.pl\/www\/wp-json\/wp\/v2\/media?parent=1004"}],"wp:term":[{"taxonomy":"category","embeddable":true,"href":"http:\/\/geodeta.gorzow.pl\/www\/wp-json\/wp\/v2\/categories?post=1004"},{"taxonomy":"post_tag","embeddable":true,"href":"http:\/\/geodeta.gorzow.pl\/www\/wp-json\/wp\/v2\/tags?post=1004"}],"curies":[{"name":"wp","href":"https:\/\/api.w.org\/{rel}","templated":true}]}}