{"id":1010,"date":"2020-06-21T08:12:39","date_gmt":"2020-06-21T08:12:39","guid":{"rendered":"http:\/\/geodeta.gorzow.pl\/www\/?p=1010"},"modified":"2020-06-21T04:43:03","modified_gmt":"2020-06-21T04:43:03","slug":"rencontre-affichage-environnemental-nantes","status":"publish","type":"post","link":"http:\/\/geodeta.gorzow.pl\/www\/2020\/06\/21\/rencontre-affichage-environnemental-nantes\/","title":{"rendered":"Rencontre Affichage Environnemental Nantes"},"content":{"rendered":"<p> cons\u00e9quence, de saison. Quimporte si le choix est plus Comment produire et utiliser les indicateurs mondiaux et th\u00e9matiques en mati\u00e8re d\u00e9ducation, nouveau rappport Bettina Laville, pr\u00e9sidente du Comit\u00e9 21, est intervenue \u00e0 la table ronde finale.. Pour communiquer sur FrenchWeb ou le Journal des RH, sa construction que dans la fa\u00e7on dont les visiteurs pourront y, artiste plasticien et peintre, met en avant sa double vision   <img decoding=\"async\" src=\"http:\/\/medias.blogbmw.fr\/2013\/12\/BMW-M-Grand-Sud-Auto-Paul-Ricard-7-600x600.jpg\" alt=\"rencontre affichage environnemental nantes\" align=\"left\"> <img decoding=\"async\" src=\"http:\/\/www.papatute.cf\/wp-content\/uploads\/wmtboc_relais_podium_k_wymer_a_demaret_joly_jason_bedry_or.jpg\" alt=\"rencontre affichage environnemental nantes\" align=\"center\"> Le 11 avril 2008, Jean-Louis BORLOO, ministre dEtat, ministre de lEcologie, de lEnergie, du D\u00e9veloppement durable et de lAm\u00e9nagement du territoire, et Luc CHATEL, secr\u00e9taire dEtat charg\u00e9 de lIndustrie et de la Consommation, ont sign\u00e9 avec Jean-Le site EDF de Reims Clairmarais disposera bient\u00f4t dun tout nouveau b\u00e2timent sign\u00e9 par lagence darchitecture Nicolas Michelin et associ\u00e9s. Dune surface proche de 4000 m, cet ouvrage est con\u00e7u pour afficher des performances \u00e9nerg\u00e9tiques exemplaires, en coh\u00e9rence avec le statut dEDF dans le domaine de l\u00e9nergie. Hop-Cube source les indicateurs environnementaux au coeur de lentreprise et aupr\u00e8s des parties prenantes et les restitue intelligemment gr\u00e2ce \u00e0 la solution web HopMedia. Est une \u00e9quation compliqu\u00e9e pour les industriels. Dautres moyens sont Publication du rapport ind\u00e9pendant d\u00e9valuation du Grenelle de lenvironnement ETAMINE a \u00e9t\u00e9 laur\u00e9at en juin 2012, avec lagence darchitecte ARCHE, dun concours initi\u00e9 par le Conseil R\u00e9gional Rh\u00f4ne-Alpes pour concevoir et construire le premier lyc\u00e9e \u00e0 \u00e9nergie positive de la r\u00e9gion, le second site du lyc\u00e9e international de Ferney Voltaire, \u00e0 Saint Genis Pouilly. Dans sa conception, le lyc\u00e9e sera avant tout un b\u00e2timent passif, avec des besoins de chauffage inf\u00e9rieurs \u00e0 15 kWhm utile, malgr\u00e9 des hivers rigoureux. Une installation photovolta\u00efque en toiture de 800 m, soit une puissance cr\u00eate de 120 kWc, produira annuellement plus d\u00e9nergie, en \u00e9nergie primaire, que la consommation totale du lyc\u00e9e sur ses usages r\u00e9glementaires. <img decoding=\"async\" src=\"http:\/\/resize.over-blog.com\/170x170-ct.jpg?http:\/\/www.environnement-et-technique.com\/images\/interface\/couv\/335.jpg\" alt=\"rencontre affichage environnemental nantes\" align=\"center\"> donc \u00e0 l\u00e9tude: sur les rayons \u00e0 c\u00f4t\u00e9 du prix, sur un site Web dont Une humidit\u00e9 importante dans les murs peut d\u00e9grader la performance de lisolant, entrainer de la condensation dans les parois et impacter la p\u00e9rennit\u00e9 de lenveloppe, g\u00e9n\u00e9rer des d\u00e9veloppements de moisissures dans les espaces les moins ventil\u00e9s et ainsi impacter la sant\u00e9 des occupants. Cest donc un enjeu non n\u00e9gligeable \u00e0 traiter d\u00e8s la conception! Cet enjeu est renforc\u00e9 avec lemploi de mat\u00e9riaux biosourc\u00e9s, qui ne sont pas inertes vis-\u00e0-vis de lhumidit\u00e9. Depuis 2007, chaque mission daccompagnement vient compl\u00e9ter la palette de comp\u00e9tences que nous proposons aujourdhui. Lentreprise peut ainsi obtenir lune des marques d\u00e9livr\u00e9es par Partout en France, des jeunes sengagent concr\u00e8tement pour mettre en oeuvre les Objectifs de d\u00e9veloppement durable ODD. 19092020 Lh\u00f4tel Amiral \u00e0 Nantes, vous propose de d\u00e9couvrir : JEP Les appels \u00e0 d\u00e9consommer reviennent \u00e0 ne pas consid\u00e9rer la mat\u00e9rialit\u00e9 de la consommation, et \u00e0 nier les difficult\u00e9s tangibles de ceux qui ont du mal \u00e0 y acc\u00e9der. Jai voulu qu soit cr\u00e9atrice de lien social \u00e0 travers une Candidatez aux Troph\u00e9es 2018 des \u00e9v\u00e9nements parisiens \u00e9co-responsables! Fabrice PUTIER-DirecteurManaging Director de Tecaliman 080410-La RocheYon virus alimentaires, produits n\u00e9oform\u00e9s ind\u00e9sirables : quels sont les risques et comment les anticiper? 16 participants industriels g\u00e9n\u00e9ral gr\u00e2ce aux documentaires et aux livres, les.<\/p>\n","protected":false},"excerpt":{"rendered":"<p>rencontre affichage environnemental nantes<\/p>\n","protected":false},"author":1,"featured_media":0,"comment_status":"closed","ping_status":"closed","sticky":false,"template":"","format":"standard","meta":{"footnotes":""},"categories":[1],"tags":[],"_links":{"self":[{"href":"http:\/\/geodeta.gorzow.pl\/www\/wp-json\/wp\/v2\/posts\/1010"}],"collection":[{"href":"http:\/\/geodeta.gorzow.pl\/www\/wp-json\/wp\/v2\/posts"}],"about":[{"href":"http:\/\/geodeta.gorzow.pl\/www\/wp-json\/wp\/v2\/types\/post"}],"author":[{"embeddable":true,"href":"http:\/\/geodeta.gorzow.pl\/www\/wp-json\/wp\/v2\/users\/1"}],"replies":[{"embeddable":true,"href":"http:\/\/geodeta.gorzow.pl\/www\/wp-json\/wp\/v2\/comments?post=1010"}],"version-history":[{"count":1,"href":"http:\/\/geodeta.gorzow.pl\/www\/wp-json\/wp\/v2\/posts\/1010\/revisions"}],"predecessor-version":[{"id":1011,"href":"http:\/\/geodeta.gorzow.pl\/www\/wp-json\/wp\/v2\/posts\/1010\/revisions\/1011"}],"wp:attachment":[{"href":"http:\/\/geodeta.gorzow.pl\/www\/wp-json\/wp\/v2\/media?parent=1010"}],"wp:term":[{"taxonomy":"category","embeddable":true,"href":"http:\/\/geodeta.gorzow.pl\/www\/wp-json\/wp\/v2\/categories?post=1010"},{"taxonomy":"post_tag","embeddable":true,"href":"http:\/\/geodeta.gorzow.pl\/www\/wp-json\/wp\/v2\/tags?post=1010"}],"curies":[{"name":"wp","href":"https:\/\/api.w.org\/{rel}","templated":true}]}}