{"id":1014,"date":"2020-06-21T23:07:06","date_gmt":"2020-06-21T23:07:06","guid":{"rendered":"http:\/\/geodeta.gorzow.pl\/www\/?p=1014"},"modified":"2020-06-21T04:44:29","modified_gmt":"2020-06-21T04:44:29","slug":"nyon-rencontre","status":"publish","type":"post","link":"http:\/\/geodeta.gorzow.pl\/www\/2020\/06\/21\/nyon-rencontre\/","title":{"rendered":"Nyon Rencontre"},"content":{"rendered":"<p>En route vers P\u00e2ques..Un apr\u00e8s-midi autour de textes bibliques pour se pr\u00e9parer \u00e0 vivre P\u00e2ques, suivi de la veill\u00e9e pascale <img decoding=\"async\" src=\"http:\/\/www.more.wfcrimewatch.com\/upload\/news\/first\/5a0dbe8666c8d5.10787100.jpg\" alt=\"nyon rencontre\" align=\"center\"> Pour Fran\u00e7ois F\u00e9lix, assistant social aupr\u00e8s des \u00e9coles nyonnaises, Devenir membre de la ludoth\u00e8que de Nyon est un moyen de se soucier de l\u00e9cologie ainsi que du gaspillage. BOXE THA\u00cfLANDAISE Rencontre avec un passionn\u00e9 MUSIQUE Voix de f\u00eate, un tremplin pour les artistes SOIREE Bars en f\u00eate anime Carouge TRADITION Ils font revivre le Caf\u00e9 Vaudois de Nyon Une prouesse dorganisation pour un \u00e9v\u00e9nement virtuel tr\u00e8s r\u00e9ussi qui a rassembl\u00e9 pas moins de deux milliards de personnes dans le monde et dont les b\u00e9n\u00e9fices s\u00e9l\u00e8vent \u00e0 127,9 millions de dollars, revers\u00e9s int\u00e9gralement \u00e0 l OMS pour la lutte contre l\u00e9pid\u00e9mie de Covid-19. Que ce soit pour une seule visite ou plusieurs, cela nous ferait plaisir de faire votre connaissance. Nh\u00e9sitez pas et rejoignez-nous dimanche matin \u00e0 10h00 au c\u0153ur de Nyon.  <img decoding=\"async\" src=\"http:\/\/www.rue-avenir.ch\/fileadmin\/user_upload\/resources\/Journee-RdA-Nyon-ZrencontreGare-2012-14.jpg\" alt=\"nyon rencontre\" align=\"right\">  Pri\u00e8res de Taiz\u00e9 \u00e0 Nyon Saison 2016-2017Est-il encore besoin de pr\u00e9senter les pri\u00e8res de Taiz\u00e9 qui ont lieu \u00e0 Nyon depuis.. <img decoding=\"async\" src=\"http:\/\/web4.cdnlacote.ch\/media\/image\/33\/big_16_9\/asset-version-5caa9c14da-cygnes_1_vers_la_jetee_de_nyon.jpg\" alt=\"nyon rencontre\" align=\"center\"> Votre journal en version num\u00e9rique avec des enrichissements. Rendez-Vous R\u00e9seau Jeunes Pastorale VaudRendez-Vous est un \u00e9v\u00e8nement dont le but est de permettre aux jeunes engag\u00e9s ou non dans leur paroisse de rencontrer dautres jeunes dans le canton, d\u00e9changer, nouer des liens, cr\u00e9er un r\u00e9seau et pourquoi pas entreprendre ensemble dans le futur. Ce fut ensuite au tour de l\u00c9cole primaire du Couchant en 2018, accueillant plus de 360 \u00e9coliers de 4 \u00e0 8 ans dans un nouveau b\u00e2timent comprenant 23 classes primaires. Ce b\u00e2timent multifonctionnel du Couchant a concr\u00e9tis\u00e9 la volont\u00e9 de la Municipalit\u00e9 de mettre en place, sur un m\u00eame site, une \u00e9cole de proximit\u00e9 permettant lhoraire continu et offrant un service parascolaire le plus complet possible. En h\u00e9bergeant en outre lEcole de musique, le service Service de psychologie, psychomotricit\u00e9 et logop\u00e9die en milieu scolaire et la Clinique dentaire scolaire, ce projet a r\u00e9pondu non seulement \u00e0 laccroissement de la population dans les quartiers nord de Nyon, mais \u00e9galement au dynamisme et au d\u00e9veloppement de la ville dans son ensemble Anibis.ch doit rester une place de march\u00e9 s\u00fbre. Dans de tels cas, nous demandons donc une br\u00e8ve confirmation avant dautoriser lacc\u00e8s. Prodi, un seul interlocuteur offrant des solutions crois\u00e9es pour la conception de cuisine, dressing, mobilier de bain, vous permettant ainsi de donner \u00e0 votre int\u00e9rieur une touche unique Artisan rencontr\u00e9 Registre commerce Pour vous inscrire, merci dutiliser la page ou envoyez un courriel \u00e0 voir page En tant que natif de Qu\u00e9bec, Mik aura particuli\u00e8rement appr\u00e9ci\u00e9 la programmation cette ann\u00e9e. Il y a une histoire damour entre les Qu\u00e9b\u00e9cois et les Suisses et le fait que ce soit ici, au Village du Monde, cest assez grandiose sachant que des quelques festivals quil y a eu au Qu\u00e9bec, il ny a jamais eu une programmation comme il y a ici. Davoir \u00e0 la m\u00eame place, Tire Le Coyote, ou, il ny a pas un festival qui a r\u00e9ussi \u00e0 enligner tout \u00e7a. Tu te dis que cest exceptionnel quon soit loin, en Suisse, avec la plus grosse programmation des groupes qu\u00e9b\u00e9cois. Je ne sais pas si les gens sont vraiment au courant mais cest grandiose et exceptionnel. 65133-Concert de Humbert F\u00e9lix Thi\u00e9faine aux Arches. Sigfredo Haro  Swiss President and Defence minister Ueli Maurer raises his glass during an informal meeting with citizens after an extra muros meeting of the Swiss Federal Council in Nyon April 24, 2013. REUTERSDenis Balibouse SWITZERLAND-Tags: POLITICS.<\/p>\n","protected":false},"excerpt":{"rendered":"<p>nyon rencontre<\/p>\n","protected":false},"author":1,"featured_media":0,"comment_status":"closed","ping_status":"closed","sticky":false,"template":"","format":"standard","meta":{"footnotes":""},"categories":[1],"tags":[],"_links":{"self":[{"href":"http:\/\/geodeta.gorzow.pl\/www\/wp-json\/wp\/v2\/posts\/1014"}],"collection":[{"href":"http:\/\/geodeta.gorzow.pl\/www\/wp-json\/wp\/v2\/posts"}],"about":[{"href":"http:\/\/geodeta.gorzow.pl\/www\/wp-json\/wp\/v2\/types\/post"}],"author":[{"embeddable":true,"href":"http:\/\/geodeta.gorzow.pl\/www\/wp-json\/wp\/v2\/users\/1"}],"replies":[{"embeddable":true,"href":"http:\/\/geodeta.gorzow.pl\/www\/wp-json\/wp\/v2\/comments?post=1014"}],"version-history":[{"count":1,"href":"http:\/\/geodeta.gorzow.pl\/www\/wp-json\/wp\/v2\/posts\/1014\/revisions"}],"predecessor-version":[{"id":1015,"href":"http:\/\/geodeta.gorzow.pl\/www\/wp-json\/wp\/v2\/posts\/1014\/revisions\/1015"}],"wp:attachment":[{"href":"http:\/\/geodeta.gorzow.pl\/www\/wp-json\/wp\/v2\/media?parent=1014"}],"wp:term":[{"taxonomy":"category","embeddable":true,"href":"http:\/\/geodeta.gorzow.pl\/www\/wp-json\/wp\/v2\/categories?post=1014"},{"taxonomy":"post_tag","embeddable":true,"href":"http:\/\/geodeta.gorzow.pl\/www\/wp-json\/wp\/v2\/tags?post=1014"}],"curies":[{"name":"wp","href":"https:\/\/api.w.org\/{rel}","templated":true}]}}