{"id":1022,"date":"2020-06-21T21:13:46","date_gmt":"2020-06-21T21:13:46","guid":{"rendered":"http:\/\/geodeta.gorzow.pl\/www\/?p=1022"},"modified":"2020-06-21T04:52:53","modified_gmt":"2020-06-21T04:52:53","slug":"rencontre-maroc","status":"publish","type":"post","link":"http:\/\/geodeta.gorzow.pl\/www\/2020\/06\/21\/rencontre-maroc\/","title":{"rendered":"Rencontre Maroc"},"content":{"rendered":"<p>Le Maroc se compose de plusieurs r\u00e9gions, chacune dentre elles a sa culture, sa langue et ses coutumes, que soyez amazighophone Rifain, Chleuh, Soussi, etc. Ou arabophone, vous trouverez ici des personnes qui vous ressemblent et qui partagent les m\u00eames valeurs que vous. Vous \u00eates ici cest vous! Rencontre par affinit\u00e9 culturelle VI Rencontre Le Maroc en Mouvement-Fundaci\u00f3n Tres Culturas <img decoding=\"async\" src=\"http:\/\/www.challenge.ma\/wp-content\/uploads\/2017\/02\/Mixit%C3%A9-homme-femme-entreprise-1.jpg\" alt=\"rencontre maroc\" align=\"right\">-Chaque membre peut d\u00e9poser sa petite annonce descriptive. Bonjour, je suis simohamed, je suis gentil et s\u00e9rieux, ke recherche une fille s\u00e9rieuse et gentille  Tant que les repr\u00e9sentations mentales de la soci\u00e9t\u00e9, en plus des lois, des valeurs et des conventions ne changent pas, ces jeunes ne pourront pas se r\u00e9concilier avec leur sexualit\u00e9 et la vivre pleinement.  <img decoding=\"async\" src=\"http:\/\/www.ires.ma\/wp-content\/uploads\/2018\/03\/Actes-cor%C3%A9e.png\" alt=\"rencontre maroc\" align=\"left\"> Maroc-XII\u00e8me rencontre de haut niveau entre la France et le Maroc 28.05.15-Minist\u00e8re de lEurope et des Affaires \u00e9trang\u00e8res Pendant ce temps, Mohamed VI et Abdallah II dialoguaient des relations bilat\u00e9rales entre leurs deux royaumes, et probablement de la d\u00e9stabilisation du Proche-Orient par lautoproclam\u00e9 califat de lorganisation, dont le roi de Jordanie devait sentretenir les jours suivants avec les autorit\u00e9s europ\u00e9ennes, \u00e0 Bruxelles et Strasbourg. De lointains cousins Martine Pinville, secr\u00e9taire dEtat charg\u00e9e du Commerce, de lArtisanat, de la Consommation et de lEconomie sociale et solidaire sest entretenue, le 2 mai, \u00e0 Bercy avec Fatima Marouan, ministre de lArtisanat et de lEconomie sociale et solidaire du Maroc. Le constructeur automobile japonais Honda a confirm\u00e9 mercredi avoir \u00e9t\u00e9 victime dune cyberattaque ayant forc\u00e9 ses usines de sarr\u00eater en Inde et au Br\u00e9sil.. Ouarzazate-H\u00f4tel Kenzi Azghor-4 NL10-1 nuit-Langue du personnel : locale, Francophone8 Sorry, you have been blocked You are unable to access jeuneafrique.com, sur footballdatabase.eu consult\u00e9 le 29 janvier 2013. La facult\u00e9 des sciences de luniversit\u00e9 Ibn Tofa\u00efl \u00e0 K\u00e9nitra a organis\u00e9, jeudi, une soutenance \u00e0 distance de th\u00e8se de doctorat, la premi\u00e8re au.. On peut consulter les annonces en simple visiteurs mais le mieux est de sinscrire et de mettre une ou plusieurs photos. Recherche une femme: Amiti\u00e9, Discussions, Autre raison France-Maroc : rencontre de haut niveau pr\u00e9vue \u00e0 Paris dici juin-LUsine Maroc  MSN permet de bloquer tout vos contacts sauf celle \u00e0 qui vous voulez parler. Un grand nombre de optent pour une carri\u00e8re internationale avec le Maroc depuis 2015. Bonjour, je mappelle Yusuf et jai 27 ans je cherche une fe.. <img decoding=\"async\" src=\"http:\/\/www.rencontre-ile-reunion.com\/wp-content\/uploads\/2012\/05\/belle-metisse-ste-anne-299x400.jpg\" alt=\"rencontre maroc\" align=\"left\">.<\/p>\n","protected":false},"excerpt":{"rendered":"<p>rencontre maroc<\/p>\n","protected":false},"author":1,"featured_media":0,"comment_status":"closed","ping_status":"closed","sticky":false,"template":"","format":"standard","meta":{"footnotes":""},"categories":[1],"tags":[],"_links":{"self":[{"href":"http:\/\/geodeta.gorzow.pl\/www\/wp-json\/wp\/v2\/posts\/1022"}],"collection":[{"href":"http:\/\/geodeta.gorzow.pl\/www\/wp-json\/wp\/v2\/posts"}],"about":[{"href":"http:\/\/geodeta.gorzow.pl\/www\/wp-json\/wp\/v2\/types\/post"}],"author":[{"embeddable":true,"href":"http:\/\/geodeta.gorzow.pl\/www\/wp-json\/wp\/v2\/users\/1"}],"replies":[{"embeddable":true,"href":"http:\/\/geodeta.gorzow.pl\/www\/wp-json\/wp\/v2\/comments?post=1022"}],"version-history":[{"count":1,"href":"http:\/\/geodeta.gorzow.pl\/www\/wp-json\/wp\/v2\/posts\/1022\/revisions"}],"predecessor-version":[{"id":1023,"href":"http:\/\/geodeta.gorzow.pl\/www\/wp-json\/wp\/v2\/posts\/1022\/revisions\/1023"}],"wp:attachment":[{"href":"http:\/\/geodeta.gorzow.pl\/www\/wp-json\/wp\/v2\/media?parent=1022"}],"wp:term":[{"taxonomy":"category","embeddable":true,"href":"http:\/\/geodeta.gorzow.pl\/www\/wp-json\/wp\/v2\/categories?post=1022"},{"taxonomy":"post_tag","embeddable":true,"href":"http:\/\/geodeta.gorzow.pl\/www\/wp-json\/wp\/v2\/tags?post=1022"}],"curies":[{"name":"wp","href":"https:\/\/api.w.org\/{rel}","templated":true}]}}