{"id":104,"date":"2020-06-20T22:35:33","date_gmt":"2020-06-20T22:35:33","guid":{"rendered":"http:\/\/geodeta.gorzow.pl\/www\/?p=104"},"modified":"2020-06-20T18:29:32","modified_gmt":"2020-06-20T18:29:32","slug":"zaz-rencontre-brel","status":"publish","type":"post","link":"http:\/\/geodeta.gorzow.pl\/www\/2020\/06\/20\/zaz-rencontre-brel\/","title":{"rendered":"Zaz Rencontre Brel"},"content":{"rendered":"<p>Carte Cadeau R\u00e9glo Finance SAV Accueil Engagement Avis Client Extension de garanties Applications Mobiles E.Leclerc Une lettre \u00e9crite au nom des 54 pays du Groupe africain pour les questions des droits de lHomme dans laquelle ils demandent le d\u00e9bat durgence.  Jacques Brel repose au cimeti\u00e8re dAtuona, commune dHiva Oa, aux \u00eeles Marquises, non loin de la tombe de Paul Gauguin. Sa plaque fun\u00e9raire est \u00e0 lorigine dun diff\u00e9rend entre la famille Brel et sa derni\u00e8re compagne, Maddly Bamy, qui a fait apposer sur la pierre tombale en 1978 leffigie de leurs deux visages tourn\u00e9s vers le soleil couchant. En 1998, la fondation Brel, pour le vingti\u00e8me anniversaire de la mort du chanteur, remplace les portraits par linscription dun po\u00e8me et les noms de sa femme et de ses enfants. Alert\u00e9e par la population, Maddly Bamy revient sur l\u00eele, gagne le proc\u00e8s en justice et obtient le droit de remettre leurs portraits. Demain de bon matin : duo avec sur lalbum de Boulevard des airs, en 2016. Il faut du temps, peut-\u00eatre, pour comprendre quil ny a pas de diff\u00e9rence entre jouer la com\u00e9die et chanter. Dans les deux cas cest toujours interpr\u00e9ter des \u00e9motions, des sentiments et raconter des histoires, confie Michel Jonasz, dont la voix se fait juste ce quil faut tremblante pour une version poignante des Vieux. Vous recevrez tous les bons plans, lagenda et les concours du moment! Reprise de sur la compilation \u00c7a cest vraiment nous en hommage au groupe, en 2015.  Reed Smith poursuit sa strat\u00e9gie dexpansion \u00e0 Paris avec larriv\u00e9e dun quatri\u00e8me associ\u00e9 depuis le d\u00e9but de lann\u00e9e 2020. Thierry Lautier rejoint l\u00e9quipe Propri\u00e9t\u00e9.. Il sach\u00e8te successivement un Gardan GY-80 en 1964, F-BLPG, un Wassmer 421 en 1969, SN 11.1969, un Beechcraft Baron B 55 son premier bimoteur, un Twin Bonanza et un Beechcraft D 50 en novembre 1975 \u00e0 Tahiti, quil baptise JoJo en souvenir de son grand ami disparu Georges Pasquier, secr\u00e9taire, chauffeur et factotum du chanteur. Cet avion sera tr\u00e8s utile \u00e0 la communaut\u00e9 marquisienne, Brel assurant r\u00e9guli\u00e8rement des \u00e9vacuations sanitaires vers Papeete. <img decoding=\"async\" src=\"http:\/\/i1.ytimg.com\/vi\/adFSYagbDaM\/hqdefault.jpg\" alt=\"zaz rencontre brel\" align=\"left\"> Ce soir, Nikos sera aux commandes de La Chanson de lAnn\u00e9e 2020, comme tous les Souhaitez-vous recevoir une notification lors de la r\u00e9ponse dune internaute \u00e0 votre commentaire? <img decoding=\"async\" src=\"http:\/\/www.minelli.fr\/media-589\/catalog\/product\/cache\/1\/small_image\/224x280\/9df78eab33525d08d6e5fb8d27136e95\/w\/k\/boots-rio-2_veau-velours__minelli-7674f8dde415d88a64e3af844d766aa2-a.jpg\" alt=\"zaz rencontre brel\" align=\"right\"> En 2017, les en seront \u00e0 leur trenti\u00e8me \u00e9dition, ce qui nest pas rien. Une date cl\u00e9 qui sera aussi celle du changement de nom. Plusieurs facteurs expliquent et motivent ce changement, au premier rang desquels l\u00e9volution de la ligne artistique du festival. L\u0153uvre et lh\u00e9ritage de Jacques Brel y apparaissent toujours en filigrane, de m\u00eame que la dimension chanson, mais l\u00e9quipe du festival a souhait\u00e9 depuis quelques ann\u00e9es faire \u00e9voluer sa grille de programmation en louvrant aux musiques actuelles et aux musiques du monde. En 2001, Matthieu Chedid reprend Au suivant lors de sa tourn\u00e9e le Tour de CONCERTS Pour leur 39e \u00e9dition pr\u00e9vue du mardi 19 au dimanche 24 juillet, les Rencontres Brel de Saint-Pierre-de-Chartreuse donnent une nouvelle couleur \u00e0 leur.. \u03a3\u03b5\u03bb\u03b9\u03bd\u03b1\u03c4\u03bf \u03bc\u03b5 \u03c3\u03b5\u03bb\u03b9\u03bd\u03bf\u03c1\u03b9\u03b6\u03b1 \u03b4\u03c9\u03c1\u03b1 \u03b6\u03b5\u03bc\u03c0\u03b5\u03c1\u03b7 \u03c4\u03b1\u03c6\u03bf\u03c2 \u03b5\u03ba\u03c0\u03b1\u03b9\u03b4\u03b5\u03c5\u03c4\u03b9\u03ba\u03b1 \u03c0\u03c1\u03bf\u03b3\u03c1\u03b1\u03bc\u03bc\u03b1\u03c4\u03b1 \u03b3\u03b9\u03b1 \u03c0\u03b1\u03b9\u03b4\u03b9\u03b1 \u03b1 \u03b4\u03b7\u03bc\u03bf\u03c4\u03b9\u03ba\u03bf\u03c5 \u03c0\u03af\u03bd\u03b1\u03ba\u03b5\u03c2 \u03c0\u03b5\u03c1\u03b9\u03b5\u03c7\u03bf\u03bc\u03ad\u03bd\u03c9\u03bd word Serge Vincendet, Jacques Brel : limpossible r\u00eave, \u00e9ditions Alph\u00e9e, 359 p, octobre 2008 ISBN 2753803358 Jaime beaucoup lensemble vocal, A Paris. Si non la Parisienne. Il y en a plein. Paris sera toujours Paris, jadore la chanter. Dans mon Paris. Je ne sais pas, toutes, elles ont quelque chose. Je nai pas vraiment de pr\u00e9f\u00e9rence. Paris sera toujours Paris peut \u00eatre parce quelle sautille. <img decoding=\"async\" src=\"http:\/\/www.zijemi.cf\/pdf\/apercus\/1137_apercu.gif\" alt=\"zaz rencontre brel\" align=\"center\">  En 1964, son emploi du temps le for\u00e7ant \u00e0 de nombreux aller-retour entre Biarritz et Charleville, son impr\u00e9sario loue un petit avion. Il y prend go\u00fbt et passe son brevet de pilote priv\u00e9 le 28 juin 1965 brevet TT 16060. Puis, apr\u00e8s une formation de dix semaines, Jacques Brel est pilote qualifi\u00e9 IFR le 17 avril 1970. En 2013, Brel et son avion, dessin\u00e9 par Cyril de La Patelli\u00e8re ; timbre de la Polyn\u00e9sie fran\u00e7aise.<\/p>\n","protected":false},"excerpt":{"rendered":"<p>zaz rencontre brel<\/p>\n","protected":false},"author":1,"featured_media":0,"comment_status":"closed","ping_status":"closed","sticky":false,"template":"","format":"standard","meta":{"footnotes":""},"categories":[1],"tags":[],"_links":{"self":[{"href":"http:\/\/geodeta.gorzow.pl\/www\/wp-json\/wp\/v2\/posts\/104"}],"collection":[{"href":"http:\/\/geodeta.gorzow.pl\/www\/wp-json\/wp\/v2\/posts"}],"about":[{"href":"http:\/\/geodeta.gorzow.pl\/www\/wp-json\/wp\/v2\/types\/post"}],"author":[{"embeddable":true,"href":"http:\/\/geodeta.gorzow.pl\/www\/wp-json\/wp\/v2\/users\/1"}],"replies":[{"embeddable":true,"href":"http:\/\/geodeta.gorzow.pl\/www\/wp-json\/wp\/v2\/comments?post=104"}],"version-history":[{"count":1,"href":"http:\/\/geodeta.gorzow.pl\/www\/wp-json\/wp\/v2\/posts\/104\/revisions"}],"predecessor-version":[{"id":105,"href":"http:\/\/geodeta.gorzow.pl\/www\/wp-json\/wp\/v2\/posts\/104\/revisions\/105"}],"wp:attachment":[{"href":"http:\/\/geodeta.gorzow.pl\/www\/wp-json\/wp\/v2\/media?parent=104"}],"wp:term":[{"taxonomy":"category","embeddable":true,"href":"http:\/\/geodeta.gorzow.pl\/www\/wp-json\/wp\/v2\/categories?post=104"},{"taxonomy":"post_tag","embeddable":true,"href":"http:\/\/geodeta.gorzow.pl\/www\/wp-json\/wp\/v2\/tags?post=104"}],"curies":[{"name":"wp","href":"https:\/\/api.w.org\/{rel}","templated":true}]}}