{"id":1092,"date":"2020-06-21T08:23:58","date_gmt":"2020-06-21T08:23:58","guid":{"rendered":"http:\/\/geodeta.gorzow.pl\/www\/?p=1092"},"modified":"2020-06-21T05:42:26","modified_gmt":"2020-06-21T05:42:26","slug":"site-rencontres-luso","status":"publish","type":"post","link":"http:\/\/geodeta.gorzow.pl\/www\/2020\/06\/21\/site-rencontres-luso\/","title":{"rendered":"Site Rencontres Luso"},"content":{"rendered":"<p>Para utilizar na totalidade este s\u00edtio Internet necessita de ter Javascript ativado no seu browser. Se utilizar ferramentas para bloquear a execu\u00e7\u00e3o de javascript, por favor desligue-as. Se ainda encontrar problemas, considere.  La Rencontre Europ\u00e9enne de Jeunes luso-descendants approche! Focus : lemployabilit\u00e9! Connectez-vous pour obtenir des informations sur vos voyages et envoyer des messages \u00e0 dautres voyageurs. \u03a4\u03bf \u03b5\u03ba\u03c7\u03cd\u03bb\u03b9\u03c3\u03bc\u03b1 \u03b1\u03c0\u03cc \u03c4o \u03bb\u03bf\u03c5\u03bb\u03bf\u03cd\u03b4\u03b9 Tephosia Purpurea \u03b2\u03bf\u03b7\u03b8\u03ac\u03b5\u03b9 \u03c4\u03b7\u03bd \u03b5\u03c0\u03b9\u03b4\u03b5\u03c1\u03bc\u03af\u03b4\u03b1 \u03bd\u03b1 \u03b1\u03c0\u03bf\u03ba\u03c4\u03ae\u03c3\u03b5\u03b9 \u03bf\u03bc\u03bf\u03b9\u03cc\u03bc\u03bf\u03c1\u03c6\u03b7 \u03cc\u03c8\u03b7. Les gens venaient de tout lOuest parisien pour se rassembler les week-ends. Au local, nous avons encore les costumes pour les danses traditionnelles et les instruments de musique. A presen\u00e7a e conhecimento de Portugal no mundo passa naturalmente pelas nossas comunidades, que asseguram a import\u00e2ncia de Portugal no mundo, refor\u00e7ando a cultura portuguesa, as nossas tradi\u00e7\u00f5es, a nossa l\u00edngua, a nossa Hist\u00f3ria e identidade nacional no mundo. E que contribuem com o seu trabalho e sacrif\u00edcios e inova\u00e7\u00e3o para melhorar e construir o mundo. \u00c9 com esse esp\u00edrito de dedica\u00e7\u00e3o e servi\u00e7o p\u00fablico que os funcion\u00e1rios do Consulado-Geral trabalham para bem da nossa Comunidade! To find out more, including how to control cookies, see here: <img decoding=\"async\" src=\"http:\/\/capmagellan.com\/wp-content\/uploads\/2017\/11\/P1220400.jpg\" alt=\"site rencontres luso\" align=\"center\"> <img decoding=\"async\" src=\"http:\/\/www.play.bibchic.com\/photos\/00\/0008877-9256551-0.jpg\" alt=\"site rencontres luso\" align=\"center\"> Instituto Fr an c o-Brasileiro d e Alta Cultura.. La CCILF a invit\u00e9 M. Hugo Santos Ferreira, Vice-Pr\u00e9sident de lAPPII pour pr\u00e9senter le programme de relance et dappui au secteur.. Este Jantar de Gala re\u00fane h\u00e1 15 anos mais de 250 empres\u00e1rios da.. 2005, Les Yoruba du Nouveau Monde, Paris, Karthala. \u0395\u03c5\u03b1\u03af\u03c3\u03b8\u03b7\u03c4\u03bf \u03b4\u03ad\u03c1\u03bc\u03b1 : \u03c4\u03bf \u03b4\u03ad\u03c1\u03bc\u03b1 \u03c4\u03c3\u03b9\u03bc\u03c0\u03ac\u03b5\u03b9, \u03c4\u03c1\u03b1\u03b2\u03ac\u03b5\u03b9. \u0391\u03bd\u03c4\u03b9\u03b4\u03c1\u03ac \u03bc\u03b5 \u03c5\u03c0\u03b5\u03c1\u03b2\u03bf\u03bb\u03b9\u03ba\u03cc \u03c4\u03c1\u03cc\u03c0\u03bf \u03c3\u03c4\u03bf\u03bd \u03b1\u03ad\u03c1\u03b1, \u03c4\u03bf \u03ba\u03c1\u03cd\u03bf, \u03c3\u03c4\u03b1 \u03b1\u03ba\u03b1\u03c4\u03ac\u03bb\u03bb\u03b7\u03bb\u03b1 \u03c0\u03c1\u03bf\u03ca\u03cc\u03bd\u03c4\u03b1 \u03ae \u03c4\u03bf\u03bd \u03c0\u03bf\u03bb\u03cd \u03b4\u03c5\u03bd\u03b1\u03c4\u03cc \u03ba\u03b1\u03b8\u03b1\u03c1\u03b9\u03c3\u03bc\u03cc, \u03c4\u03bf \u03c0\u03bf\u03bb\u03cd \u03c3\u03ba\u03bb\u03b7\u03c1\u03cc \u03bd\u03b5\u03c1\u03cc. <img decoding=\"async\" src=\"http:\/\/www.hoteluso.com\/sites\/default\/files\/imagecache\/galeria_slide_show\/imagens\/_dsc8158.jpg\" alt=\"site rencontres luso\" align=\"center\"> Fa\u00e7a-o APENAS se tiver resid\u00eancia principal em Fran\u00e7a O sistema integrado de Comando e Controle de Defesa dever\u00e1 ser capaz de disponibilizar, em fun\u00e7\u00e3o de seus sensores de monitoramento e controle do espa\u00e7o terrestre, mar\u00edtimo e a \u00e9r e o brasileiro, d ados de interesse do Sistema Nacional de Seguran\u00e7a P\u00fablica, em fun\u00e7\u00e3o de suas atribui\u00e7\u00f5es constitucionais espec\u00edficas. Les Portugais quittent le stade, la t\u00eate basse et sous les sifflets du public, lors du Portugal-Albanie du 7 septembre 2014. Photo Jos\u00e9 CoelhoLusa. As v\u00e1rias Cime ir a s Luso-M a rroquinas, para al\u00e9m de constitu\u00edrem ocasi\u00f5es para aprofundar o di\u00e1logo pol\u00edtico, t\u00eam permitido fazer balan\u00e7os peri\u00f3dicos da coopera\u00e7\u00e3o bilateral nos v\u00e1rios dom\u00ednios sectoriais, tendo contribu\u00eddo igualmente para a cria\u00e7\u00e3o de um cada vez mais denso quadro jur\u00eddico na rela\u00e7\u00e3o entre os dois pa\u00edses. Detalhes 12 junho 2020 VIAGENS PARA PORTUGAL, FRAN\u00c7A E OUTROS PA\u00cdSES EUROPEUS  Lusomeet : faites des rencontres entre portugais! Mademoiselle Hecy  Daniela, 38 ans, m\u00e8re c\u00e9libataire et Antonio, 44 ans, divorc\u00e9, ont voulu se donner une deuxi\u00e8me chance Les prix sont fournis par nos partenaires et refl\u00e8tent les prix dune chambre par nuit, y compris toutes les taxes et tous les frais connus de nos partenaires. Consultez nos partenaires pour en savoir plus. Nous avons remarqu\u00e9 que vous utilisez un navigateur d\u00e9pass\u00e9. Il se peut que le site de Tripadvisor ne saffiche pas correctement. Passer \u00e0 un navigateur plus r\u00e9cent vous garantira une meilleure navigation sur notre site : 11h15 Atelier: Je minscris, je vote dans lUnion Europ\u00e9enne! Le r\u00f4le des associations dans la campagne dinscriptions dans les listes \u00e9lectorales Intervention du Consulat G\u00e9n\u00e9ral du Portugal \u00e0 Paris.<\/p>\n","protected":false},"excerpt":{"rendered":"<p>site rencontres luso<\/p>\n","protected":false},"author":1,"featured_media":0,"comment_status":"closed","ping_status":"closed","sticky":false,"template":"","format":"standard","meta":{"footnotes":""},"categories":[1],"tags":[],"_links":{"self":[{"href":"http:\/\/geodeta.gorzow.pl\/www\/wp-json\/wp\/v2\/posts\/1092"}],"collection":[{"href":"http:\/\/geodeta.gorzow.pl\/www\/wp-json\/wp\/v2\/posts"}],"about":[{"href":"http:\/\/geodeta.gorzow.pl\/www\/wp-json\/wp\/v2\/types\/post"}],"author":[{"embeddable":true,"href":"http:\/\/geodeta.gorzow.pl\/www\/wp-json\/wp\/v2\/users\/1"}],"replies":[{"embeddable":true,"href":"http:\/\/geodeta.gorzow.pl\/www\/wp-json\/wp\/v2\/comments?post=1092"}],"version-history":[{"count":1,"href":"http:\/\/geodeta.gorzow.pl\/www\/wp-json\/wp\/v2\/posts\/1092\/revisions"}],"predecessor-version":[{"id":1093,"href":"http:\/\/geodeta.gorzow.pl\/www\/wp-json\/wp\/v2\/posts\/1092\/revisions\/1093"}],"wp:attachment":[{"href":"http:\/\/geodeta.gorzow.pl\/www\/wp-json\/wp\/v2\/media?parent=1092"}],"wp:term":[{"taxonomy":"category","embeddable":true,"href":"http:\/\/geodeta.gorzow.pl\/www\/wp-json\/wp\/v2\/categories?post=1092"},{"taxonomy":"post_tag","embeddable":true,"href":"http:\/\/geodeta.gorzow.pl\/www\/wp-json\/wp\/v2\/tags?post=1092"}],"curies":[{"name":"wp","href":"https:\/\/api.w.org\/{rel}","templated":true}]}}