{"id":112,"date":"2020-06-20T18:46:35","date_gmt":"2020-06-20T18:46:35","guid":{"rendered":"http:\/\/geodeta.gorzow.pl\/www\/?p=112"},"modified":"2020-06-20T18:44:34","modified_gmt":"2020-06-20T18:44:34","slug":"rencontre-chiite-belgique","status":"publish","type":"post","link":"http:\/\/geodeta.gorzow.pl\/www\/2020\/06\/20\/rencontre-chiite-belgique\/","title":{"rendered":"Rencontre Chiite Belgique"},"content":{"rendered":"<p> vel\u00e2yat-e faqih : gouvernement des clercs; d\u00e9signe la doctrine officielle de la R\u00e9publique islamique, selon laquelle le pouvoir politique revient l\u00e9gitimement au clerg\u00e9. Le gouvernement MR-N-VA-CDV-VLD pr\u00e9voit dans sa d\u00e9claration gouvernementale un plan global de lutte contre le radicalisme et le terrorisme. Ce plan comprendrait huit points compil\u00e9s dans une future loi-cadre. Toutefois, un premier survol indique quatre types de mesures :  Mais aucune constitution nest plus forte que la r\u00e9alit\u00e9. La R\u00e9volution iranienne s\u00e9tait produite au c\u0153ur du monde chiite et elle ne pouvait se d\u00e9faire de cette marque originelle. La r\u00e9alit\u00e9 fut donc telle que nous lavons \u00e9nonc\u00e9e : \u00e9tant minoritaire et souvent d\u00e9test\u00e9, le chiisme ne pouvait pr\u00e9tendre brandir l\u00e9tendard de la r\u00e9volte destin\u00e9e \u00e0 rallier tous les musulmans. Les v\u0153ux pieux de layatollah Khomeiny ny pouvaient rien, m\u00eame transcrits dans le marbre de la constitution. Contester au nom de la religion dans des soci\u00e9t\u00e9s s\u00e9cularis\u00e9es entre doctrine et militance Venise, 4-5 avril 2019, Fondazione Giorgio Cini, Centre for Comparative Studies of Civilisations and Spiritualities.. Un certain nombre d\u00e9lements de lenqu\u00eate montrent que les attentats de Paris ont \u00e9t\u00e9 pr\u00e9par\u00e9 depuis la Belgique. Il fallait bien 800 pages \u00e0 Tony Blair, pour \u00e9voquer les dix ann\u00e9es.. Pour ce qui est des cookies plac\u00e9s par des tiers et les donn\u00e9es quils peuvent collecter ainsi, nous renvoyons aux d\u00e9clarations que ces parties fournissent sur leur propre site web. Veuillez noter que ces d\u00e9clarations peuvent changer r\u00e9guli\u00e8rement et que nous ne pouvons exercer aucune influence en la mati\u00e8re. Des cookies pour le contenu d\u00e9pendant du comportement La diplomatie nouvelle de Riyad \u00e0 l\u00e9gard de T\u00e9h\u00e9ran F\u00e9licitations, Vous b\u00e9n\u00e9ficiez d\u00e8s \u00e0 pr\u00e9sent dun acc\u00e8s connect\u00e9 \u00e0 parismatch.com La Chine, d\u00e9sormais premi\u00e8re puissance \u00e9conomique mondiale en produit int\u00e9rieur brut PIB.. \u0396\u03c9\u03b3\u03c1\u03b1\u03c6\u03b9\u03ba\u03b7 \u03bc\u03b5 \u03bc\u03bf\u03bb\u03c5\u03b2\u03b9 \u0392\u03c1\u03ae\u03ba\u03b1\u03bc\u03b5, \u03cc\u03bc\u03c9\u03c2, \u03b1\u03c5\u03c4\u03cc \u03c4\u03bf \u03c6\u03b1\u03bd\u03c4\u03b1\u03c3\u03c4\u03b9\u03ba\u03cc \u03b1\u03c5\u03c4\u03bf\u03ba\u03af\u03bd\u03b7\u03c4\u03bf! Soufisme et symboles Pr\u00e9sentation du dernier num\u00e9ro du Journal dhistoire du soufisme 6 Ed J. Maisonneuve, sur le th\u00e8me Soufisme et symboles, associ\u00e9e \u00e0 un Hommage \u00e0 Alexandre Popovic et aux travaux que celui-ci a accomplis dans le domaine du soufisme et des.. Toutefois, pr\u00e9vient M. Haddad, les liens entre Ryad et Moqtada Sadr ne constituent pas des relations entre Etats. Et les relations irako-saoudiennes sont loin davoir la profondeur et la complexit\u00e9 des liens irano-irakiens. En 2006, Didier Fassin et ses coll\u00e8gues de lInstitut de recherche interdisciplinaire sur.. Comme tout ce qui touche \u00e0 lappareil de s\u00e9curit\u00e9 iranien, les d\u00e9tails cr\u00e9dibles et v\u00e9rifi\u00e9s manquent en ce qui concerne la structure exacte des Pasdaran et leur mode de fonctionnement. Il est certain, n\u00e9anmoins, que leur influence reste consid\u00e9rable. Leur d\u00e9vouement leur a en effet permis doccuper une place \u00e0 part dans la galaxie s\u00e9curitaire iranienne. Dabord, la direction du corps des Gardiens est extr\u00eamement stable : nombre des dirigeants et hauts grad\u00e9s des Pasdaran se connaissent depuis les ann\u00e9es 80, soit deux d\u00e9cennies, ce qui renforce encore la coh\u00e9sion de la machine. Linvestissement des Pasdaran dans des secteurs cl\u00e9s de l\u00e9conomie larmement dabord, mais aussi l\u00e9lectronique ou les hydrocarbures, puis limport-export a accru encore la puissance car les Gardiens qui se retrouvent \u00e0 la t\u00eate de ces entreprises ou dans leur encadrement de haut niveau, gardent tous des rapports \u00e9troits avec leur corps dorigine. Se forme ainsi un r\u00e9seau relationnel large et tr\u00e8s souple qui va de la sph\u00e8re militaire et s\u00e9curitaire au monde politique faut-il vraiment rappeler que le pr\u00e9sident Mahmoud Ahmadinejad est un ancien Pasdar? en passant par lindustrie de pointe et par lunivers des affaires. <img decoding=\"async\" src=\"http:\/\/borsvarldsen.gq\/images\/programme_mediatheque_septembre_2017_a_fevrier_2018_final_23aout2017_pdf_bdef_page_01.jpg\" alt=\"rencontre chiite belgique\" align=\"right\"> Cet ouvrage appartient \u00e0 un type de publications devenu un v\u00e9ritable genre.. Muriel nait en 1967 dans la r\u00e9gion de Charleroi, en Belgique, dans une famille modeste qui ne fait pas parler delle. Elle aurait eu 51 ans aujourdhui. Lenfant Degauque est tout de suite difficile. La perte pr\u00e9coce de son grand fr\u00e8re en 1989, dans un accident de la route, est une nouvelle entaille dans la vie de Muriel. Elle qui d\u00e9j\u00e0 sinscrivait dans un \u00e9chec scolaire et dans une toxicomanie qui ly confortait, se trouve d\u00e9sormais inconsolable. Sa vie est un chaos \u00e0 tous les niveaux : elle montre peu dint\u00e9r\u00eat pour sa famille, va de petit boulot en petit boulot, souvent renvoy\u00e9e pour son manque dhonn\u00eatet\u00e9 et de s\u00e9rieux, son corps est d\u00e9pendant de drogues, et sa sortie du syst\u00e8me scolaire la laisse dans une ignorance quelle a choisi par manque dint\u00e9r\u00eat pour tout. Le lecteur qui a pour habitude de commencer un livre par sa.. Limp\u00e9ratif dun v\u00e9ritable partage des informations \u00e0 destination des communes. Nous devons exiger avec force que les communes puissent disposer dun haut niveau dinformations pour faire leur travail tant en mati\u00e8re de pr\u00e9vention des d\u00e9parts quen mati\u00e8re de gestion des retours et daccompagnement des familles. Vous navez pas re\u00e7u votre demande de confirmation? Ce conflit de succession a engendr\u00e9 une scission fondamentale au sein de lislam : dune part, les chiites reconnaissent Ali comme premier successeur l\u00e9gitime de Mahomet. Avec ses deux fils Hassan et Hussein qui lui succ\u00e9d\u00e8rent, a commenc\u00e9 pour les chiites la lign\u00e9e des imams. De lautre, les sunnites majoritaires ne voient en Ali que le quatri\u00e8me calife. Les particularit\u00e9s doctrinales et les diff\u00e9rences th\u00e9ologiques entre ces deux courants reposent donc sur une querelle de succession. Ces courants religieux se sont donc construits sur un socle politique. Les pourcentages sont issus dune \u00e9tude de 2009 du Pew Research Center, et donnent la proportion de chiites parmi la population musulmane. Il y a quelques ann\u00e9es, Akram Belka\u00efd avait publi\u00e9 un remarquable ouvrage.. <img decoding=\"async\" src=\"http:\/\/www.dajjal.fr\/wp-content\/uploads\/2016\/04\/image42.jpg\" alt=\"rencontre chiite belgique\" align=\"right\"> <img decoding=\"async\" src=\"http:\/\/www.more.wfcrimewatch.com\/upload\/news\/normal\/586d0ec816abe3.89691309.jpg\" alt=\"rencontre chiite belgique\" align=\"center\"> .<\/p>\n","protected":false},"excerpt":{"rendered":"<p>rencontre chiite belgique<\/p>\n","protected":false},"author":1,"featured_media":0,"comment_status":"closed","ping_status":"closed","sticky":false,"template":"","format":"standard","meta":{"footnotes":""},"categories":[1],"tags":[],"_links":{"self":[{"href":"http:\/\/geodeta.gorzow.pl\/www\/wp-json\/wp\/v2\/posts\/112"}],"collection":[{"href":"http:\/\/geodeta.gorzow.pl\/www\/wp-json\/wp\/v2\/posts"}],"about":[{"href":"http:\/\/geodeta.gorzow.pl\/www\/wp-json\/wp\/v2\/types\/post"}],"author":[{"embeddable":true,"href":"http:\/\/geodeta.gorzow.pl\/www\/wp-json\/wp\/v2\/users\/1"}],"replies":[{"embeddable":true,"href":"http:\/\/geodeta.gorzow.pl\/www\/wp-json\/wp\/v2\/comments?post=112"}],"version-history":[{"count":1,"href":"http:\/\/geodeta.gorzow.pl\/www\/wp-json\/wp\/v2\/posts\/112\/revisions"}],"predecessor-version":[{"id":113,"href":"http:\/\/geodeta.gorzow.pl\/www\/wp-json\/wp\/v2\/posts\/112\/revisions\/113"}],"wp:attachment":[{"href":"http:\/\/geodeta.gorzow.pl\/www\/wp-json\/wp\/v2\/media?parent=112"}],"wp:term":[{"taxonomy":"category","embeddable":true,"href":"http:\/\/geodeta.gorzow.pl\/www\/wp-json\/wp\/v2\/categories?post=112"},{"taxonomy":"post_tag","embeddable":true,"href":"http:\/\/geodeta.gorzow.pl\/www\/wp-json\/wp\/v2\/tags?post=112"}],"curies":[{"name":"wp","href":"https:\/\/api.w.org\/{rel}","templated":true}]}}