{"id":1152,"date":"2020-06-21T17:52:33","date_gmt":"2020-06-21T17:52:33","guid":{"rendered":"http:\/\/geodeta.gorzow.pl\/www\/?p=1152"},"modified":"2020-06-21T06:45:00","modified_gmt":"2020-06-21T06:45:00","slug":"rencontres-pour-gens-beaux","status":"publish","type":"post","link":"http:\/\/geodeta.gorzow.pl\/www\/2020\/06\/21\/rencontres-pour-gens-beaux\/","title":{"rendered":"Rencontres Pour Gens Beaux"},"content":{"rendered":"<p>Cathy Bonesso, confie, que pour lheure, il y a peu de demandes, surtout pour cette semaine avec la reprise dactivit\u00e9s. Les gens ne se projettent pas encore avec le week-end de lAscension. Par contre, depuis d\u00e9but mai, il y a une demande de r\u00e9servations qui repart doucement pour l\u00e9t\u00e9. La directrice estime que la destination Pyr\u00e9n\u00e9es et ses grands espaces tireront son \u00e9pingle du jeu cet \u00e9t\u00e9, notamment avec la client\u00e8le de proximit\u00e9, et si les activit\u00e9s touristiques reprennent. Car nous avons eu beaucoup dannulations car aucune activit\u00e9 n\u00e9tait possible. Cela d\u00e9pendra \u00e0 quelle date, le gouvernement autorisera la reprise des loisirs et louverture des sites, ajoute Cathy Bonesso. Manger une glace chez La Glaci\u00e8re au bord du bassin de l\u00e9tang \u00e0 Cucuron, regarder les poissons rouges, voici un programme id\u00e9al pour les familles avant dadmirer les plus beaux paysages alentours : les couleurs et la lumi\u00e8re des courbes du Luberon diff\u00e9rentes selon les saisons, lentr\u00e9e de village de Cucuron, la vue du Mourre N\u00e8gre. Night Force AE Cream-\u0391\u03bd\u03c4\u03b9\u03b3\u03b7\u03c1\u03b1\u03bd\u03c4\u03b9\u03ba\u03ae \u039a\u03c1\u03ad\u03bc\u03b1 \u039d\u03c5\u03ba\u03c4\u03cc\u03c2 \u03b3\u03b9\u03b1 \u03a0\u03c1\u03cc\u03c3\u03c9\u03c0\u03bf \u03ba\u03b1\u03b9 \u039b\u03b1\u03b9\u03bc\u03cc 50ml Moisturizing Plus Cream 30-\u0395\u03bd\u03c5\u03b4\u03b1\u03c4\u03b9\u03ba\u03ae \u039a\u03c1\u03ad\u03bc\u03b1 \u03b3\u03b9\u03b1 \u03a0\u03c1\u03cc\u03c3\u03c9\u03c0\u03bf \u03ba\u03b1\u03b9 \u039b\u03b1\u03b9\u03bc\u03cc 50ml 5202888271151 5202888271014 7 conseils pour venir \u00e0 bout de langoisse des rencontres amoureuses Voir la galerie Sports que vous pratiquez: marche, danse de salon Jouer, envie de cette page les autres pour X Riche dune quinzaine de dessins de Sickert et dun bel, 2017 dans les locaux de lInstitut G4 Marseille D\u00e9couvrez le Top 20 Id\u00e9es Cadeaux Femme de 50 Ans Gaby tu resteras pour toujours dans nos pens\u00e9es et dans nos c\u0153urs! Courage et amiti\u00e9s \u00e0 Denise pour continuer la route Bisous. Murielle et \u00c9ric. Une fois que javais fait le constat du probl\u00e8me, au cours de mes vacances, jai d\u00e9cid\u00e9 de revenir un mois entier \u00e0 Lisbonne et de me consacrer \u00e0 des recherches sur place. Je me suis beaucoup document\u00e9e, jai rencontr\u00e9 des g\u00e9ographes, des historiens, des politiciens, des militants, des artistes, des \u00e9tudiants, des entrepreneurs et m\u00eame des investisseurs, des citoyens, des gens de tous \u00e2ges et de diff\u00e9rentes nationalit\u00e9s, crois\u00e9s au gr\u00e9 des rues pour certains. C\u00e9tait un mois intense, qui ma permis de comprendre la situation en profondeur. Cr\u00e9dit Photo : Aur\u00e9lie Delahaye V\u00e9ronique Prat, Le Figaro.fr Culture Arts expositions, Van Gogh : du Japon dans le Midi, publi\u00e9 le 28 septembre 2012. Acteur majeur de lenseignement sup\u00e9rieur en France, Eduservices accompagne chaque ann\u00e9e 17.500 \u00e9tudiants vers le monde professionnel. Zoom sur son campus toulousain, ses \u00e9coles.. Je te transmets mes meilleures pens\u00e9es et lexpression de ma profonde sympathie pour toi et les tiens. Je pensais souvent \u00e0 Anne-Marie toutes ces derni\u00e8res ann\u00e9es et maintenant ce sont de beaux souvenirs qui remontent en moi. Jai rencontr\u00e9 Kevin qui ma fait pleurer le soir chez moi en disant dans la journ\u00e9e est-ce que ma m\u00e8re d\u00e9guis\u00e9e cest ma vraie m\u00e8re. Avec toute notre sympathie, en ces instants de p\u00e9nible s\u00e9paration \u039e\u03b7\u03c1\u03cc \u03ba\u03b1\u03b9 \u03c0\u03bf\u03bb\u03cd \u03be\u03b7\u03c1\u03cc \u03b4\u03ad\u03c1\u03bc\u03b1 : \u03bc\u03b5\u03af\u03c9\u03c3\u03b7 \u03c4\u03c9\u03bd \u03b1\u03bc\u03c5\u03bd\u03c4\u03b9\u03ba\u03ce\u03bd \u03bb\u03b5\u03b9\u03c4\u03bf\u03c5\u03c1\u03b3\u03b9\u03ce\u03bd, \u03b5\u03bc\u03c6\u03ac\u03bd\u03b9\u03c3\u03b7 \u03bc\u03b9\u03ba\u03c1\u03ce\u03bd \u03c1\u03c5\u03c4\u03af\u03b4\u03c9\u03bd. <img decoding=\"async\" src=\"http:\/\/lesbeauxproverbes.com\/wp-content\/uploads\/1888-600x420.jpg\" alt=\"rencontres pour gens beaux\" align=\"left\"> Lors dun pic de pollution, dintensit\u00e9 importante le pr\u00e9fet peut mettre en place une circulation diff\u00e9renci\u00e9e, sur la base des certificats CritAir, afin de limiter la circulation des v\u00e9hicules les plus polluants. Le dispositif CritAir.. Le Mus\u00e9e des beaux-arts de La Chaux-de-Fonds met \u00e0 lhonneur le travail grin\u00e7ant de lartiste pop, f\u00e9ministe convaincue. Cette premi\u00e8re r\u00e9trospective suisse a \u00e9t\u00e9 prolong\u00e9e jusquau 20 septembre Le sens de la repartie toujours aussi aiguis\u00e9 et loeil toujours aussi affut\u00e9 sur le monde qui lentoure, Akhenaton, lun des piliers du groupe IAM, nous a accord\u00e9 un entretien vid\u00e9o depuis Marseille, o\u00f9 il est rest\u00e9 confin\u00e9 en famille. La parole juste et toujours dans le tempo de ce sage des temps modernes dresse le constat de ce qui ne va pas, mais reste, malgr\u00e9 tout,optimiste et porteuse despoirs pour demain <img decoding=\"async\" src=\"http:\/\/belcikowski.org\/ladormeuseblogue3\/wp-content\/uploads2012\/120801_off2.jpg\" alt=\"rencontres pour gens beaux\" align=\"left\">   Autour de ce trio, le lecteur d\u00e9couvrira \u00e9galement Pierre, tomb\u00e9 amoureux de Lisbonne \u00e0 11 ans lors dune escale avec ses parents, y est revenu pour tirer son \u00e9pingle de la sp\u00e9culation immobili\u00e8re. Il est aid\u00e9 dans ses projets par Fanny, une jeune femme un peu id\u00e9aliste qui tient un blog \u00e0 succ\u00e8s vantant la douceur de vivre de Lisbonne. On d\u00e9couvre aussi Senhor Z\u00e9, un retrait\u00e9 figure du quartier historique de lAlfama, accompagn\u00e9 de son vieil ami Menino qui lui rend r\u00e9guli\u00e8rement visite. Illustration : Daria Gatti <img decoding=\"async\" src=\"http:\/\/www.mdowers.cf\/uploads\/images\/thumbs\/201826\/bd\/la_routine_quotidienne_de_cristiano_ronaldo_pour_devenir_milliardaire_7509.jpeg_north_1323x718_transparent.jpg\" alt=\"rencontres pour gens beaux\" align=\"right\"> Aguilar AS, Ultime et magistral exil, Dossier de lart, Paul Gauguin, septembre 2017, p 46-55- Si ce texte est une caricature, on peut en rire. Mais rien de plus si ce nest la marque dune incompr\u00e9hension des math\u00e9matiques. Mettre des math\u00e9matiques partout ne rel\u00e8ve pas de la science mais de la croyance, voire de la superstition. 3 mauvais r\u00e9flexes dautosabotage Psychologies.com Sinc\u00e8res condol\u00e9ances dun ancien voisin du chemin Sous-Bois.<\/p>\n","protected":false},"excerpt":{"rendered":"<p>rencontres pour gens beaux<\/p>\n","protected":false},"author":1,"featured_media":0,"comment_status":"closed","ping_status":"closed","sticky":false,"template":"","format":"standard","meta":{"footnotes":""},"categories":[1],"tags":[],"_links":{"self":[{"href":"http:\/\/geodeta.gorzow.pl\/www\/wp-json\/wp\/v2\/posts\/1152"}],"collection":[{"href":"http:\/\/geodeta.gorzow.pl\/www\/wp-json\/wp\/v2\/posts"}],"about":[{"href":"http:\/\/geodeta.gorzow.pl\/www\/wp-json\/wp\/v2\/types\/post"}],"author":[{"embeddable":true,"href":"http:\/\/geodeta.gorzow.pl\/www\/wp-json\/wp\/v2\/users\/1"}],"replies":[{"embeddable":true,"href":"http:\/\/geodeta.gorzow.pl\/www\/wp-json\/wp\/v2\/comments?post=1152"}],"version-history":[{"count":1,"href":"http:\/\/geodeta.gorzow.pl\/www\/wp-json\/wp\/v2\/posts\/1152\/revisions"}],"predecessor-version":[{"id":1153,"href":"http:\/\/geodeta.gorzow.pl\/www\/wp-json\/wp\/v2\/posts\/1152\/revisions\/1153"}],"wp:attachment":[{"href":"http:\/\/geodeta.gorzow.pl\/www\/wp-json\/wp\/v2\/media?parent=1152"}],"wp:term":[{"taxonomy":"category","embeddable":true,"href":"http:\/\/geodeta.gorzow.pl\/www\/wp-json\/wp\/v2\/categories?post=1152"},{"taxonomy":"post_tag","embeddable":true,"href":"http:\/\/geodeta.gorzow.pl\/www\/wp-json\/wp\/v2\/tags?post=1152"}],"curies":[{"name":"wp","href":"https:\/\/api.w.org\/{rel}","templated":true}]}}