{"id":116,"date":"2020-06-20T23:05:16","date_gmt":"2020-06-20T23:05:16","guid":{"rendered":"http:\/\/geodeta.gorzow.pl\/www\/?p=116"},"modified":"2020-06-20T18:46:16","modified_gmt":"2020-06-20T18:46:16","slug":"les-rencontres-du-film-documentaire-de-mellionnec","status":"publish","type":"post","link":"http:\/\/geodeta.gorzow.pl\/www\/2020\/06\/20\/les-rencontres-du-film-documentaire-de-mellionnec\/","title":{"rendered":"Les Rencontres Du Film Documentaire De Mellionnec"},"content":{"rendered":"<p> Anna et Ariane pensent un jour quelles situent loin encore passer \u00e0 la r\u00e9alisation de documentaires. Elles formulent leur d\u00e9sir de travailler en direction des jeunes, de les sensibiliser au documentaire de d\u00e9velopper des espaces de rencontre dans les milieux scolaires ou moins favoris\u00e9s. Nous voulions monter un lieu o\u00f9 les r\u00e9alisateurs puissent se former et \u00eatre accompagn\u00e9s, mais sans cr\u00e9er un rendez-vous entre professionnels. Nous avions envie de confronter documentaristes et spectateurs. \u00c0 la Maison des auteurs, les habitants assistent aux projections, donnent leur avis aux r\u00e9alisateurs qui sortent ainsi de leur bulle, d\u00e9crit Jean-Jacques Rault, directeur de Ty Films, cofondateur des Rencontres. Une dynamique collective Ces entit\u00e9s sont mentionn\u00e9es ici dans un ordre al\u00e9atoire. <img decoding=\"async\" src=\"http:\/\/static.mucem.org\/sites\/default\/files\/assets\/images\/1c_stella_productions_mohamed_lakhdar_tati_705x352web.jpg\" alt=\"les rencontres du film documentaire de mellionnec\" align=\"right\"> En effet, en d\u00e9pit des entraves pos\u00e9es par la crise sanitaire, la coll\u00e9giale de lassociation Courts en Betton sest mobilis\u00e9e, et a peut-\u00eatre pos\u00e9 sa pierre \u00e0 l\u00e9difice dun monde dapr\u00e8s, \u00e0 son \u00e9chelle et dans ses pratiques. Rencontres du film documentaire Melioneg 2018 dimanche Vous pouvez partager vos connaissances en lam\u00e9liorant selon les recommandations des. <img decoding=\"async\" src=\"http:\/\/cdt29.media.tourinsoft.com\/upload\/84CCA8F0-A364-46F7-9BA8-D5B53DE0810F\/stage-cinema.jpg\" alt=\"les rencontres du film documentaire de mellionnec\" align=\"center\"> Mercredi prochain aura lieu la prochaine Projection nomade du cycle R\u00e9sistances. Un village de 500 habitants, des collines, des arbres, des vacheset la plage 15 films documentaires, qui nous ont marqu\u00e9s, que nous voulons partager Des projections en plein air, sous les arbres et les \u00e9toiles, les pieds dans le sable et sous le soleil! Attention! Souhaitez-vous vraiment annuler votre inscription? Macron sera dimanche \u00e0 Bamako pour le lancement de larm\u00e9e interafricaine du G5 Sahel, destin\u00e9e \u00e0 mieux lutter contre le jihadisme et les trafics. Avec laide de la France, qui y voit lopportunit\u00e9, \u00e0 terme, de passer le relais. D\u00e9fendre le cin\u00e9ma documentaire et le rendre accessible au plus grand nombre, Cest lune des ambitions de lassociation Ty film et les rencontres du film documentaire  Les rencontres du film documentaire se d\u00e9roulent tous les ans le dernier week-end de juin. Lassociation Ty Films qui porte ce projet propose \u00e9galement des formations professionnelles, organise des projections nomades dans des lieux insolites et met \u00e0 disposition un fond documentaire dans sa vid\u00e9oth\u00e8que. A Mellionnec, la vie a repris gr\u00e2ce au documentaire  <img decoding=\"async\" src=\"http:\/\/chloebelloc.com\/wp-content\/uploads\/2018\/07\/DANSEURS-REFLETS-1-1-1024x561.jpg\" alt=\"les rencontres du film documentaire de mellionnec\" align=\"right\"> Lassociation Ty Films fait le pari que le cin\u00e9ma documentaire de qualit\u00e9 peut trouver son public \u00e0 condition de le rendre accessible au plus grand nombre. Et pour le prouver TyFilms cr\u00e9e, en 2007, un festival de cin\u00e9ma : Programmez une rencontre avec Tanguy Alanou dans le cadre de la F\u00eate de la Bretagne du 15 au 24 mai 2020!<\/p>\n","protected":false},"excerpt":{"rendered":"<p>les rencontres du film documentaire de mellionnec<\/p>\n","protected":false},"author":1,"featured_media":0,"comment_status":"closed","ping_status":"closed","sticky":false,"template":"","format":"standard","meta":{"footnotes":""},"categories":[1],"tags":[],"_links":{"self":[{"href":"http:\/\/geodeta.gorzow.pl\/www\/wp-json\/wp\/v2\/posts\/116"}],"collection":[{"href":"http:\/\/geodeta.gorzow.pl\/www\/wp-json\/wp\/v2\/posts"}],"about":[{"href":"http:\/\/geodeta.gorzow.pl\/www\/wp-json\/wp\/v2\/types\/post"}],"author":[{"embeddable":true,"href":"http:\/\/geodeta.gorzow.pl\/www\/wp-json\/wp\/v2\/users\/1"}],"replies":[{"embeddable":true,"href":"http:\/\/geodeta.gorzow.pl\/www\/wp-json\/wp\/v2\/comments?post=116"}],"version-history":[{"count":1,"href":"http:\/\/geodeta.gorzow.pl\/www\/wp-json\/wp\/v2\/posts\/116\/revisions"}],"predecessor-version":[{"id":117,"href":"http:\/\/geodeta.gorzow.pl\/www\/wp-json\/wp\/v2\/posts\/116\/revisions\/117"}],"wp:attachment":[{"href":"http:\/\/geodeta.gorzow.pl\/www\/wp-json\/wp\/v2\/media?parent=116"}],"wp:term":[{"taxonomy":"category","embeddable":true,"href":"http:\/\/geodeta.gorzow.pl\/www\/wp-json\/wp\/v2\/categories?post=116"},{"taxonomy":"post_tag","embeddable":true,"href":"http:\/\/geodeta.gorzow.pl\/www\/wp-json\/wp\/v2\/tags?post=116"}],"curies":[{"name":"wp","href":"https:\/\/api.w.org\/{rel}","templated":true}]}}