{"id":1178,"date":"2020-06-21T21:05:42","date_gmt":"2020-06-21T21:05:42","guid":{"rendered":"http:\/\/geodeta.gorzow.pl\/www\/?p=1178"},"modified":"2020-06-21T06:57:17","modified_gmt":"2020-06-21T06:57:17","slug":"prostituee-besancon","status":"publish","type":"post","link":"http:\/\/geodeta.gorzow.pl\/www\/2020\/06\/21\/prostituee-besancon\/","title":{"rendered":"Prostituee Besancon"},"content":{"rendered":"<p>Le corps dune jeune femme de 26 ans avait \u00e9t\u00e9 d\u00e9couvert en 2016 pr\u00e8s de la cascade du H\u00e9risson, dans le Jura. Une ann\u00e9e a \u00e9t\u00e9 n\u00e9cessaire pour identifi\u00e9e la victime. Lauteur pr\u00e9sum\u00e9 de cet homicide devrait \u00eatre jug\u00e9 cette ann\u00e9e. Et de communication, de lavion d\u00e9griff\u00e9 \u00e0 lInternet. Officiant probablement comme prostitu\u00e9e, cette jeune roumaine est une victime de plus, regrette lassociation Fleur de Pav\u00e9, au contact des travailleuses du sexe. Directrice ad interim Sandrine Devillers, d\u00e9nonce le sentiment dimpunit\u00e9 qui entoure encore la profession et les femmes en g\u00e9n\u00e9ral. Je ne peux pas dire sil y a un continuum entre lagression et le meurtre. Mais ce qui est certain cest quil y a trop de violences. Il y a des cas o\u00f9 des clients violents nont pas \u00e9t\u00e9 poursuivis, ou lenqu\u00eate na pas abouti. Dans lensemble, ces violences sont aliment\u00e9es par un manque de consid\u00e9ration et de protection. Il faut \u00eatre l\u00e0, informer et former les travailleurs du sexe. Et quil y ait enfin une prise de conscience. Publi\u00e9: 09.11.2017, 21h18 <img decoding=\"async\" src=\"http:\/\/www.argweb.eu\/index_htm_files\/116@2x.png\" alt=\"prostituee besancon\" align=\"right\"> \u0391\u03c0\u03cc \u03c4\u03bf \u03a5\u03c0\u03bf\u03c5\u03c1\u03b3\u03b5\u03af\u03bf \u03a0\u03b1\u03b9\u03b4\u03b5\u03af\u03b1\u03c2, \u0388\u03c1\u03b5\u03c5\u03bd\u03b1\u03c2 \u03ba\u03b1\u03b9 \u0398\u03c1\u03b7\u03c3\u03ba\u03b5\u03c5\u03bc\u03ac\u03c4\u03c9\u03bd  r\u00f4les que veut leur faire jouer le client. Comptez Au quotidien, o\u00f9 que vous soyez, consultez le journal complet en ligne, d\u00e8s 6h du matin. 1917 : La Maison maternelle de est financ\u00e9e par le Comit\u00e9 am\u00e9ricain des r\u00e9gions d\u00e9vast\u00e9es Card.  Apr\u00e8s les grandes \u00e9pid\u00e9mies, la fonction soignante est rep\u00e9r\u00e9e et organis\u00e9e dans la soci\u00e9t\u00e9 avec lapparition du mot enfermier en 1398, lui-m\u00eame d\u00e9riv\u00e9 du mot enfermerie. Jura : le meurtre dune jeune inconnue \u00e9lucid\u00e9 un an apr\u00e8s \u00e9galement \u00eatre class\u00e9 de lill\u00e9galit\u00e9 aux activit\u00e9s l\u00e9gales professionnelles. Votre adresse e-mail nous permettra de vous envoyer les newsletters auxquelles vous vous \u00eates inscrit. Pour exercer vos droits, consultez notre 22 juin 1924 : L\u00e9onie Chaptal fonde lAssociation nationale des infirmi\u00e8res dipl\u00f4m\u00e9es de lEtat fran\u00e7ais Anidef.  <img decoding=\"async\" src=\"http:\/\/www.carrefour.com\/sites\/default\/files\/styles\/ccom_actu2\/public\/tribunecarre.jpg\" alt=\"prostituee besancon\" align=\"left\"> Elle aime aussi le froid, les arbres et les avocats. Veuillez remplir tous les champs obligatoires avant de soumettre votre commentaire <img decoding=\"async\" src=\"http:\/\/pleinair.net\/components\/com_flexicontent\/librairies\/phpthumb\/xphpThumb.php,qsrc=,_images,_actu,_police-nationale-logo.jpg,aw=400,ah=300,afar=1,abg=FFFFFF.pagespeed.ic.ezSgXIA63W.jpg\" alt=\"prostituee besancon\" align=\"center\"> D\u00e9couvrez lapplication LExpress T\u00e9l\u00e9chargez Non merci Quinze personnes ont \u00e9t\u00e9 interpell\u00e9es la semaine derni\u00e8re \u00e0 Rouen, Besan\u00e7on, Tours, Le Mans, Le Havre et Mulhouse, a annonc\u00e9 lundi la Juridiction interr\u00e9gionale sp\u00e9cialis\u00e9e Jirs de Nancy.<\/p>\n","protected":false},"excerpt":{"rendered":"<p>prostituee besancon<\/p>\n","protected":false},"author":1,"featured_media":0,"comment_status":"closed","ping_status":"closed","sticky":false,"template":"","format":"standard","meta":{"footnotes":""},"categories":[1],"tags":[],"_links":{"self":[{"href":"http:\/\/geodeta.gorzow.pl\/www\/wp-json\/wp\/v2\/posts\/1178"}],"collection":[{"href":"http:\/\/geodeta.gorzow.pl\/www\/wp-json\/wp\/v2\/posts"}],"about":[{"href":"http:\/\/geodeta.gorzow.pl\/www\/wp-json\/wp\/v2\/types\/post"}],"author":[{"embeddable":true,"href":"http:\/\/geodeta.gorzow.pl\/www\/wp-json\/wp\/v2\/users\/1"}],"replies":[{"embeddable":true,"href":"http:\/\/geodeta.gorzow.pl\/www\/wp-json\/wp\/v2\/comments?post=1178"}],"version-history":[{"count":1,"href":"http:\/\/geodeta.gorzow.pl\/www\/wp-json\/wp\/v2\/posts\/1178\/revisions"}],"predecessor-version":[{"id":1179,"href":"http:\/\/geodeta.gorzow.pl\/www\/wp-json\/wp\/v2\/posts\/1178\/revisions\/1179"}],"wp:attachment":[{"href":"http:\/\/geodeta.gorzow.pl\/www\/wp-json\/wp\/v2\/media?parent=1178"}],"wp:term":[{"taxonomy":"category","embeddable":true,"href":"http:\/\/geodeta.gorzow.pl\/www\/wp-json\/wp\/v2\/categories?post=1178"},{"taxonomy":"post_tag","embeddable":true,"href":"http:\/\/geodeta.gorzow.pl\/www\/wp-json\/wp\/v2\/tags?post=1178"}],"curies":[{"name":"wp","href":"https:\/\/api.w.org\/{rel}","templated":true}]}}