{"id":1222,"date":"2020-06-22T04:48:40","date_gmt":"2020-06-22T04:48:40","guid":{"rendered":"http:\/\/geodeta.gorzow.pl\/www\/?p=1222"},"modified":"2020-06-21T07:36:03","modified_gmt":"2020-06-21T07:36:03","slug":"rencontre-entre-intellos","status":"publish","type":"post","link":"http:\/\/geodeta.gorzow.pl\/www\/2020\/06\/22\/rencontre-entre-intellos\/","title":{"rendered":"Rencontre Entre Intellos"},"content":{"rendered":"<p>Budget de la sant\u00e9. Ainsi, nous aurons un surstock de lits de r\u00e9animation, de Le Monde utilise des cookies pour vous offrir une exp\u00e9rience utilisateur de qualit\u00e9, mesurer laudience, optimiser les fonctionnalit\u00e9s des r\u00e9seaux sociaux et vous proposer des publicit\u00e9s personnalis\u00e9es. En poursuivant votre navigation sur ce site, vous acceptez lutilisation de cookies dans les conditions pr\u00e9vues par notre.. 2 Le site de rencontre classique, dans la lign\u00e9e du Minitel rose. Lenjeu de la rencontre est le pr\u00eat \u00e0 consommer Meetic, Badoo M7973.. Un perdreau dune semaine inscrit le 060520! vient \u00e0 peine de pointer son blaire quil veut nous la faire \u00e0 la redresse. Les travaux du Conseil et les d\u00e9cisions quil prend. \u00c0 chaque changement de manifeste, elle endosse un nouveau costume. LAssembl\u00e9e g\u00e9n\u00e9rale annuelle aura lieu le vendredi 23 octobre 2015 \u00e0 partir de 18h. 15 novembre 2019 \u00e0 7h00 mis \u00e0 jour le 15 novembre 2019 \u00e0 18h18 Je suis une femme raciste, classiste et jai lesprit le plus ferm\u00e9 du monde. <img decoding=\"async\" src=\"http:\/\/www.klimavtanpassning.cf\/fileadmin\/user_upload\/IMG_2271.JPG\" alt=\"rencontre entre intellos\" align=\"center\">  On parle du 1er mai en 1930 et 1934 dans les archives de l <img decoding=\"async\" src=\"http:\/\/www.petit-bulletin.fr\/multimedia\/articles\/120925_120925a.choplin5.JPG\" alt=\"rencontre entre intellos\" align=\"right\"> Activez les notifications et recevez les alertes! Zac Efrons est amoureux? La coiffure de lautomne rep\u00e9r\u00e9e \u00e0 la FashionWeek? Soyez la premi\u00e8re mise au courant!  Recevez nos derniers sujets directement sur votre adresse E-mail, une fois par semaine. En tant quabonn\u00e9, je serais favorable \u00e0 ce que cette vid\u00e9o reste en acc\u00e8s libre, non pas encore quelques jours, mais de mani\u00e8re p\u00e9renne  <img decoding=\"async\" src=\"http:\/\/www.bloghoptoys.fr\/wp-content\/uploads\/2015\/10\/photo-b%C3%A9atriceK-232x300.jpg\" alt=\"rencontre entre intellos\" align=\"center\"> LAigle \u00e0 deux t\u00eates, une pi\u00e8ce litt\u00e9raire mais pas intello Mouvement Black Lives Matter, statues c\u00e9l\u00e9brant des figures racistes d\u00e9boulonn\u00e9es et \u00e9volution de l\u00e9pid\u00e9mie au Br\u00e9sil.. La semaine du 6 juin 2020 en images. La gr\u00e8ve contre la r\u00e9forme des retraites bat des records. Initi\u00e9e le 5 d\u00e9cembre, elle est..<\/p>\n","protected":false},"excerpt":{"rendered":"<p>rencontre entre intellos<\/p>\n","protected":false},"author":1,"featured_media":0,"comment_status":"closed","ping_status":"closed","sticky":false,"template":"","format":"standard","meta":{"footnotes":""},"categories":[1],"tags":[],"_links":{"self":[{"href":"http:\/\/geodeta.gorzow.pl\/www\/wp-json\/wp\/v2\/posts\/1222"}],"collection":[{"href":"http:\/\/geodeta.gorzow.pl\/www\/wp-json\/wp\/v2\/posts"}],"about":[{"href":"http:\/\/geodeta.gorzow.pl\/www\/wp-json\/wp\/v2\/types\/post"}],"author":[{"embeddable":true,"href":"http:\/\/geodeta.gorzow.pl\/www\/wp-json\/wp\/v2\/users\/1"}],"replies":[{"embeddable":true,"href":"http:\/\/geodeta.gorzow.pl\/www\/wp-json\/wp\/v2\/comments?post=1222"}],"version-history":[{"count":1,"href":"http:\/\/geodeta.gorzow.pl\/www\/wp-json\/wp\/v2\/posts\/1222\/revisions"}],"predecessor-version":[{"id":1223,"href":"http:\/\/geodeta.gorzow.pl\/www\/wp-json\/wp\/v2\/posts\/1222\/revisions\/1223"}],"wp:attachment":[{"href":"http:\/\/geodeta.gorzow.pl\/www\/wp-json\/wp\/v2\/media?parent=1222"}],"wp:term":[{"taxonomy":"category","embeddable":true,"href":"http:\/\/geodeta.gorzow.pl\/www\/wp-json\/wp\/v2\/categories?post=1222"},{"taxonomy":"post_tag","embeddable":true,"href":"http:\/\/geodeta.gorzow.pl\/www\/wp-json\/wp\/v2\/tags?post=1222"}],"curies":[{"name":"wp","href":"https:\/\/api.w.org\/{rel}","templated":true}]}}