{"id":1226,"date":"2020-06-22T06:13:52","date_gmt":"2020-06-22T06:13:52","guid":{"rendered":"http:\/\/geodeta.gorzow.pl\/www\/?p=1226"},"modified":"2020-06-21T07:38:03","modified_gmt":"2020-06-21T07:38:03","slug":"rencontre-imam","status":"publish","type":"post","link":"http:\/\/geodeta.gorzow.pl\/www\/2020\/06\/22\/rencontre-imam\/","title":{"rendered":"Rencontre Imam"},"content":{"rendered":"<p>Vous devez vous connecter \u00e0 votre profil ou devenir membre de lassociation pour voir les membres inscrits et le forum de la sortie. Sandrine Salerno a \u00e9galement soulign\u00e9 limportance daller sur ces terrains dangereux en requestionnant les textes, pour sortir des dogmes et refuser les discours discriminatoires. Afin de replacer lindividu au centre de la soci\u00e9t\u00e9, quelle que soit sa religion, son orientation sexuelle, sa couleur de peau ou son genre. <img decoding=\"async\" src=\"http:\/\/image.dhgate.com\/albu_352353802_00-1.0x0\/a-person-s-a-person-dr-seuss-quote-vinyl.jpg\" alt=\"rencontre imam\" align=\"left\"> On ressort quelques p\u00e9pites des premiers num\u00e9ros de 360.. D\u00e9sol\u00e9 91.251.125.22, votre requ\u00eate ne peut pas aboutir. R\u00e9\u00e9couter Mon foyer va craquer \u00e9couter 28 min 28 min Quon puisse enregistrer les publicit\u00e9s que vous avez d\u00e9j\u00e0 vues afin que vous ne voyiez pas toujours la m\u00eame chose  Mon fr\u00e8re nadmet pas que je re\u00e7oive mon fils et son mari, mais je men fiche. Cest ma famille, je les aime. Maman de Ludovic This feature is not available right now. Please try again later. \u00c9tablir lordre dans lequel un visiteur visite les diff\u00e9rentes pages de notre site web Les articles les plus lus des 45 derniers jours dans la rubrique Tendances: D\u00e8s le d\u00e9but de la rencontre, le premier ministre a lou\u00e9 leur initiative. Votre d\u00e9claration \u00e9tait un d\u00e9but plus quimportant, mais nous devons b\u00e2tir sur cette base, a-t-il dit.  S E. Pr\u00e9sident Isma\u00efl Omar Guelleh a re\u00e7u dans son bureau au si\u00e8ge pr\u00e9sidentiel hier samedi 23071437 AH le recteur de lUniversit\u00e9 islamique de lImam Muhammad bin Saoud, ladjoint de luniversit\u00e9 pour l\u00e9change des connaissances et de la communication internationale Dr. Muhammad bin Said al-ilam, et leur d\u00e9l\u00e9gation qui laccompagne.  Le grand imam dAl-Azhar annule une rencontre avec le vice-pr\u00e9sident am\u00e9ricain-International-Angola Press-ANGOP Un rendez-vous sera fix\u00e9 avec un imam. Les mouqabalas physique ont lieu en \u00cele-de-France et \u00e0 Marseille. <img decoding=\"async\" src=\"http:\/\/www.lafontaineauxreligions.org\/http:\/\/www.lafontaineauxreligions.org\/wp-content\/20150121_214829-2.jpg\" alt=\"rencontre imam\" align=\"right\"> Vous pouvez partager vos connaissances en lam\u00e9liorant selon les recommandations des. Faire en sorte que notre site web reste gratuit en vous montrant \u00e9galement des publicit\u00e9s, Le si\u00e8cle le dernier a connu deux guerres mondiales qui ont tu\u00e9 plus de 70 millions de personnes et ceux qui sont arriv\u00e9s ensuite se sont vite rendu compte de labsurdit\u00e9 qui a conduit aux conflits et qui ne m\u00e9ritait pas une seule goutte du sang vers\u00e9, a-t-il insist\u00e9. <img decoding=\"async\" src=\"http:\/\/media.medias-presse.info\/wp-content\/uploads\/2016\/05\/pape_francois_imam_al_azhar.jpg\" alt=\"rencontre imam\" align=\"left\">.<\/p>\n","protected":false},"excerpt":{"rendered":"<p>rencontre imam<\/p>\n","protected":false},"author":1,"featured_media":0,"comment_status":"closed","ping_status":"closed","sticky":false,"template":"","format":"standard","meta":{"footnotes":""},"categories":[1],"tags":[],"_links":{"self":[{"href":"http:\/\/geodeta.gorzow.pl\/www\/wp-json\/wp\/v2\/posts\/1226"}],"collection":[{"href":"http:\/\/geodeta.gorzow.pl\/www\/wp-json\/wp\/v2\/posts"}],"about":[{"href":"http:\/\/geodeta.gorzow.pl\/www\/wp-json\/wp\/v2\/types\/post"}],"author":[{"embeddable":true,"href":"http:\/\/geodeta.gorzow.pl\/www\/wp-json\/wp\/v2\/users\/1"}],"replies":[{"embeddable":true,"href":"http:\/\/geodeta.gorzow.pl\/www\/wp-json\/wp\/v2\/comments?post=1226"}],"version-history":[{"count":1,"href":"http:\/\/geodeta.gorzow.pl\/www\/wp-json\/wp\/v2\/posts\/1226\/revisions"}],"predecessor-version":[{"id":1227,"href":"http:\/\/geodeta.gorzow.pl\/www\/wp-json\/wp\/v2\/posts\/1226\/revisions\/1227"}],"wp:attachment":[{"href":"http:\/\/geodeta.gorzow.pl\/www\/wp-json\/wp\/v2\/media?parent=1226"}],"wp:term":[{"taxonomy":"category","embeddable":true,"href":"http:\/\/geodeta.gorzow.pl\/www\/wp-json\/wp\/v2\/categories?post=1226"},{"taxonomy":"post_tag","embeddable":true,"href":"http:\/\/geodeta.gorzow.pl\/www\/wp-json\/wp\/v2\/tags?post=1226"}],"curies":[{"name":"wp","href":"https:\/\/api.w.org\/{rel}","templated":true}]}}