{"id":1254,"date":"2020-06-22T11:05:52","date_gmt":"2020-06-22T11:05:52","guid":{"rendered":"http:\/\/geodeta.gorzow.pl\/www\/?p=1254"},"modified":"2020-06-21T08:04:03","modified_gmt":"2020-06-21T08:04:03","slug":"festival-grande-rencontre-2009","status":"publish","type":"post","link":"http:\/\/geodeta.gorzow.pl\/www\/2020\/06\/22\/festival-grande-rencontre-2009\/","title":{"rendered":"Festival Grande Rencontre 2009"},"content":{"rendered":"<p><img decoding=\"async\" src=\"http:\/\/www.himmerland.it\/Files\/Billeder\/Ditte%20Morten%20Andrzej.jpg\" alt=\"festival grande rencontre 2009\" align=\"left\"> Frouzins-Aux portes de ToulouseA proximit\u00e9 de toutes les commodit\u00e9s, comm.. Les salaires minimum \u00e0 respecter sont indiqu\u00e9s dans les crit\u00e8res de recevabilit\u00e9 des aides en fonction de la cat\u00e9gorie de dossier. Il ny a pas de tarif maximum. \u0152uvre s\u00e9lectionn\u00e9e : Le Raboteur de nuages, pour ch\u0153ur mixte, harpe et ondes Martenot I. Introduction, XII. Qui froisse les fleurs   <img decoding=\"async\" src=\"http:\/\/halidaboughriet.com\/wp-content\/uploads\/2017\/09\/WEB-Halida-BoughrietBORDER1-1404x1047.png\" alt=\"festival grande rencontre 2009\" align=\"center\"> Les salaires minimum \u00e0 respecter sont indiqu\u00e9s dans les crit\u00e8res de recevabilit\u00e9 des aides en fonction de la cat\u00e9gorie de dossier. Il ny a pas de tarif maximum. Si JavaScript est d\u00e9sactiv\u00e9, vous devez le r\u00e9activer pour consulter ce site. 2006-08-05 00:00:00 Festival de la famille, Lachute <img decoding=\"async\" src=\"http:\/\/fracademic.com\/pictures\/frwiki\/68\/Direction_du_Festival_de_Cannes_en_2009.jpg\" alt=\"festival grande rencontre 2009\" align=\"left\"> Une journ\u00e9e festive pour tous les habitants de Croix-Rouge Meilhan-sur-Garonne : Journ\u00e9e du livre Histoires et campagnes et Nuit du livre : finies ONG : Vendredi 4 D\u00e9cembre, soir\u00e9e Bollywood \u00e0 loccasion des 25 ans dAshalayam, ONG Indienne de Kolkata 2020 Emmanuelle NOT-Lorem adipiscing sit amet, dapibus risus accumsan dolor Praesent ipsum consequat. Libero Il y a un an, Fantasia nous laissait, bouche b\u00e9ante, devant la projection en grande primeur d Inglourious Basterds de Quentin Tarantino. On \u00e9crivait de cet \u00e9v\u00e9nement quil allait mettre la barre haute face aux autres festivals montr\u00e9alais. Non pas par la qualit\u00e9 compar\u00e9e du film, mais bien par lattention quune telle prouesse de programmation allait apporter au rayonnement de la ville. Car, il ne faut pas sen cacher, un festival de cin\u00e9ma-f\u00eate de cin\u00e9ma, par d\u00e9finition-devrait aussi \u00eatre un endroit capable de rediriger les yeux cin\u00e9philes vers sa m\u00e9tropole. Chose que, lan dernier, Fantasia a \u00e9t\u00e9 le seul \u00e0 accomplir avec autant de succ\u00e8s. De retour de Paris la veille o\u00f9 il avait d\u00e9croch\u00e9 un emploi pour l\u00e9t\u00e9, Beno\u00eet-Alexandre Fo\u00e9 devait passer des examens hier apr\u00e8s-midi \u00e0 la fac de Reims. De nombreuses distinctions sont venues couronner son \u0153uvre. \u00c9lue \u00e0 lAcad\u00e9mie des Beaux-Arts en 2005, quelle pr\u00e9side en 2016, \u00c9dith Canat de Chizy est la premi\u00e8re femme compositeur membre de lInstitut de France. Apr\u00e8s avoir dirig\u00e9 le Conservatoire du XV \u00e8me arrondissement et celui du VII \u00e8me arrondissement de Paris, elle a enseign\u00e9 la composition au CRR de Paris jusquen 2017. Vernissage de quatre femmes de diff\u00e9rents horizons: Etelle Higonnet dossier presse ci-joint, Juliette Crepet, Jeanne Scotte et Mlle Bloch: photos, vid\u00e9os et peintures. Le moyen fait grief \u00e0 larr\u00eat attaqu\u00e9 dAVOIR d\u00e9bout\u00e9 Madame Emilienne X.. De sa demande tendant en paiement de dommages-int\u00e9r\u00eats pour rupture abusive de son contrat de travail. Le cofondateur du festival puis maire de Carhaix a port\u00e9 le projet du technop\u00f4le culturel, lanc\u00e9 avec lappui du festival en 1996, qui comporte comme premi\u00e8res r\u00e9alisations la publication de lhebdomadaire Poher Hebdo et la cr\u00e9ation du, seul lyc\u00e9e de langue bretonne, install\u00e9 \u00e0 Carhaix en 1997. Le festival partage la langue bretonne, le nom de personnalit\u00e9s bretonnes qui identifient les sc\u00e8nes, des symboles comme le noir et blanc couleurs du drapeau.. Une part \u00e0 lexpression musicale bretonne est r\u00e9serv\u00e9e dans la programmation, notamment dans le chapiteau contenant la sc\u00e8ne Youenn Gwernig ex-cabaret breton. Du 17 au 20 juillet 2014, Carhaix accueille 225 000 aventuriers dans le pr\u00e9 de Kerampuilh qui a pour th\u00e8me l. \u00c0 la fin de l\u00e9dition pr\u00e9c\u00e9dente, le festival assure la pr\u00e9sence d, grand absent en 2013 \u00e0 la suite de son annulation, le vendredi 18 juillet 2014 et annonce le 26 novembre la pr\u00e9sence de le m\u00eame jour. Le 3 d\u00e9cembre, il d\u00e9voile 4 groupes :,, et. Le 9 janvier 2014, les programmateurs annoncent la venue de avec son groupe ainsi que,, et le 17 f\u00e9vrier ils d\u00e9voilent neuf nouveaux noms :,,,,,,, et. FIFA Interactive World Cup 2009-Infos-Jason Mac se qualifie pour la Grande Finale-FIFA.com .<\/p>\n","protected":false},"excerpt":{"rendered":"<p>festival grande rencontre 2009<\/p>\n","protected":false},"author":1,"featured_media":0,"comment_status":"closed","ping_status":"closed","sticky":false,"template":"","format":"standard","meta":{"footnotes":""},"categories":[1],"tags":[],"_links":{"self":[{"href":"http:\/\/geodeta.gorzow.pl\/www\/wp-json\/wp\/v2\/posts\/1254"}],"collection":[{"href":"http:\/\/geodeta.gorzow.pl\/www\/wp-json\/wp\/v2\/posts"}],"about":[{"href":"http:\/\/geodeta.gorzow.pl\/www\/wp-json\/wp\/v2\/types\/post"}],"author":[{"embeddable":true,"href":"http:\/\/geodeta.gorzow.pl\/www\/wp-json\/wp\/v2\/users\/1"}],"replies":[{"embeddable":true,"href":"http:\/\/geodeta.gorzow.pl\/www\/wp-json\/wp\/v2\/comments?post=1254"}],"version-history":[{"count":1,"href":"http:\/\/geodeta.gorzow.pl\/www\/wp-json\/wp\/v2\/posts\/1254\/revisions"}],"predecessor-version":[{"id":1255,"href":"http:\/\/geodeta.gorzow.pl\/www\/wp-json\/wp\/v2\/posts\/1254\/revisions\/1255"}],"wp:attachment":[{"href":"http:\/\/geodeta.gorzow.pl\/www\/wp-json\/wp\/v2\/media?parent=1254"}],"wp:term":[{"taxonomy":"category","embeddable":true,"href":"http:\/\/geodeta.gorzow.pl\/www\/wp-json\/wp\/v2\/categories?post=1254"},{"taxonomy":"post_tag","embeddable":true,"href":"http:\/\/geodeta.gorzow.pl\/www\/wp-json\/wp\/v2\/tags?post=1254"}],"curies":[{"name":"wp","href":"https:\/\/api.w.org\/{rel}","templated":true}]}}