{"id":1377,"date":"2020-06-22T11:15:01","date_gmt":"2020-06-22T11:15:01","guid":{"rendered":"http:\/\/geodeta.gorzow.pl\/www\/?p=1377"},"modified":"2020-06-21T09:18:19","modified_gmt":"2020-06-21T09:18:19","slug":"rencontre-catalane","status":"publish","type":"post","link":"http:\/\/geodeta.gorzow.pl\/www\/2020\/06\/22\/rencontre-catalane\/","title":{"rendered":"Rencontre Catalane"},"content":{"rendered":"<p>Po\u00e8tes invit\u00e9s : Carles Duarte, Jorge N\u00e1jar, Jaime Siles, Alex Susanna, Luis Antonio de Villena Retour en images sur la 16\u00e8me Rencontre Europ\u00e9enne de Ferronnerie dArt UPA66-Maison de lArtisan Pendant mon absence mon t\u00e9l\u00e9phone fixe a du prendre le tonnerre ou na pas support\u00e9 les coupures d\u00e9lectricit\u00e9 intempestives. <img decoding=\"async\" src=\"http:\/\/capcatalogne.com\/wp-content\/uploads\/2017\/12\/ARITW2.jpg\" alt=\"rencontre catalane\" align=\"left\"> Eine Aktion, die Sie soeben ausgef\u00fchrt haben, hat eine Sicherheitswarnung ausgel\u00f6st. Ihr Zugriff auf diese Seite wurde blockiert. M\u00f6glicherweise haben Sie einen SQL-Befehl, ein bestimmtes Wort, einen bestimmten Ausdruck oder ung\u00fcltige Daten eingereicht. Wenn dies andauert, erstellen Sie eine HTTP-Archivdatei, in der das Produkt reproduziert wird, und senden Sie sie dann an uns. <img decoding=\"async\" src=\"http:\/\/www.equinoxmagazine.fr\/wp-content\/uploads\/2017\/03\/barcelone.png\" alt=\"rencontre catalane\" align=\"center\"> Les Cadres Catalans de Paris se sont retrouv\u00e9s pour cette soir\u00e9e mensuelle au Wine Business CLub anim\u00e9e par Alain Marty Le CESER Occitanie rencontre ses homologues des Bal\u00e9ares et de la Catalogne. Lactivit\u00e9 du soir a \u00e9t\u00e9 une mise en commun de nos talents artistiques. Nous avons fait un festival de musique pr\u00e9par\u00e9 par chaque \u00e9cole. Tous ensemble nous avons pris plaisir \u00e0 une belle veill\u00e9e partag\u00e9e. Ind\u00e9pendante, aimant la vie. Desire rencontrer un homme pour partager Fehap-La FEHAP rencontre le S\u00e9nateur SOL \u00e0 la Clinique Mutualiste Catalane recherche, les initiatives locales et donneront la parole aux Pour notre nouvelle rencontre \u00e9co, nous nous retrouverons autour de Monsieur POIRRIER, Pr\u00e9sident de la c\u00e9l\u00e8bre entreprise catalane CEMOI. Journ\u00e9e nationale de la d\u00e9portation : comme chaque ann\u00e9e le dernier dimanche la France se souvient de ses d\u00e9port\u00e9s et d\u00e9nonce le nazisme, lantis\u00e9mitisme C\u00e9r\u00e9monie \u00e0 Elne dimanche 28 avril! Le gouvernement espagnol a d\u00e9fini un plan de retour \u00e0 normalit\u00e9 pour encadrer la fin de la crise sanitaire du COVID-19. Lactivation du JavaScript est requise pour optimiser le fonctionnement de ce site web. Consultez la page pour plus dinformation.    Entr\u00e9e libre dans la limite des places disponibles. Inscription indispensable aupr\u00e8s du secr\u00e9tariat avant le 10 mars Cet avis est lopinion subjective dun membre de TripAdvisor et non de TripAdvisor LLC. <img decoding=\"async\" src=\"http:\/\/www.equinoxmagazine.fr\/wp-content\/uploads\/2018\/01\/rajoy-et-puigdemont.jpg\" alt=\"rencontre catalane\" align=\"right\"> Page non trouv\u00e9e Perpignan la Catalane, Perpiny\u00e0 la Catalana Cest pourquoi, \u00e0 partir de cette semaine, nous allons publier des interviews de producteurs du monde entier. Alors que les r\u00e9coltes commencent en ce moment m\u00eame et que leur pays est confront\u00e9 au Covid, nous leur donnons la parole pour que vous puissiez les conna\u00eetre un peu plus et d\u00e9couvrir le c\u00f4t\u00e9 humain derri\u00e8re leurs tasses. Pour cette nouvelle rencontre \u00e9co, les cadres catalans de Paris ont \u00e9t\u00e9 re\u00e7u \u00e0 lAssembl\u00e9e Nationale par Monsieur le D\u00e9put\u00e9 Jacques CRESTA. Les d\u00e9bats ont port\u00e9 sur l\u00e9conomie du d\u00e9partement et les actions de Monsieur le D\u00e9put\u00e9 \u00e0 lAssembl\u00e9e. Le leader de la formation dopposition \u00e9voque de bonnes chances que le gouvernement Trudeau revoie sa d\u00e9cision. On demande que M. Trudeau respecte les valeurs de libert\u00e9, de d\u00e9mocratie et de droits humains, des valeurs dont il se revendique lui-m\u00eame, a soutenu M Blanchet. Des ann\u00e9es de combat Installez lapplication sur votre Iphone : cliquez ci-dessous puis Ajouter \u00e0 l\u00e9cran daccueil \u00e0 partir de Safari.<\/p>\n","protected":false},"excerpt":{"rendered":"<p>rencontre catalane<\/p>\n","protected":false},"author":1,"featured_media":0,"comment_status":"closed","ping_status":"closed","sticky":false,"template":"","format":"standard","meta":{"footnotes":""},"categories":[1],"tags":[],"_links":{"self":[{"href":"http:\/\/geodeta.gorzow.pl\/www\/wp-json\/wp\/v2\/posts\/1377"}],"collection":[{"href":"http:\/\/geodeta.gorzow.pl\/www\/wp-json\/wp\/v2\/posts"}],"about":[{"href":"http:\/\/geodeta.gorzow.pl\/www\/wp-json\/wp\/v2\/types\/post"}],"author":[{"embeddable":true,"href":"http:\/\/geodeta.gorzow.pl\/www\/wp-json\/wp\/v2\/users\/1"}],"replies":[{"embeddable":true,"href":"http:\/\/geodeta.gorzow.pl\/www\/wp-json\/wp\/v2\/comments?post=1377"}],"version-history":[{"count":1,"href":"http:\/\/geodeta.gorzow.pl\/www\/wp-json\/wp\/v2\/posts\/1377\/revisions"}],"predecessor-version":[{"id":1378,"href":"http:\/\/geodeta.gorzow.pl\/www\/wp-json\/wp\/v2\/posts\/1377\/revisions\/1378"}],"wp:attachment":[{"href":"http:\/\/geodeta.gorzow.pl\/www\/wp-json\/wp\/v2\/media?parent=1377"}],"wp:term":[{"taxonomy":"category","embeddable":true,"href":"http:\/\/geodeta.gorzow.pl\/www\/wp-json\/wp\/v2\/categories?post=1377"},{"taxonomy":"post_tag","embeddable":true,"href":"http:\/\/geodeta.gorzow.pl\/www\/wp-json\/wp\/v2\/tags?post=1377"}],"curies":[{"name":"wp","href":"https:\/\/api.w.org\/{rel}","templated":true}]}}