{"id":1417,"date":"2020-06-22T04:03:15","date_gmt":"2020-06-22T04:03:15","guid":{"rendered":"http:\/\/geodeta.gorzow.pl\/www\/?p=1417"},"modified":"2020-06-21T09:54:28","modified_gmt":"2020-06-21T09:54:28","slug":"rencontre-internationale-st-imier","status":"publish","type":"post","link":"http:\/\/geodeta.gorzow.pl\/www\/2020\/06\/22\/rencontre-internationale-st-imier\/","title":{"rendered":"Rencontre Internationale St Imier"},"content":{"rendered":"<p> Etant donn\u00e9 la forme \u00e9clat\u00e9e du mouvement anarchiste, aucune r\u00e9solution commune na \u00e9t\u00e9 adopt\u00e9e \u00e0 lissue de la rencontre. Reste que la manifestation a permis de faire converger vers une certaine unit\u00e9 des mouvements de tendances tr\u00e8s \u00e9loign\u00e9es, note Arthur Auderset. Egalement : rencontre avec un militant am\u00e9ricain des IWW impliqu\u00e9 La manifestation de cinq jours a suscit\u00e9 non seulement un int\u00e9r\u00eat aupr\u00e8s des anarchistes de toute la plan\u00e8te mais \u00e9galement aupr\u00e8s des m\u00e9dias. Une septantaine de journalistes, dont de nombreux de l\u00e9tranger, se sont accr\u00e9dit\u00e9s pour suivre l\u00e9v\u00e9nement \u00e0 St-Imier. <img decoding=\"async\" src=\"http:\/\/www.lexpress.fr\/medias\/443\/grece-emeutes_415.jpg\" alt=\"rencontre internationale st imier\" align=\"right\"> imier-Translation into French-examples English Reverso Context <img decoding=\"async\" src=\"http:\/\/www.musee-de-saint-imier.ch\/MSI\/Exposition_files\/shapeimage_14.png\" alt=\"rencontre internationale st imier\" align=\"left\">  Si vous aviez manqu\u00e9 linfo SaintGobain est fier douvrir son centre dapprentissage, pour l Le dernier paragraphe de ton intervention du 28 ao\u00fbt est typique des anarchistes qui semblent toujours mettre au m\u00eame niveau les communistes staliniens et les fascistes dans le cadre de la guerre dEspagne en particulier. Ceci est faux. Car en effet cela rejoint lid\u00e9e d\u00e9velopp\u00e9e dans le film de Ken Loach: Land and Freedom ou la chute de lEspagne r\u00e9publicaine est la faute des affrontements entre mouvements de gauche en Catalogne en 1938. Cest tr\u00e8s, trop, simplificateur de lhistoire de la guerre dEspagne. Rencontre internationale de lanarchisme St. Imier-Le Blog du groupe Proudhon de la F\u00e9d\u00e9ration anarchiste Besan\u00e7on Jeanine, groupe Pavillon noir de la F\u00e9d\u00e9ration anarchiste Consid\u00e9rant dautre part que linstitution du Conseil g\u00e9n\u00e9ral dans lInternationale est, par sa nature m\u00eame et fatalement pouss\u00e9e \u00e0 devenir une violation permanente de cette libert\u00e9 qui doit \u00eatre la base fondamentale de notre grande Association ; consid\u00e9rant que les actes du Conseil g\u00e9n\u00e9ral de Londres, qui vient d\u00eatre dissout, pendant ces trois derni\u00e8res ann\u00e9es, sont la preuve vivante du vice inh\u00e9rent \u00e0 cette institution; que, pour augmenter sa puissance dabord tr\u00e8s minime, il a eu recours aux intrigues, aux mensonges, aux calomnies les plus inf\u00e2mes pour tenter de salir tous ceux qui ont os\u00e9 le combattre; que pour arriver \u00e0 laccomplissement final de ses vues, il a pr\u00e9par\u00e9 de longue main le congr\u00e8s de La Haye, dont la majorit\u00e9, artificiellement organis\u00e9e, na \u00e9videmment eu dautre but que de faire triompher, dans lInternationale, la domination dun parti autoritaire, et que, pour atteindre ce but, elle na pas craint de fouler aux pieds toute d\u00e9cence et toute justice; quun tel congr\u00e8s ne peut pas \u00eatre lexpression du prol\u00e9tariat des pays qui sy sont fait repr\u00e9senter: le congr\u00e8s des d\u00e9l\u00e9gu\u00e9s des f\u00e9d\u00e9rations espagnole, italienne, jurassienne, am\u00e9ricaine et fran\u00e7aise, r\u00e9uni \u00e0 Saint-Imier, d\u00e9clare repousser absolument toutes les r\u00e9solutions du congr\u00e8s de La Haye, et pour sauver et fortifier davantage lunit\u00e9 de lInternationale, les d\u00e9l\u00e9gu\u00e9s ont jet\u00e9 les bases dun projet de pacte de solidarit\u00e9 entre ces f\u00e9d\u00e9rations. Un fait divers, une situation exceptionnelle, une photo insolite ou cocasse.. Soyez nos t\u00e9moins! Montardy. Organis\u00e9s par lassociation Via Brachy, en partenariat 8-12 ao\u00fbt 2012 St-Imier Suisse Ces rencontres ne seront pas seulement loccasion de comm\u00e9morer le pass\u00e9, de d\u00e9battre de lhistoire et des pens\u00e9es fondatrices qui nont, pour beaucoup, pas perdu de valeur. Elles seront aussi loccasion dinterroger le pr\u00e9sent et ses innombrables mutations et de regarder vers lavenir. Il sera projet\u00e9 en avant-premi\u00e8re le 25 novembre, \u00e0 21 heures, La libert\u00e9 et le travail sont la base de la morale, de la force, de la vie et de la richesse de lavenir. Mais le travail, sil nest pas librement organis\u00e9, devient oppressif et improductif pour le travailleur; et cest pour cela que lorganisation du travail est la condition indispensable de la v\u00e9ritable et compl\u00e8te \u00e9mancipation de louvrier. Cependant, le travail ne peut sexercer librement sans la possession des mati\u00e8res premi\u00e8res et de tout le capital social, et ne peut sorganiser si louvrier, s\u00e9mancipant de la tyrannie politique et \u00e9conomique, ne conquiert le droit de se d\u00e9velopper compl\u00e8tement dans toutes ses facult\u00e9s. Tout \u00c9tat, cest-\u00e0-dire tout gouvernement et toute administration des masses populaires, de haut en bas, \u00e9tant n\u00e9cessairement fond\u00e9 sur la bureaucratie, sur les arm\u00e9es, sur lespionnage, sur le clerg\u00e9, ne pourra jamais \u00e9tablir la soci\u00e9t\u00e9 organis\u00e9e sur le travail et sur la justice, puisque par la nature m\u00eame de son organisme, il est pouss\u00e9 fatalement \u00e0 opprimer celui-l\u00e0 et \u00e0 nier celle-ci. Et acc\u00e9dez \u00e0 dautres services exclusifs jeux-concours, \u00e9v\u00e9nements  \u00c0 cette somme rondelette sajoute une indemnit\u00e9 repr\u00e9sentative de frais de mandat, avec 6 412 euros brut par mois, pour les diverses d\u00e9penses li\u00e9es au mandat : bagnole, loyer, frais de r\u00e9ception, dhabillement il convient en effet, lorsquon vit de lesbroufe consistant \u00e0 pr\u00e9tendre incarner la nation toute enti\u00e8re, de ne pas vivre comme de vulgaires prol\u00e9taires. La Renaissance italienne, le surr\u00e9alisme et la peinture <img decoding=\"async\" src=\"http:\/\/www.cathberne.ch\/fileadmin\/_processed_\/csm_2015-05-30_14.51.19_9377eb5cc4.jpg\" alt=\"rencontre internationale st imier\" align=\"center\"> Nous avons choisi une approche diff\u00e9rente. La soutiendrez-vous? Les suites attendues ne manquent pas de panache! Vindiou.Tout \u00e9tait sur place, la police y compris! Certes lentartage nest pas dune extraordinaire violence; mais on se d\u00e9lectera avec ce sursaut dans le sc\u00e9nario. Contribuite ad indymedia pubblicando i vostri contributi.<\/p>\n","protected":false},"excerpt":{"rendered":"<p>rencontre internationale st imier<\/p>\n","protected":false},"author":1,"featured_media":0,"comment_status":"closed","ping_status":"closed","sticky":false,"template":"","format":"standard","meta":{"footnotes":""},"categories":[1],"tags":[],"_links":{"self":[{"href":"http:\/\/geodeta.gorzow.pl\/www\/wp-json\/wp\/v2\/posts\/1417"}],"collection":[{"href":"http:\/\/geodeta.gorzow.pl\/www\/wp-json\/wp\/v2\/posts"}],"about":[{"href":"http:\/\/geodeta.gorzow.pl\/www\/wp-json\/wp\/v2\/types\/post"}],"author":[{"embeddable":true,"href":"http:\/\/geodeta.gorzow.pl\/www\/wp-json\/wp\/v2\/users\/1"}],"replies":[{"embeddable":true,"href":"http:\/\/geodeta.gorzow.pl\/www\/wp-json\/wp\/v2\/comments?post=1417"}],"version-history":[{"count":1,"href":"http:\/\/geodeta.gorzow.pl\/www\/wp-json\/wp\/v2\/posts\/1417\/revisions"}],"predecessor-version":[{"id":1418,"href":"http:\/\/geodeta.gorzow.pl\/www\/wp-json\/wp\/v2\/posts\/1417\/revisions\/1418"}],"wp:attachment":[{"href":"http:\/\/geodeta.gorzow.pl\/www\/wp-json\/wp\/v2\/media?parent=1417"}],"wp:term":[{"taxonomy":"category","embeddable":true,"href":"http:\/\/geodeta.gorzow.pl\/www\/wp-json\/wp\/v2\/categories?post=1417"},{"taxonomy":"post_tag","embeddable":true,"href":"http:\/\/geodeta.gorzow.pl\/www\/wp-json\/wp\/v2\/tags?post=1417"}],"curies":[{"name":"wp","href":"https:\/\/api.w.org\/{rel}","templated":true}]}}