{"id":1515,"date":"2020-06-22T01:52:16","date_gmt":"2020-06-22T01:52:16","guid":{"rendered":"http:\/\/geodeta.gorzow.pl\/www\/?p=1515"},"modified":"2020-06-21T11:21:46","modified_gmt":"2020-06-21T11:21:46","slug":"rencontre-au-pair-berlin","status":"publish","type":"post","link":"http:\/\/geodeta.gorzow.pl\/www\/2020\/06\/22\/rencontre-au-pair-berlin\/","title":{"rendered":"Rencontre Au Pair Berlin"},"content":{"rendered":"<p>Pour acc\u00e9der aux disponibilit\u00e9s de Cl\u00e9mentine, vous devez \u00eatre membre, profitez-en cest gratuit Si nous avions obtenu un sauf-conduit pour eux, nous aurions pu, mon.. Parfois, je vais en promenade avec les plus grands, bien s\u00fbr je ne sais pas encore marcher, cest.. Jai voulu mettre en place avec les enfants une esp\u00e8ce de pancarte expliquant les relations franco-allemandes. Ils nont pas voulu. <img decoding=\"async\" src=\"http:\/\/www.galerieheim.ch\/img\/FUESSLI_La-rencontre-de-Huon-de-Bordeaux-et-de-ScherasminWP.jpg\" alt=\"rencontre au pair berlin\" align=\"left\"> Jai v\u00e9cu une exp\u00e9rience inoubliable. Jai aim\u00e9 d\u00e9couvrir la culture am\u00e9ricaine, vivre chez lhabitant et dans une ville si belle, aller \u00e0 l\u00e9cole pour apprendre langlais, rencontrer des nouvelles personnes. Jai aim\u00e9 grandir et apprendre chaque jour quelque chose de nouveau. Cette aventure ma permis dapprendre \u00e0 me conna\u00eetre davantage, faire face \u00e0 moi-m\u00eame, \u00e0 conna\u00eetre mes limites. Einfuhr, fielen mir als erstes die vielen Kamine auf den Hausd\u00e4chern auf. Lavey \u00e0 Vevey, vous pouvez vous adresser \u00e0 Cathy Schmid, responsable. Les lunettes sont tr\u00e8s belles et jadore le concept Care.com est un site o\u00f9 les familles et les intervenants peuvent entrer en contact. Nous ne mettons pas directement en contact les familles et les intervenants, ni ne s\u00e9lectionnons dannonce pour les intervenants ou de profil dintervenant \u00e0 destination des familles Care.com ne v\u00e9rifie pas lidentit\u00e9 ou la v\u00e9racit\u00e9 des informations communiqu\u00e9es par les familles ou les intervenants. Pour plus dinformations sur la v\u00e9rification de lidentit\u00e9 et des informations post\u00e9s par les autres membres, nous vous invitons \u00e0 visiter notre Centre de S\u00e9curit\u00e9. <img decoding=\"async\" src=\"http:\/\/businessofeminin.com\/wp-content\/uploads\/2013\/11\/Mathilde-Lacombe.jpg\" alt=\"rencontre au pair berlin\" align=\"right\">  R\u00e9servez autant de s\u00e9jours que vous le souhaitez pendant un an. Il peut sagir dun \u00e9change linguistique, de partager la vie dune famille, daccueil avec cours individuels chez un professeur de langue, ou dentra\u00eenement \u00e0 la conversation avec une Au Pair Linguistique que vous recevez chez vous. LITS \u00c0 BALDAQUIN POUR TOUS, SPECTACULAIRE DANS LUNE DES AMANTAKA SUITES photo Mr. TRIPPER En novembre 2001, elle est choisie apr\u00e8s un casting pour \u00eatre la nouvelle animatrice de. Jusquen 2004, en alternance avec, elle pr\u00e9sente l\u00e9mission de lapr\u00e8s-midi Interaktiv. Ma famille au pair \u00e9tant franco-allemande, je parlais fran\u00e7ais avec les enfants. Heureusement, jai rencontr\u00e9 des Allemands avec qui je pouvais pratiquer la langue. Toutefois, jai certainement moins progress\u00e9 que si javais \u00e9t\u00e9 en immersion totale dans la langue de Goethe comme ce fut le cas ensuite lors de mon s\u00e9jour au pair en Autriche. Tous les matins jai trois heures de cours dallemand dans une \u00e9cole, et tous les apr\u00e8s midi je moccupe dune petite fille de 4 ans 3 ans et demi quand je suis arriv\u00e9e qui va \u00e0 la cr\u00e8che l\u00e9cole commence \u00e0 6 ans en Allemagne. Mon r\u00f4le est essentiellement daller la chercher \u00e0 la cr\u00e8che, de lemmener \u00e0 ses activit\u00e9s danse, musique, dessin, au parc et de jouer avec elle. Mes t\u00e2ches m\u00e9nag\u00e8res ne concernent que mon appart, la famille a d\u00e9j\u00e0 une femme de m\u00e9nage. Jai le samedi et le dimanche de libre, sauf de temps en temps o\u00f9 je fais du babysitting le samedi soir, mais cest assez rare. Coup moins attach\u00e9s \u00e0 l\u00e9tiquette quici. Et d\u00e9tail qui a son importance, la vie y est bien moins ch\u00e8re. Allo La Plan\u00e8te 79 avec Constance, Astrid, Ma\u00eblys et Beverly Mais tout cela ne nous proccupait pas outre mesure. Nous tions  caract\u00e8re absurde de sa crainte, il ne peut ni se raisonner, ni se maitriser. Il en r\u00e9sulte en <img decoding=\"async\" src=\"http:\/\/cdn.purple.fr\/91c386bf23ca7fff7ae237bef3ffa414\/static.purple.fr\/2018\/03\/UNGER-MARTENS-02-copie-200x300.jpg\/300x300\/UNGER-MARTENS-02-copie-200x300.jpg\" alt=\"rencontre au pair berlin\" align=\"center\">  R\u00e9cit de sa vie dErasmus dans la capitale allemande. 50 euros pour le cours de langue un titre de transport pour voyager aux cours de langue De retour en France, Sophie est partie en Australie avec un permis vacances travail. Beverly a quant \u00e0 elle obtenu le visa Working Holiday au Canada. Elle senvole dans les prochaines semaines. De Cet article est partiellement ou en totalit\u00e9 issu de larticle de Wikip\u00e9dia en intitul\u00e9. Merci pour votre suggestion. Nous allons \u00e9tudier votre modification. Rencontrez en un lieu unique tous ceux qui vous aideront \u00e0 bien choisir votre future formation ou \u00e0 d\u00e9couvrir des m\u00e9tiers et leurs perspectives : E-mail obligatoire adresse strictement confidentielle.<\/p>\n","protected":false},"excerpt":{"rendered":"<p>rencontre au pair berlin<\/p>\n","protected":false},"author":1,"featured_media":0,"comment_status":"closed","ping_status":"closed","sticky":false,"template":"","format":"standard","meta":{"footnotes":""},"categories":[1],"tags":[],"_links":{"self":[{"href":"http:\/\/geodeta.gorzow.pl\/www\/wp-json\/wp\/v2\/posts\/1515"}],"collection":[{"href":"http:\/\/geodeta.gorzow.pl\/www\/wp-json\/wp\/v2\/posts"}],"about":[{"href":"http:\/\/geodeta.gorzow.pl\/www\/wp-json\/wp\/v2\/types\/post"}],"author":[{"embeddable":true,"href":"http:\/\/geodeta.gorzow.pl\/www\/wp-json\/wp\/v2\/users\/1"}],"replies":[{"embeddable":true,"href":"http:\/\/geodeta.gorzow.pl\/www\/wp-json\/wp\/v2\/comments?post=1515"}],"version-history":[{"count":1,"href":"http:\/\/geodeta.gorzow.pl\/www\/wp-json\/wp\/v2\/posts\/1515\/revisions"}],"predecessor-version":[{"id":1516,"href":"http:\/\/geodeta.gorzow.pl\/www\/wp-json\/wp\/v2\/posts\/1515\/revisions\/1516"}],"wp:attachment":[{"href":"http:\/\/geodeta.gorzow.pl\/www\/wp-json\/wp\/v2\/media?parent=1515"}],"wp:term":[{"taxonomy":"category","embeddable":true,"href":"http:\/\/geodeta.gorzow.pl\/www\/wp-json\/wp\/v2\/categories?post=1515"},{"taxonomy":"post_tag","embeddable":true,"href":"http:\/\/geodeta.gorzow.pl\/www\/wp-json\/wp\/v2\/tags?post=1515"}],"curies":[{"name":"wp","href":"https:\/\/api.w.org\/{rel}","templated":true}]}}