{"id":1541,"date":"2020-06-22T05:26:38","date_gmt":"2020-06-22T05:26:38","guid":{"rendered":"http:\/\/geodeta.gorzow.pl\/www\/?p=1541"},"modified":"2020-06-21T11:41:55","modified_gmt":"2020-06-21T11:41:55","slug":"rencontre-nationale-nos-quartiers-ont-talents","status":"publish","type":"post","link":"http:\/\/geodeta.gorzow.pl\/www\/2020\/06\/22\/rencontre-nationale-nos-quartiers-ont-talents\/","title":{"rendered":"Rencontre Nationale Nos Quartiers Ont Talents"},"content":{"rendered":"<p> <img decoding=\"async\" src=\"http:\/\/docplayer.fr\/docs-images\/40\/3903935\/images\/page_1.jpg\" alt=\"rencontre nationale nos quartiers ont talents\" align=\"center\"> La situation sanitaire s\u00e9tant am\u00e9lior\u00e9e sur notre territoire, les demandes de tests COVID sont en baisse et le flux peut \u00eatre g\u00e9r\u00e9 par les laboratoires danalyses. Le collectif de la Huppe est n\u00e9 dans le d\u00e9partement de la Dr\u00f4me en janvier 2019. Issu du travail men\u00e9 par Aequitaz sur ce territoire depuis 2014 avec les collectifs.. 11052016 : Parcours dinsertion et acc\u00e8s \u00e0 lemploi, un enjeu que nous partageons 31 mai \u00e0 lArchipel.. Autre enjeu de ces conventions, soutenir lexpertise universitaire, linnovation, la recherche et les transferts de technologie-notamment dans le domaine de la cr\u00e9ation, de limage et du num\u00e9rique o\u00f9 la Seine-Saint-Denis conna\u00eet un fort d\u00e9veloppement, porteur davenir. Les universit\u00e9s seront ainsi associ\u00e9es aux projets de p\u00e9pini\u00e8res dentreprises num\u00e9riques. En 2000 le a \u00e9t\u00e9 organis\u00e9 \u00e0 Dakar, sous l\u00e9gide de l. Opening drink after office refurbishment! projectccompleted La Fonda organise luniversit\u00e9 Faire ensemble 2020 les 7 et 8 avril \u00e0 la Halle Pajol, \u00e0 Paris. <img decoding=\"async\" src=\"http:\/\/img.over-blog-kiwi.com\/0\/82\/48\/38\/20160430\/ob_610c1e_img-20160430-130042.jpg\" alt=\"rencontre nationale nos quartiers ont talents\" align=\"right\"> <img decoding=\"async\" src=\"http:\/\/www.take.christianhydrick.com\/Fiches\/ce1\/numeration-calcul\/images\/cijlqibkha.jpg\" alt=\"rencontre nationale nos quartiers ont talents\" align=\"left\"> NQT propose \u00e9galement aux jeunes dipl\u00f4m\u00e9s de suivre un parcours de r\u00e9ussite complet en participant \u00e0 des ateliers organis\u00e9s avec ses partenaires : d\u00e9couverte m\u00e9tiers, rencontres recrutement, transf\u00e9rabilit\u00e9 de comp\u00e9tences, coaching collectif. En sexprimant devant le Congr\u00e8s des maires, le 19 novembre, le Premier ministre, entour\u00e9 de nombreux membres du Gouvernement, a pr\u00e9sent\u00e9 six d\u00e9cisions, prises sous lautorit\u00e9 du Pr\u00e9sident de la R\u00e9publique, pour engager concr\u00e8tement lEtat dans la voie de l\u00e9galit\u00e9 des territoires :  GNIAC dans son r\u00f4le dimpulseur et de catalyseur : linnovation collaborative entre gniacqueurs! Textiles-Equipements de Terrain-Mat\u00e9riels-H\u00e9bergements-V\u00e9hicules-Aides Humanitaire-Secourisme Plus dinfo sur les pl\u00e9ni\u00e8re GNIAC ici : https:www.gniac.frfrplenieres-gniac 06042016 : D\u00e9couvrez la cha\u00eene Chasseurs de lemploi Le Pr\u00e9sident Ren\u00e9 Ruols, Pr\u00e9sident de TEDIS Territoires et Dialogue Social me charge de vous inviter \u00e0 participer au prochain petit d\u00e9jeuner de TEDIS. Gr\u00e2ce \u00e0 lengagement de ces professionnels, chaque b\u00e9n\u00e9ficiaire acquiert les savoirs fondamentaux n\u00e9cessaires en entreprises, peaufine sa recherche demploi et construit un r\u00e9seau. Jean-Fran\u00e7ois Cordet, pr\u00e9fet du Nord, a particip\u00e9 le mardi 30 septembre \u00e0 la rencontre r\u00e9gionale nos quartiers ont des talents accompagn\u00e9 de Kl\u00e9ber Arhoul, pr\u00e9fet d\u00e9l\u00e9gu\u00e9 pour l\u00e9galit\u00e9 des chances, aux c\u00f4t\u00e9s de Raynald Rimbault, vice-pr\u00e9sident cofondateur de NQT. D\u00e8s quil aura pr\u00e9sent\u00e9 son titre de transport au conducteur, votre enfant sera invit\u00e9 \u00e0 se placer \u00e0 lendroit indiqu\u00e9 un si\u00e8ge sur deux, en quinconce. You are using Internet Explorer 6.0 or older to view the web. La fatigue et la lassitude pour certains, le deuil et le chagrin pour dautres. \u00c0 linvitation de nos amis de G\u00e9n\u00e9ration2Conseil, nous vous invitons \u00e0 participer \u00e0 l\u00e9v\u00e9nement : Journ\u00e9e OZP 2013. Enseigner, \u00e9duquer, faire r\u00e9ussir en \u00e9ducation prioritaire :.. Ce sera possible gr\u00e2ce \u00e0 nos importations et gr\u00e2ce \u00e0 la formidable mobilisation dentrepreneurs et de salari\u00e9s partout sur le territoire pour produire massivement ce type de masques. .<\/p>\n","protected":false},"excerpt":{"rendered":"<p>rencontre nationale nos quartiers ont talents<\/p>\n","protected":false},"author":1,"featured_media":0,"comment_status":"closed","ping_status":"closed","sticky":false,"template":"","format":"standard","meta":{"footnotes":""},"categories":[1],"tags":[],"_links":{"self":[{"href":"http:\/\/geodeta.gorzow.pl\/www\/wp-json\/wp\/v2\/posts\/1541"}],"collection":[{"href":"http:\/\/geodeta.gorzow.pl\/www\/wp-json\/wp\/v2\/posts"}],"about":[{"href":"http:\/\/geodeta.gorzow.pl\/www\/wp-json\/wp\/v2\/types\/post"}],"author":[{"embeddable":true,"href":"http:\/\/geodeta.gorzow.pl\/www\/wp-json\/wp\/v2\/users\/1"}],"replies":[{"embeddable":true,"href":"http:\/\/geodeta.gorzow.pl\/www\/wp-json\/wp\/v2\/comments?post=1541"}],"version-history":[{"count":1,"href":"http:\/\/geodeta.gorzow.pl\/www\/wp-json\/wp\/v2\/posts\/1541\/revisions"}],"predecessor-version":[{"id":1542,"href":"http:\/\/geodeta.gorzow.pl\/www\/wp-json\/wp\/v2\/posts\/1541\/revisions\/1542"}],"wp:attachment":[{"href":"http:\/\/geodeta.gorzow.pl\/www\/wp-json\/wp\/v2\/media?parent=1541"}],"wp:term":[{"taxonomy":"category","embeddable":true,"href":"http:\/\/geodeta.gorzow.pl\/www\/wp-json\/wp\/v2\/categories?post=1541"},{"taxonomy":"post_tag","embeddable":true,"href":"http:\/\/geodeta.gorzow.pl\/www\/wp-json\/wp\/v2\/tags?post=1541"}],"curies":[{"name":"wp","href":"https:\/\/api.w.org\/{rel}","templated":true}]}}