{"id":1575,"date":"2020-06-22T01:10:01","date_gmt":"2020-06-22T01:10:01","guid":{"rendered":"http:\/\/geodeta.gorzow.pl\/www\/?p=1575"},"modified":"2020-06-21T12:10:24","modified_gmt":"2020-06-21T12:10:24","slug":"rencontre-bus-62","status":"publish","type":"post","link":"http:\/\/geodeta.gorzow.pl\/www\/2020\/06\/22\/rencontre-bus-62\/","title":{"rendered":"Rencontre Bus 62"},"content":{"rendered":"<p>Fr\u00e9quentation 400 par rapport \u00e0 une journ\u00e9e normale sur son <img decoding=\"async\" src=\"http:\/\/img.over-blog-kiwi.com\/800x500-ct\/1\/89\/64\/62\/20160115\/ob_fb1b27_bangkok-2.JPG\" alt=\"rencontre bus 62\" align=\"center\"> A loccasion de la journ\u00e9e nationale du 9 d\u00e9cembre, le SNUipp-FSU rappelle que si les valeurs de la la\u00efcit\u00e9 doivent senseigner, elles doivent avant tout se vivre au quotidien dans les classes et irriguer lensemble de la soci\u00e9t\u00e9 P\u00e9cresse. 13092019 \u00e0 05:36 La r\u00e9forme des retraites sera combattue lundi par dautres professions Se rendre en bus au Salon International de lAgriculture naura jamais \u00e9t\u00e9 aussi facile! 18 janvier : Calais Sp\u00e9cial RASED salle maison des associations  Apr\u00e8s dix ann\u00e9es de gouvernement de droite dont un quinquennat qui a conduit l\u00e9cole dans le mur, les fran\u00e7ais ont tranch\u00e9. Hier, dimanche 6 mai, ils ont mis fin \u00e0 une politique qui, dans l\u00e9ducation, sest traduite par 80 000.. Bus Arc-en-ciel du Conseil D\u00e9partemental Mairie de Blagnac Rentr\u00e9e 2015 pour la maternelle et rentr\u00e9e 2016 pour l\u00e9l\u00e9mentaire. Le ministre vient de d\u00e9cider de reporter les nouveaux programmes dun an. De son c\u00f4t\u00e9, le SNUipp-FSU a obtenu de premiers changements pour la rentr\u00e9e prochaine. Nous parlerons des derniers films vus par les participants pendant les vacances dhiver. <img decoding=\"async\" src=\"http:\/\/www.hardkernel.com\/main\/_Files\/prdt\/2016\/201602\/201507012052222815.png\" alt=\"rencontre bus 62\" align=\"left\"> Jusquau 140720 inclus : en raison de travaux, lorsque larr\u00eat Bousbecque Mairie est en travaux, il nest pas desservi. Vous pouvez vous reporter \u00e0 larr\u00eat Bousbecque CAT ou Complexe Sportif.  Installez-vous dans votre mobil home sans passer par laccueil. CHECK IN SANS CONTACT! Le populations mentionn\u00e9es dans les actes concernant les intercommunalit\u00e9s sont des populations totales, au, cest-\u00e0-dire regroupant la population municipale, cest-\u00e0-dire les personnes ayant leur r\u00e9sidence habituelle sur le territoire de la commune \u00e0 laquelle sajoute la population compt\u00e9e \u00e0 part, qui regroupe principalement les personnes vivant dans certaines collectivit\u00e9s internats, casernes, h\u00f4pitaux, couvents, prisons. Dont les trois principaux Unsa, CGT et CFE-CGC, appellent \u00e0 faire gr\u00e8ve ce CESARDES : de 11h00 \u00e0 12h30, Chemin des C\u00e9sardes entre all\u00e9e de la Brire et all\u00e9e du Bois Martin Sentir et voir le sexe rentrer et sortir..photos et vid\u00e9os discr\u00e8tes possibles. <img decoding=\"async\" src=\"http:\/\/p.calameoassets.com\/161020140125-fab370613479381bb7ae5856ee382742\/p62.jpg\" alt=\"rencontre bus 62\" align=\"center\"> Selon lOCDE, la France investit 17 de moins dans le primaire que la moyenne des pays de lorganisation l\u00e9cart \u00e9tait \u00e9valu\u00e9 \u00e0 15 il y a deux ans. Autre fait saillant : le recul des salaires en valeur r\u00e9elle depuis plus de 10 ans. Les mesures d\u00e9finitives des chantiers m\u00e9tier ont \u00e9t\u00e9 annonc\u00e9es ce matin par le ministre. Quelques avanc\u00e9es notamment pour la direction, mais 8 enseignants sur 10 ne font lobjet daucune mesure nouvelle. Cest elle qui construit des jeux incroyables pour vos enfants sur nos campings. Ces jeux sont uniques et ils existent seulement sur les campings Capfun. Autour du 15-20 du mois, Liliane na plus rien. Elle ne se plaint pas, explique quelle naime pas montrer ses conditions de vie et insiste : Les biblioth\u00e9caires lisent albums et contes aux enfants de 4 \u00e0 7 ans. Venez nombreux! RENCONTRE AVEC PHILIPPE NICOLAS Le mardi 14 janvier 2020 de 18h \u00e0 20h  ROND POINT DE LA MOUETTE : de 17h00 \u00e0 18h30, Route des Emognes \u00e0 proximit\u00e9 du cimeti\u00e8re Qui donc peut sapitoyer sur le sort de cette corporation? ils se sont tellement fait gorge chaude de leurs avantages. Le Verney AUS pour Autobus Urbain Surbaiss\u00e9 est un autobus de onze m\u00e8tres de longueur avec un plancher \u00e0 62cm du sol, \u00e9quip\u00e9 dun moteur Hispano Suiza type 102H, savoir un six cylindres de 6,98l offrant 140Ch que lon retrouve \u00e9galement chez le Chausson ANG qui est log\u00e9 \u00e0 lavant-gauche du bus et en position couch\u00e9. C\u00f4t\u00e9 carrosserie, le Verney AUS ne propose rien datypique si ce nest sa grande calandre qui le rapproche esth\u00e9tiquement de ses rivaux.<\/p>\n","protected":false},"excerpt":{"rendered":"<p>rencontre bus 62<\/p>\n","protected":false},"author":1,"featured_media":0,"comment_status":"closed","ping_status":"closed","sticky":false,"template":"","format":"standard","meta":{"footnotes":""},"categories":[1],"tags":[],"_links":{"self":[{"href":"http:\/\/geodeta.gorzow.pl\/www\/wp-json\/wp\/v2\/posts\/1575"}],"collection":[{"href":"http:\/\/geodeta.gorzow.pl\/www\/wp-json\/wp\/v2\/posts"}],"about":[{"href":"http:\/\/geodeta.gorzow.pl\/www\/wp-json\/wp\/v2\/types\/post"}],"author":[{"embeddable":true,"href":"http:\/\/geodeta.gorzow.pl\/www\/wp-json\/wp\/v2\/users\/1"}],"replies":[{"embeddable":true,"href":"http:\/\/geodeta.gorzow.pl\/www\/wp-json\/wp\/v2\/comments?post=1575"}],"version-history":[{"count":1,"href":"http:\/\/geodeta.gorzow.pl\/www\/wp-json\/wp\/v2\/posts\/1575\/revisions"}],"predecessor-version":[{"id":1576,"href":"http:\/\/geodeta.gorzow.pl\/www\/wp-json\/wp\/v2\/posts\/1575\/revisions\/1576"}],"wp:attachment":[{"href":"http:\/\/geodeta.gorzow.pl\/www\/wp-json\/wp\/v2\/media?parent=1575"}],"wp:term":[{"taxonomy":"category","embeddable":true,"href":"http:\/\/geodeta.gorzow.pl\/www\/wp-json\/wp\/v2\/categories?post=1575"},{"taxonomy":"post_tag","embeddable":true,"href":"http:\/\/geodeta.gorzow.pl\/www\/wp-json\/wp\/v2\/tags?post=1575"}],"curies":[{"name":"wp","href":"https:\/\/api.w.org\/{rel}","templated":true}]}}