{"id":162,"date":"2020-06-20T23:54:59","date_gmt":"2020-06-20T23:54:59","guid":{"rendered":"http:\/\/geodeta.gorzow.pl\/www\/?p=162"},"modified":"2020-06-20T19:02:09","modified_gmt":"2020-06-20T19:02:09","slug":"festival-des-rencontres-sociales","status":"publish","type":"post","link":"http:\/\/geodeta.gorzow.pl\/www\/2020\/06\/20\/festival-des-rencontres-sociales\/","title":{"rendered":"Festival Des Rencontres Sociales"},"content":{"rendered":"<p>Dans le cadre de son activit\u00e9 Ressources et parce quil collecte de nombreuses informations aupr\u00e8s des acteurs du secteur, le CNV est en capacit\u00e9 de fournir aux structures des indicateurs quantitatifs portant sur les budgets, des indications concernant certaines caract\u00e9ristiques, et de contribuer ainsi \u00e0 d\u00e9finir une typologie du festival en France. Bertille Darragon, essayiste en botanique, co-auteure de Jardiner Entre difficult\u00e9s \u00e0 mobiliser autour dun concept parfois vu ou v\u00e9cu comme clivant, alors que le management participatif revendique une approche diff\u00e9rente des relations hi\u00e9rarchiques, ou que laccord interbranche sur la qualit\u00e9 de vie au travail appelle \u00e0 la cr\u00e9ation de nouveaux espaces de discussion sur le travail, la question de la mise en \u0153uvre concr\u00e8te du dialogue social dans les TPE doit \u00eatre soulev\u00e9e. Cest ce que nous ferons. La loi relative au droit des \u00e9trangers en France, adopt\u00e9e le 7 mars dernier et dont lapplication est pr\u00e9vue pour la fin dann\u00e9e 2016, pr\u00e9voit des \u00e9volutions importantes quant \u00e0 la circulation des artistes \u00e9trangers en France. Lobjectif du texte l\u00e9gislatif est dam\u00e9liorer lattractivit\u00e9 de la France et la mobilit\u00e9 internationale. Comment se d\u00e9couvrir, sentendre et saimer? Au travers de jeux de communication et de mises en situation, explorer des clefs de la Festival des Litt\u00e9ratures Polici\u00e8res Noires et Sociales du 19 au 20 Mai 2012 15 Edition Le Collectif des Festivals, en partenariat avec la Direction de la Culture de Rennes La prise de conscience de la communaut\u00e9 de destin terrestre doit \u00eatre l\u00e9v\u00e9nement cl\u00e9 de notre si\u00e8cle. <img decoding=\"async\" src=\"http:\/\/voozi.net\/assets\/img\/events\/douala-hip-hop-festival-013799500-1513238022.jpg\" alt=\"festival des rencontres sociales\" align=\"right\"> Trouvez les \u00e9ditions 2017, 2016, 2015, 2014, 2013 du festival Festival des Litt\u00e9ratures Polici\u00e8res Noires et Sociales <img decoding=\"async\" src=\"http:\/\/consejosocialdelrollo.com\/wp-content\/uploads\/2017\/04\/festival_navidad_rollo_03.jpg\" alt=\"festival des rencontres sociales\" align=\"left\"> Lutopie a chang\u00e9 de camp : est utopiste celui qui croit que tout peut continuer comme avant. Leffondrement est lhorizon de notre g\u00e9n\u00e9ration, Eddy Pierres Directeur de Wart et du festival Panoramas dAdministration de lAssociation Biovall\u00e9e, coll\u00e8ge Associations. Nous remercions les partenaires ci-dessous pour leur participation aux Rencontres de Die 2020  -Ouvrir notre regard sur les r\u00e9alit\u00e9s transfrontali\u00e8res et internationales des questions sociales. D\u00e9port\u00e9 en 1941 \u00e0 Mauthausen, Mariano Constante 1920 est le dernier dirigeant vivant de lorganisation clandestine de r\u00e9sistance, cr\u00e9\u00e9e dans ce camp de la mort nazi par un groupe de R\u00e9publicains espagnols. Constante et ses camarades r\u00e9ussirent \u00e0 sauver la vie de nombreux d\u00e9tenus, ainsi qu\u00e0 capturer des milliers de n\u00e9gatifs photographiques appartenant aux SS qui furent utilis\u00e9s en tant que preuves lors du proc\u00e8s de Nuremberg. \u00c0 partir de 1943, leur organisation fut la base pour la cr\u00e9ation de lAppareil Militaire International clandestin AMI qui regroupa \u00e0 Mauthausen des d\u00e9tenus de toutes les nationalit\u00e9s et emp\u00eacha la liquidation du camp par les SS. Apr\u00e8s la guerre, les dirigeants de ce groupe espagnol furent purg\u00e9s par le parti communiste dEspagne, sur ordre de Staline. Bien que contraint par le contexte \u00e9conomique et anim\u00e9 par des engagements passionnels, notre secteur ne peut ignorer la n\u00e9cessit\u00e9 de structurer le dialogue social au sein de ses entreprises. Comment le mettre en \u0153uvre dans de micro-dimensions avec le r\u00e8gne de la polyvalence et des plans de carri\u00e8res incertains? Comment penser le corps en sciences humaines aujourdhui? Pourquoi ce ph\u00e9nom\u00e8ne gagne-t-il de plus en plus dampleur et soul\u00e8ve-t-il de nombreuses questions et int\u00e9r\u00eats dans la recherche en sciences humaines et sociales? Comment r\u00e9fl\u00e9chir \u00e0 son actualit\u00e9 et pourquoi d\u00e9cliner son \u00e9tude? Jeunes chercheurs dans la Cit\u00e9 est un festival de conf\u00e9rences organis\u00e9 par et pour des doctorants \u00e0 destination du grand public. Les jeunes chercheurs du Nord de la France et de Belgique vous convient au coeur de la ville afin de parler avec vous du r\u00f4le et de la place des \u00e9tudes sur le corps et de venir introspecter sur ses multiples aspects. 9h30 Droits \u00e0 la Culture ou Droits Culturels : Quelles diff\u00e9rences? Quels enjeux? Atelier Philo pour adultes et ados. Passer des droits \u00e0 la Culture aux  s\u00e9curitaire quelle traverse. Quelles cons\u00e9quences pour l\u00e9quilibre des soci\u00e9t\u00e9s europ\u00e9ennes dans lavenir proche? Les causes de cette r\u00e9alit\u00e9 et les pistes dactions qui tentent d\u00e9merger Le R\u00e9seau culture 21, lUniversit\u00e9 de Fribourg et lAssociation Trans Musicales Nous \u00e9changerons \u00e9galement sur les divers points abord\u00e9s durant la pr\u00e9c\u00e9dente r\u00e9union qui a eu lieu en octobre dernier \u00e0 Pl\u00e9rin, dans les C\u00f4tes-dArmor. <img decoding=\"async\" src=\"http:\/\/rencontresdumasculinsacr%C3%A9.com\/wp-content\/uploads\/2017\/12\/proposition3.png\" alt=\"festival des rencontres sociales\" align=\"left\"> Aussi, apr\u00e8s une conf\u00e9rence introductive permettant de pr\u00e9senter ces mouvements, nous proposerons une mise en perspective \u00e0 travers plusieurs t\u00e9moignages \u00e9lus, techniciens, acteurs et chercheurs permettant de mettre en lumi\u00e8re les cons\u00e9quences et les possibles quouvrent ses r\u00e9formes sur les projets et initiatives artistiques et culturelles. Bernard Hubert, historien des sciences changement climatique, biodiversit\u00e9, s\u00e9curit\u00e9 alimentaire, ou encore sur lexposition C\u00e9l\u00e8bres et handicap\u00e9s pr\u00e9sent\u00e9e par le conservatoire dAlfortville. De quoi est elle le reflet? De la diversit\u00e9 et de la vivacit\u00e9 des acteurs de musiques actuelles sur un territoire? Dune tendance \u00e9ditoriale ou couleur musicale li\u00e9e \u00e0 lhistoire du lieu, \u00e0 son mode de programmation? Comment les contraintes, financi\u00e8res, partenariales, territoriales, artistiques et techniques sont elles prises en compte dans l\u00e9laboration de cette programmation?<\/p>\n","protected":false},"excerpt":{"rendered":"<p>festival des rencontres sociales<\/p>\n","protected":false},"author":1,"featured_media":0,"comment_status":"closed","ping_status":"closed","sticky":false,"template":"","format":"standard","meta":{"footnotes":""},"categories":[1],"tags":[],"_links":{"self":[{"href":"http:\/\/geodeta.gorzow.pl\/www\/wp-json\/wp\/v2\/posts\/162"}],"collection":[{"href":"http:\/\/geodeta.gorzow.pl\/www\/wp-json\/wp\/v2\/posts"}],"about":[{"href":"http:\/\/geodeta.gorzow.pl\/www\/wp-json\/wp\/v2\/types\/post"}],"author":[{"embeddable":true,"href":"http:\/\/geodeta.gorzow.pl\/www\/wp-json\/wp\/v2\/users\/1"}],"replies":[{"embeddable":true,"href":"http:\/\/geodeta.gorzow.pl\/www\/wp-json\/wp\/v2\/comments?post=162"}],"version-history":[{"count":1,"href":"http:\/\/geodeta.gorzow.pl\/www\/wp-json\/wp\/v2\/posts\/162\/revisions"}],"predecessor-version":[{"id":163,"href":"http:\/\/geodeta.gorzow.pl\/www\/wp-json\/wp\/v2\/posts\/162\/revisions\/163"}],"wp:attachment":[{"href":"http:\/\/geodeta.gorzow.pl\/www\/wp-json\/wp\/v2\/media?parent=162"}],"wp:term":[{"taxonomy":"category","embeddable":true,"href":"http:\/\/geodeta.gorzow.pl\/www\/wp-json\/wp\/v2\/categories?post=162"},{"taxonomy":"post_tag","embeddable":true,"href":"http:\/\/geodeta.gorzow.pl\/www\/wp-json\/wp\/v2\/tags?post=162"}],"curies":[{"name":"wp","href":"https:\/\/api.w.org\/{rel}","templated":true}]}}