{"id":170,"date":"2020-06-20T21:27:10","date_gmt":"2020-06-20T21:27:10","guid":{"rendered":"http:\/\/geodeta.gorzow.pl\/www\/?p=170"},"modified":"2020-06-20T19:06:26","modified_gmt":"2020-06-20T19:06:26","slug":"rencontre-avec-lara-fabian","status":"publish","type":"post","link":"http:\/\/geodeta.gorzow.pl\/www\/2020\/06\/20\/rencontre-avec-lara-fabian\/","title":{"rendered":"Rencontre Avec Lara Fabian"},"content":{"rendered":"<p>Je suis une maman tr\u00e8s sicilienne qui aime comme elle sinqui\u00e8te. Jai le coeur qui tremble d\u00e8s que ma flle sort. Cest idiot car elle est forte, hypersensible et empathique. Jai la certitude quelle sera une adulte incroyable!  <img decoding=\"async\" src=\"http:\/\/lararoch.free.fr\/Lara\/Lara\/Lara-presse\/flair171299a.JPG\" alt=\"rencontre avec lara fabian\" align=\"center\"> Football Cyclisme Tennis Moteurs R\u00e9gions Autres sports Un point en commun quil nest pas facile de deviner. The Voice : replay, gagnants, news de l\u00e9mission de TF1 https:m6.orphea.comthumbnails00000000603301223.thu https:m6.orphea.comthumbnails00000000603301223.thw Cloudflare Ray ID: 5a2c3e932f4ae12d Your IP: 106.193.210.239 Performance security by  Live 2002 En toute intimit\u00e9 Un regard 9 Live TLFM Font Leur Show Un soir autour du monde This left column is widget ready! Add one in the admin panel. Apr\u00e8s un nouveau duo avec le chanteur britannique The alchemist, son deuxi\u00e8me album en anglais, A wonderful life, sort en Europe en. Malgr\u00e9 la parution de deux singles No big deal en Europe francophone et The last goodbye pour les autres pays, la promotion de lalbum est interrompue \u00e0 la suite dune rupture de contrat avec. Elle participe alors au film musical dIrwin Wrinkler, pour lequel elle monte les marches \u00e0. Elle \u00e9crit \u00e9galement pour la chanson Dis-moi que tu maimes webmasterpureactu.com and inform them of the time the error occurred, Lara Fabian se confie dans le dernier num\u00e9ro de Paris Match. <img decoding=\"async\" src=\"http:\/\/www.chartsinfrance.net\/style\/breves\/5\/photo_1303822262.jpg\" alt=\"rencontre avec lara fabian\" align=\"right\"> Dans le cadre de votre tourn\u00e9e, vous serez de passage \u00e0 lOlympia le 5 f\u00e9vrier, puis les 24 et 25 mars. Que r\u00e9servez-vous \u00e0 votre public pour ces concerts? Cest un parcours en musique sur ces trois d\u00e9cennies qui viennent de passer. Je raconte une histoire, j\u00e9voque une foule danecdotes que les gens ne connaissent pas forc\u00e9ment et que je ponctue par des chansons. Jinvite ainsi les gens \u00e0 venir \u00e9couter ce r\u00e9cit et \u00e0 c\u00e9l\u00e9brer avec moi ce que jappelle ce mi-parcours. Cela se fait assez simplement. Cest un espace \u00e9lectro-acoustique, jai juste un piano et trois voix avec moi. Jai voulu un peu revenir aux basiques, car moi je suis n\u00e9e dun piano et dune voix.  Je ne sais pas si jaurais voulu vivre sa vie, mais jaurais voulu pouvoir contribuer \u00e0 ce point-l\u00e0 \u00e0 changer lhumanit\u00e9, alors je vais vous r\u00e9pondre Marie Curie. Une femme passionnante, fascinante. Et je ne suis pas du tout f\u00e9ministe. Je consid\u00e8re le f\u00e9minisme comme une autre forme denfermement. Je suis une amoureuse des femmes. Itw Lara Fabian, pour la sortie de son 13\u00e8me album Camouflage Dur\u00e9e : 00:08:35 <img decoding=\"async\" src=\"http:\/\/photos.gammvert.fr\/v5\/products\/full\/8606-passiflore-victoria-3.jpeg\" alt=\"rencontre avec lara fabian\" align=\"left\"> Apr\u00e8s 7 ans de relation, Lara Fabian rompt avec son mari : Si la s\u00e9paration sest faite en douceur, je dois n\u00e9anmoins retrouver mes marques explique-t-elle. Bien d\u00e9cid\u00e9e \u00e0 soccuper delle, elle accepte la proposition dune amie et se rend en Italie, \u00e0 Acireale, en Sicile, pour travailler comme coach vocal sur un projet de com\u00e9die musicale. Je ne peux r\u00e9sister. Acireale est le village natal de ma m\u00e8re, pr\u00e9cise la chanteuse. Vous avez manqu\u00e9 notre GAEL Guest de f\u00e9vrier? S\u00e9ance de rattrapage:.<\/p>\n","protected":false},"excerpt":{"rendered":"<p>rencontre avec lara fabian<\/p>\n","protected":false},"author":1,"featured_media":0,"comment_status":"closed","ping_status":"closed","sticky":false,"template":"","format":"standard","meta":{"footnotes":""},"categories":[1],"tags":[],"_links":{"self":[{"href":"http:\/\/geodeta.gorzow.pl\/www\/wp-json\/wp\/v2\/posts\/170"}],"collection":[{"href":"http:\/\/geodeta.gorzow.pl\/www\/wp-json\/wp\/v2\/posts"}],"about":[{"href":"http:\/\/geodeta.gorzow.pl\/www\/wp-json\/wp\/v2\/types\/post"}],"author":[{"embeddable":true,"href":"http:\/\/geodeta.gorzow.pl\/www\/wp-json\/wp\/v2\/users\/1"}],"replies":[{"embeddable":true,"href":"http:\/\/geodeta.gorzow.pl\/www\/wp-json\/wp\/v2\/comments?post=170"}],"version-history":[{"count":1,"href":"http:\/\/geodeta.gorzow.pl\/www\/wp-json\/wp\/v2\/posts\/170\/revisions"}],"predecessor-version":[{"id":171,"href":"http:\/\/geodeta.gorzow.pl\/www\/wp-json\/wp\/v2\/posts\/170\/revisions\/171"}],"wp:attachment":[{"href":"http:\/\/geodeta.gorzow.pl\/www\/wp-json\/wp\/v2\/media?parent=170"}],"wp:term":[{"taxonomy":"category","embeddable":true,"href":"http:\/\/geodeta.gorzow.pl\/www\/wp-json\/wp\/v2\/categories?post=170"},{"taxonomy":"post_tag","embeddable":true,"href":"http:\/\/geodeta.gorzow.pl\/www\/wp-json\/wp\/v2\/tags?post=170"}],"curies":[{"name":"wp","href":"https:\/\/api.w.org\/{rel}","templated":true}]}}