{"id":200,"date":"2020-06-20T19:28:02","date_gmt":"2020-06-20T19:28:02","guid":{"rendered":"http:\/\/geodeta.gorzow.pl\/www\/?p=200"},"modified":"2020-06-20T19:22:02","modified_gmt":"2020-06-20T19:22:02","slug":"rencontre-photographie-arles-2013","status":"publish","type":"post","link":"http:\/\/geodeta.gorzow.pl\/www\/2020\/06\/20\/rencontre-photographie-arles-2013\/","title":{"rendered":"Rencontre Photographie Arles 2013"},"content":{"rendered":"<p>Dummy Book Award : Grozny : nine cities de Olga Kravets, Maria Morina, Anna Shpakova et. Impression jet dencre pigmentaire sur papier Harman By Hahnemuhle Villa M\u00e9dicis Hors les Murs, AFAA, Minist\u00e8re des Affaires Etrang\u00e8res Rencontres dArles : les dix expos \u00e0 ne pas manquer 384 pages, fran\u00e7ais, \u00e9dit\u00e9 par les Rencontres dArles-Actes Sud. 47 les Ateliers Jeune Public, ouvert aux enfants de 7 \u00e0 11 ans. Les Rencontres dArles proposent cette ann\u00e9e une programmation sp\u00e9ciale, ludique et \u00e9ducative d\u00e9di\u00e9e aux jeunes festivaliers. Retrouvez le programme et les infos Au cours de la semaine douverture des Rencontres, des r\u00e9unions et d\u00e9bats sont organis\u00e9s au cours desquels les photographes pr\u00e9sents sont invit\u00e9s \u00e0 parler de leur travail ou \u00e0 r\u00e9pondre aux questions que se pose le public sur les photos expos\u00e9es. Les images mises en ligne sur le blog sont ensuite soumises au vote des internautes. Chaque mois, les trois photos les plus vot\u00e9es et la s\u00e9quence la plus vot\u00e9e sont r\u00e9compens\u00e9es par des lots de livres. Ruud van Empel, dipl\u00f4m\u00e9, avec distinction, de l Acad\u00e9mie des Beaux Arts de Sint-Joost, \u00e0 Breda, a expos\u00e9, notamment, \u00e0 Rochester, aux Etats-Unis, dans la George Eastman House, le plus ancien mus\u00e9e de photographies au monde, l\u00e0 o\u00f9 v\u00e9cut George Eastman 1854-1932, le fondateur de Eastman Kodak ; au Mus\u00e9e des Arts photographiques, \u00e0 San Diego, en Californie ; au Fotografiska Museum, \u00e0 Stockholm ; et, plus pr\u00e8s de nous, au Foto Museum, \u00e0 Antwerpen. Impression jet dencre pigmentaire sur papier Harman By Hahnemuhle Impression jet dencre pigmentaire sur papier Harman By Hahnemuhle Au programme de la r\u00e9sidence 2019 : Masterclasses de professionnels internationaux des r\u00e9alit\u00e9s immersives, des arts visuels, du son, du spectacle vivant et de limage dont et! Gordon Parks American Gothic Ella Watson, Washington, 1942 TheDans cette r\u00e9trospective \u00e0 la sc\u00e9nographie tr\u00e8s soign\u00e9e, lhistoire am\u00e9ricaine de G. Parks nous alerte sur le parcours embrum\u00e9 dElla Watson, femme de m\u00e9nage revenu dun enfer \u00e0 plusieurs visages. Il nous raconte, \u00e0 travers le quotidien dun chef de gang \u00e0 Harlem, les morts absurdes li\u00e9es aux rivalit\u00e9s g\u00e9ographiques et claniques. Il nous fait \u00e9galement part du labeur auquel on cantonne les noirs am\u00e9ricains. Il trouve un visage, celui de Flavio, gamin rachitique, pour illustrer la mis\u00e8re en rien singuli\u00e8re dune famille en Am\u00e9rique latine. Il d\u00e9voile un peu de limaginaire politique des Blacks Panthers dont il saisit aussi bien lintimit\u00e9 que les d\u00e9monstrations de force publiques, lextase euphorisante des grands meetings revendicatifs dont le mouvement avait le secret. 00319: this-response requestHandler-handleRequestrequest; <img decoding=\"async\" src=\"http:\/\/www.claudinecolin.com\/en\/827-the-rencontres-d-arles-2013\/documents\/images\/jean-michel-fauquet-sans-titre-avec-l-aimable-autorisation-de-l-artiste.jpg\" alt=\"rencontre photographie arles 2013\" align=\"center\"> Les projections nocturnes en plein air au Th\u00e9\u00e2tre Antique dArles pr\u00e9sentent le travail dun photographe ou un sp\u00e9cialiste de la photographie accompagn\u00e9 par concerts et performances. Chaque soir\u00e9e est lobjet dune cr\u00e9ation unique. Les rencontres Arles photographie 2013-Arles in black  Le noir dispara\u00eet presque totalement apr\u00e8s 2000, la couleur installant sa supr\u00e9matie dans toutes les pratiques de la photographie avec lessor du num\u00e9rique. Leffacement du noir et blanc a entra\u00een\u00e9 avec lui labandon de lalbum de famille et de la photo peinte. Avec la couleur sont apparus des tirages plus grands, des installations, des diffusions num\u00e9riques.  Lidentit\u00e9 et la d\u00e9couverte aussi bien au niveau collectif que personnel sont les th\u00e8mes principaux du projet Diaspora dOmar Victor Diop. Voyage dans le temps, cette s\u00e9rie photographique r\u00e9v\u00e8le et approfondit une histoire rarement racont\u00e9e sur le r\u00f4le des Africains hors de lAfrique. De par ce travail, Omar Victor Diop nous oblige \u00e0 reconsid\u00e9rer notre conception de lhistoire et apporte des r\u00e9ponses \u00e0 son perp\u00e9tuel questionnement sur son identit\u00e9, en tant quartiste, en tant qu\u00eatre humain. Omar Victor Diop a commenc\u00e9 ce projet lors dune r\u00e9sidence de quatre mois en Espagne, o\u00f9 il se trouvait en position d\u00e9tranger. Inspir\u00e9 par les oeuvres dart du XVe au XIXe si\u00e8cle, Diop envisage cette p\u00e9riode comme marquant le d\u00e9but dinteractions intenses et auparavant inexistantes entre lAfrique et le reste du monde. Pour la premi\u00e8re fois, il se met lui-m\u00eame en sc\u00e8ne dans son art, adoptant ainsi la position de narrateur et de personnage. Il fait r\u00e9f\u00e9rence au monde du sport, celui du football en particulier, afin de montrer la dualit\u00e9 dune vie de gloire et de reconnaissance qui est aussi une vie pass\u00e9e \u00e0 \u00eatre lautre. On retrouve ce paradoxe aussi bien chez les footballeurs daujourdhui que chez les hommes repr\u00e9sent\u00e9s dans ses autoportraits. Raquel Wilson, programmatrice culturelle. Formation aux outils et astuces pour faire d\u00e9couvrir la photographie \u00e0 tous ils ne vont pas sennuyer cette semaine \u00e0 Breisach,  2015-Grand Th\u00e9\u00e2tre-1er prix Photographie darchitecture Le jeu est un v\u00e9ritable d\u00e9clencheur d\u00e9mulation, de curiosit\u00e9, dattention et dintelligence collective. Il fait appel aux qualit\u00e9s les plus vari\u00e9es : rapidit\u00e9, observation, complicit\u00e9, logique, connaissances, imagination, concentration, \u00e9coute, esprit d\u00e9quipe On le conna\u00eet plut\u00f4t comme acteur, c\u00e9l\u00e8bre pour ses r\u00f4les dans Cyrano de Bergerac, Indochine, Fanfan la tulipe ou Le bossu ou comme r\u00e9alisateur, mais moins comme photographe. Pourtant Fran\u00e7ois H\u00e9bel aime souligner que ce nest pas parce quil a \u00e9tudi\u00e9 au Centre Dorey \u00e0 Vevey mais bien pour sa ma\u00eetrise du portrait et la cr\u00e9ativit\u00e9 de ses mises en sc\u00e8ne que Vincent P\u00e9rez m\u00e9rite amplement que le festival consacre \u00e0 son projet Face \u00e0 face un espace \u00e0 labbaye de Montmajour. Il revient \u00e0 Arles cette ann\u00e9e avec un travail original : il a pris en photo couleur ses amis, noirs et blancs, en Afrique du Sud, et en a fait des clich\u00e9s noir et blanc par un proc\u00e9d\u00e9 informatique qui, \u00e0 limage dun d\u00e9r\u00e8glement de m\u00e9lanine, brouille la couleur de la peau. <img decoding=\"async\" src=\"http:\/\/img.over-blog-kiwi.com\/0\/67\/45\/21\/201308\/ob_a22b53fd3d063f135cbe2efa654a1c29_photo-cap-vert-2013-4.JPG\" alt=\"rencontre photographie arles 2013\" align=\"right\"> <img decoding=\"async\" src=\"http:\/\/www.polpettas.com\/wp-content\/uploads\/2017\/10\/10.Arles_Les-Rencontres-de-la-photographie.jpg\" alt=\"rencontre photographie arles 2013\" align=\"center\">.<\/p>\n","protected":false},"excerpt":{"rendered":"<p>rencontre photographie arles 2013<\/p>\n","protected":false},"author":1,"featured_media":0,"comment_status":"closed","ping_status":"closed","sticky":false,"template":"","format":"standard","meta":{"footnotes":""},"categories":[1],"tags":[],"_links":{"self":[{"href":"http:\/\/geodeta.gorzow.pl\/www\/wp-json\/wp\/v2\/posts\/200"}],"collection":[{"href":"http:\/\/geodeta.gorzow.pl\/www\/wp-json\/wp\/v2\/posts"}],"about":[{"href":"http:\/\/geodeta.gorzow.pl\/www\/wp-json\/wp\/v2\/types\/post"}],"author":[{"embeddable":true,"href":"http:\/\/geodeta.gorzow.pl\/www\/wp-json\/wp\/v2\/users\/1"}],"replies":[{"embeddable":true,"href":"http:\/\/geodeta.gorzow.pl\/www\/wp-json\/wp\/v2\/comments?post=200"}],"version-history":[{"count":1,"href":"http:\/\/geodeta.gorzow.pl\/www\/wp-json\/wp\/v2\/posts\/200\/revisions"}],"predecessor-version":[{"id":201,"href":"http:\/\/geodeta.gorzow.pl\/www\/wp-json\/wp\/v2\/posts\/200\/revisions\/201"}],"wp:attachment":[{"href":"http:\/\/geodeta.gorzow.pl\/www\/wp-json\/wp\/v2\/media?parent=200"}],"wp:term":[{"taxonomy":"category","embeddable":true,"href":"http:\/\/geodeta.gorzow.pl\/www\/wp-json\/wp\/v2\/categories?post=200"},{"taxonomy":"post_tag","embeddable":true,"href":"http:\/\/geodeta.gorzow.pl\/www\/wp-json\/wp\/v2\/tags?post=200"}],"curies":[{"name":"wp","href":"https:\/\/api.w.org\/{rel}","templated":true}]}}