{"id":212,"date":"2020-06-20T21:44:13","date_gmt":"2020-06-20T21:44:13","guid":{"rendered":"http:\/\/geodeta.gorzow.pl\/www\/?p=212"},"modified":"2020-06-20T19:27:24","modified_gmt":"2020-06-20T19:27:24","slug":"j-ai-rencontre-ce-matin-dans-le-metro-parisien","status":"publish","type":"post","link":"http:\/\/geodeta.gorzow.pl\/www\/2020\/06\/20\/j-ai-rencontre-ce-matin-dans-le-metro-parisien\/","title":{"rendered":"J Ai Rencontre Ce Matin Dans Le Metro Parisien"},"content":{"rendered":"<p>Il y a beaucoup de voleurs, faut faire confiance \u00e0 personne. Cest un monde denfoir\u00e9s. Cest \u00e7a le monde du m\u00e9tro: chacun pour soi, met-il en garde. Je souhaiterai minscrire pour les cours de th\u00e9\u00e2tre dimprovisation pour la rentr\u00e9e de septembre ; pouvez-vous mindiquer la marche \u00e0 suivre? Est-il possible de faire un premier cours avant de sinscrire d\u00e9finitivement? Par mesure de s\u00e9curit\u00e9 nous demandons a nos clients de laisser les cl\u00e9s a lh\u00f4tel. Cela nous permet de contr\u00f4ler les entr\u00e9es et \u00e9vite en cas de perte ou volde cl\u00e9s que des personnes mals intentionn\u00e9es puissent sintroduire dans les chambres de nos clients. Lors des r\u00e9novations de 2012-13, nous avons pr\u00e9f\u00e9r\u00e9 d\u00e9corer les chambres avec sobri\u00e9t\u00e9 et raffinement afin quelles correspondent au go\u00fbt de la plupart de nos clients. Tout ce que tu dis es vrai et pourtant, je continue? laimer ce bon vieux metro, sc\u00e8ne de th\u00e9atre quotidienne des petits et grands tracas de la vie En m\u00eame temps, ok, je ne le prends pas, moi je fais partie des heureux utilisateurs du nouveau tram  Dans les passages de Bercy Village, d\u00e9couvrez les photos des surhommes et des surfemmes flamboyants de Manfred Thierry Mugler. Cette exposition gratuite de la galerie Polka se laisse admirer du 22 f\u00e9vrier au 14 septembre 2020. Le m\u00e9tro divise et personne ne sy sent heureux. Les Parisiens y sont dailleurs stress\u00e9s et press\u00e9s. Je le prends par d\u00e9pit. Cest un calvaire ce machin, jy suis contrainte et forc\u00e9e de le prendre pour me d\u00e9placer sur Paris. Mais, croyez-moi bien, \u00e7a ne tiendrait qu\u00e0 moi, je ne le prendrais pas raconte, \u00e9c\u0153ur\u00e9e, Nicole. Un sentiment commun de d\u00e9go\u00fbt auquel viennent se greffer les incivilit\u00e9s. Les incivilit\u00e9s dans le m\u00e9tro refl\u00e8tent limage de la soci\u00e9t\u00e9 Nous avons subi 2 \u00e9t\u00e9s de suite les forts d\u00e9sagr\u00e9ments dun caf\u00e9 \u00e9ph\u00e9m\u00e8re Le Jardin Municipal, en 2016 et 2017 ouvert par le Cr\u00e9dit Municipal et dont la terrasse occupait une partie de cette m\u00eame cour. Suite \u00e0 des plaintes de plusieurs habitants du 54, la Pr\u00e9fecture de Police est venue constater le d\u00e9passement des seuils sonores autoris\u00e9s et a lanc\u00e9 une proc\u00e9dure de mise en demeure \u00e0 lencontre du responsable. Secteurs transports routiers marchandises, transports routiers de voyageurs, transports sanitaires, transports de fonds et de valeurs, transports de Mais ces am\u00e9nagements ont aussi un effet pervers : ils l\u00e9gitiment la voiture sur les grands axes, o\u00f9 il est consid\u00e9r\u00e9 dangereux de circuler \u00e0 v\u00e9lo. Jattends avec impatience l\u00e9quipe municipale qui aura le courage de limiter la circulation \u00e0 30kmh \u00e0 toutes les voies, sauf celles d\u00e9j\u00e0 interdites \u00e0 la circulation non-motoris\u00e9e, comme le p\u00e9riph\u00e9rique. La p\u00e9pini\u00e8re Th\u00e9\u00e2tre 7 rue Louis Legrand-75002 Paris-M\u00e9tro Op\u00e9ra <img decoding=\"async\" src=\"http:\/\/actionbarbes.blogspirit.com\/media\/00\/00\/3499613311.png\" alt=\"j ai rencontre ce matin dans le metro parisien\" align=\"right\"> Offre cumulable \u00e0 toutes nos offres sp\u00e9ciales pour une date darriv\u00e9e identique. Pour plus dinformations cliquez sur. <img decoding=\"async\" src=\"http:\/\/www.allcityblog.fr\/wp-content\/uploads\/2010\/06\/trainsoffame511.jpg\" alt=\"j ai rencontre ce matin dans le metro parisien\" align=\"center\">  Voil\u00e0, il faut vraiment \u00eatre \u00e0 l\u00e9coute des touristes, des voyageurs et des gens en g\u00e9n\u00e9ral parce que le personnel pas aimable, nous le fr\u00e9quentons nous-m\u00eames assez souvent et ce nest pas plus agr\u00e9able si on comprend leur langue. Rapport qualit\u00e9-prix n\u00ba 9 sur 1 267 H\u00f4tels centre ville Paris 5. Am\u00e9liorer la propret\u00e9 dans les a\u00e9roports et gares. Jai appris quun r\u00e9seau dassociations s\u00e9tait constitu\u00e9 pour lutter contre les nuisances sonores \u00e0 Paris.  Ces derniers ne jugent pas utiles dinvestir dans une climatisation et laissent leurs portes grandes ouvertes avec toutes les nuisances sonores que je vous laisse imaginer, des fumeurs, parfois ivres, qui hurlent sur le pas de porte. Et maintenant un bar corse qui pollue les soir\u00e9es avec de la musique demuseremment \u00e9lev\u00e9e dans une zone r\u00e9sidentielle. Et ce bien au-del\u00e0 de 23h. On en vient \u00e0 esp\u00e9rer quil pleuve. Je suis d\u00e9s\u0153uvr\u00e9 face \u00e0 si peu dintelligence et \u00e0 tant dirrespect pour les r\u00e9sidents de cette rue ennuy\u00e9s quotidiennement par drux malheureux bars. Pourquoi les grives de police font si inactives? Sachant que la police ne fera rien comme dhabitude car on en a rien \u00e0 faire des gens qui vivent dans le 11e contrairement \u00e0 ceux qui vient dans le 16e ou \u00e0 Neuilly, Les \u00e9tablissements ayant des concessions Rives gauches comme le rosa bonheur, le flow, le faust.. Pensent quils sont en zone de non droit et prot\u00e9g\u00e9 par la ville de Paris. Concernant lisolation phonique, je suis navr\u00e9 quelle nait pas \u00e9t\u00e9 \u00e0 la hauteur de vos attentes et j\u00e9changerai \u00e0 ce sujet avec mon responsable lorsque nous \u00e9voquerons les futures r\u00e9novations. Je transmettrais vos compliments \u00e0 mes \u00e9quipes concernant leur accueil <img decoding=\"async\" src=\"http:\/\/transports.blog.lemonde.fr\/files\/2014\/10\/metro-ouverture-cuisses.jpg\" alt=\"j ai rencontre ce matin dans le metro parisien\" align=\"center\">.<\/p>\n","protected":false},"excerpt":{"rendered":"<p>j ai rencontre ce matin dans le metro parisien<\/p>\n","protected":false},"author":1,"featured_media":0,"comment_status":"closed","ping_status":"closed","sticky":false,"template":"","format":"standard","meta":{"footnotes":""},"categories":[1],"tags":[],"_links":{"self":[{"href":"http:\/\/geodeta.gorzow.pl\/www\/wp-json\/wp\/v2\/posts\/212"}],"collection":[{"href":"http:\/\/geodeta.gorzow.pl\/www\/wp-json\/wp\/v2\/posts"}],"about":[{"href":"http:\/\/geodeta.gorzow.pl\/www\/wp-json\/wp\/v2\/types\/post"}],"author":[{"embeddable":true,"href":"http:\/\/geodeta.gorzow.pl\/www\/wp-json\/wp\/v2\/users\/1"}],"replies":[{"embeddable":true,"href":"http:\/\/geodeta.gorzow.pl\/www\/wp-json\/wp\/v2\/comments?post=212"}],"version-history":[{"count":1,"href":"http:\/\/geodeta.gorzow.pl\/www\/wp-json\/wp\/v2\/posts\/212\/revisions"}],"predecessor-version":[{"id":213,"href":"http:\/\/geodeta.gorzow.pl\/www\/wp-json\/wp\/v2\/posts\/212\/revisions\/213"}],"wp:attachment":[{"href":"http:\/\/geodeta.gorzow.pl\/www\/wp-json\/wp\/v2\/media?parent=212"}],"wp:term":[{"taxonomy":"category","embeddable":true,"href":"http:\/\/geodeta.gorzow.pl\/www\/wp-json\/wp\/v2\/categories?post=212"},{"taxonomy":"post_tag","embeddable":true,"href":"http:\/\/geodeta.gorzow.pl\/www\/wp-json\/wp\/v2\/tags?post=212"}],"curies":[{"name":"wp","href":"https:\/\/api.w.org\/{rel}","templated":true}]}}