{"id":230,"date":"2020-06-20T23:38:38","date_gmt":"2020-06-20T23:38:38","guid":{"rendered":"http:\/\/geodeta.gorzow.pl\/www\/?p=230"},"modified":"2020-06-20T19:36:28","modified_gmt":"2020-06-20T19:36:28","slug":"rencontre-vallorbe","status":"publish","type":"post","link":"http:\/\/geodeta.gorzow.pl\/www\/2020\/06\/20\/rencontre-vallorbe\/","title":{"rendered":"Rencontre Vallorbe"},"content":{"rendered":"<p>69-Particulier vend Suzuki Vitara 1,6 VVT Pack Allgrip 4X4, Galactic Grey Metal, toutes options, 53 000 T\u00e9l : 021 557 48 00 Horaire Lundi : M. Min\u00e9ot et Mme Rochat Annonces dans Rencontres, vallorbe-Petitesannonces.ch Decouvrez les secrets des plantes carnivores et de leurs redoutables pi\u00e8ges. Conversation avec lartiste new-yorkais Dean Monogenis qui sera expos\u00e9 chez Baronian Xippas de Bruxelles d\u00e8s le 13 mars 2020 article en anglais Moment agr\u00e9able de lecture. On devine assez vite la fin funeste. 71-RECHERCHE tous travaux manuels de la vigne \u00e9bourgeonnage, levage et relevage etc. R\u00e9f. 19VB1 Overgrass est un groupe garage rock indie rock et navigue entre les univers et les \u00e9poques avec \u00e9l\u00e9gance. Le groupe soigne ses concerts dans lesquels ses membres se sentent dans leur \u00e9l\u00e9ment. Leur dynamisme et \u00e9nergie contrastent avec une certaine douceur d\u00e9chain\u00e9e.. NWann? Samstag span 22. Septemberspanspan 2018!nbsp;spanspanspanhatul Abendprogramm:nbsp;  Gros p\u00e9p\u00e8re qui va faire tremp\u00eate!-Photo de Juraparc, Vallorbe Photo de : Gros p\u00e9p\u00e8re qui va faire tremp\u00eate! Le 13 e corps de la atteint la rive gauche de l pr\u00e8s de et de.  Consid\u00e9r\u00e9 comme le Grenier de la Suisse gr\u00e2ce \u00e0 ses \u00e9tendues c\u00e9r\u00e9ali\u00e8res, Echallens rend hommage aux traditions agricoles, meuni\u00e8res et boulang\u00e8res \u00e0 travers la F\u00eate du Bl\u00e9 et du Pain. Pr\u00e9sident de la Maison du Bl\u00e9 et du Pain dEchallens et natif de la r\u00e9gion, Marc-Etienne Piot \u00e9voque cette manifestation villageoise et lengouement de sa population avec des \u00e9toiles dans les yeux. Mise sur pied en 1978, la quatri\u00e8me F\u00eate du Bl\u00e9 et du Pain se tiendra du 15 au 26 ao\u00fbt 2018 sous forme de spectacle mettant en sc\u00e8ne pr\u00e8s de 800 personnes, professionnels ou amateurs. 40000 spectateurs sont attends pour c\u00e9l\u00e9brer le temps des moissons, les h\u00e9ritages agricoles mill\u00e9naires et le pain qui a longtemps \u00e9t\u00e9 la base de notre alimentation. Sortie de P\u00e2ques au Camping les Cygognes \u00e0 Cerney ANNUL\u00c9E  nLe but est de d\u00e9velopper une relation de confiancespanspan \u00e0 travers diff\u00e9rentes activit\u00e9s comme se rencontrer dans un caf\u00e9, cuisiner, d\u00e9couvrir des endroits, des nouvelles personnes ou encore participer aux activit\u00e9s de la Red ensemble! <img decoding=\"async\" src=\"http:\/\/blog-fr-amstein-walthert.ch\/wp-content\/uploads\/2017\/08\/Vallorbe.jpg\" alt=\"rencontre vallorbe\" align=\"center\"> <img decoding=\"async\" src=\"http:\/\/cache.media.education.gouv.fr\/image\/2018\/10\/9\/ojectif_958109.110.jpg\" alt=\"rencontre vallorbe\" align=\"left\"> et terminer avec nous, dans la joie et la bonne humeur, cette aventure heureuse qui avait pour nom ARTCADACHE Les fromages \u00e0 p\u00e2te molle reposent avant d\u00eatre d\u00e9gust\u00e9s. Promulgation dun ordre, sign\u00e9 par, et, prescrivant la d\u00e9fense acharn\u00e9e des villes investies par les Alli\u00e9s. Enregistrer mon nom, mon e-mail et mon site web dans le navigateur pour mon prochain commentaire. Je suis \u00e0 la recherche dune relation s\u00e9rieuse et durable Jaime.. \u0391\u03c0\u03cc \u03c4\u03bf 1978 \u03bc\u03ad\u03c7\u03c1\u03b9 \u03ba\u03b1\u03b9 \u03c3\u03ae\u03bc\u03b5\u03c1\u03b1 \u03b7 \u03b5\u03c4\u03b1\u03b9\u03c1\u03b5\u03af\u03b1 \u0393\u0399\u0391\u039d\u039d\u039f\u03a5\u039b\u0391\u039a\u0397\u03a3 \u0391.\u0395.\u03b1\u03ba\u03bf\u03bb\u03bf\u03c5\u03b8\u03b5\u03af \u03bc\u03b9\u03b1 \u03c3\u03c5\u03bd\u03b5\u03c7\u03cc\u03bc\u03b5\u03bd\u03b7 <img decoding=\"async\" src=\"http:\/\/anmsm.media.tourinsoft.eu\/Upload\/3761073.jpg\" alt=\"rencontre vallorbe\" align=\"right\"> LAmandine, un nom qui nous fait d\u00e9j\u00e0 saliver et une friandise qui en fait craquer plus dun! Sp\u00e9cialit\u00e9 de Sainte-Croix, elle est \u00e9labor\u00e9e \u00e0 la boulangerie confiserie la Gourmandine par Reynald Jaccard et son \u00e9quipe, gardiens du tour de main particulier qui a fait de lAmandine une p\u00e2tisserie unique. NActivit\u00e9 pour tous, pas besoin dexp\u00e9rience, pas besoin de technique de danse, juste une pointe de curiosit\u00e9!hatul Tanzspielspanspan in La Red, n\u00e4chste Datenspanspan: Samstag 7. Juli um 10h, Samstag 14. Juli um 14:30 undnbsp;Samstag 28 Juli um 10Uhr!nbsp;hatul Bei diesem Tanzkurs wirst du dich von einem professionellen T\u00e4nzerspanspan Herv\u00e9 Scherwey leiten lassen um deinen K\u00f6rper durch Spiel und einfache Bewegung kennenzulernen!<\/p>\n","protected":false},"excerpt":{"rendered":"<p>rencontre vallorbe<\/p>\n","protected":false},"author":1,"featured_media":0,"comment_status":"closed","ping_status":"closed","sticky":false,"template":"","format":"standard","meta":{"footnotes":""},"categories":[1],"tags":[],"_links":{"self":[{"href":"http:\/\/geodeta.gorzow.pl\/www\/wp-json\/wp\/v2\/posts\/230"}],"collection":[{"href":"http:\/\/geodeta.gorzow.pl\/www\/wp-json\/wp\/v2\/posts"}],"about":[{"href":"http:\/\/geodeta.gorzow.pl\/www\/wp-json\/wp\/v2\/types\/post"}],"author":[{"embeddable":true,"href":"http:\/\/geodeta.gorzow.pl\/www\/wp-json\/wp\/v2\/users\/1"}],"replies":[{"embeddable":true,"href":"http:\/\/geodeta.gorzow.pl\/www\/wp-json\/wp\/v2\/comments?post=230"}],"version-history":[{"count":1,"href":"http:\/\/geodeta.gorzow.pl\/www\/wp-json\/wp\/v2\/posts\/230\/revisions"}],"predecessor-version":[{"id":231,"href":"http:\/\/geodeta.gorzow.pl\/www\/wp-json\/wp\/v2\/posts\/230\/revisions\/231"}],"wp:attachment":[{"href":"http:\/\/geodeta.gorzow.pl\/www\/wp-json\/wp\/v2\/media?parent=230"}],"wp:term":[{"taxonomy":"category","embeddable":true,"href":"http:\/\/geodeta.gorzow.pl\/www\/wp-json\/wp\/v2\/categories?post=230"},{"taxonomy":"post_tag","embeddable":true,"href":"http:\/\/geodeta.gorzow.pl\/www\/wp-json\/wp\/v2\/tags?post=230"}],"curies":[{"name":"wp","href":"https:\/\/api.w.org\/{rel}","templated":true}]}}