{"id":262,"date":"2020-06-20T22:03:43","date_gmt":"2020-06-20T22:03:43","guid":{"rendered":"http:\/\/geodeta.gorzow.pl\/www\/?p=262"},"modified":"2020-06-20T19:59:04","modified_gmt":"2020-06-20T19:59:04","slug":"rencontre-librairie-kleber","status":"publish","type":"post","link":"http:\/\/geodeta.gorzow.pl\/www\/2020\/06\/20\/rencontre-librairie-kleber\/","title":{"rendered":"Rencontre Librairie Kleber"},"content":{"rendered":"<p> ENTRETIEN-Tandis que dix \u00e9crivains fran\u00e7ais nous donnent leur titre pr\u00e9f\u00e9r\u00e9 du grand Jef, le romancier espagnol, ancien grand reporter, \u00e9voque son glorieux a\u00een\u00e9. Librairie Mollat \u00c3 Bordeaux. Rencontre avec Denis Labouret\u00c2 \u00c3 18 h. Administration, services g\u00e9n\u00e9raux, secr\u00e9tariat, accueil Impossible de partager les articles de votre blog par e-mail. Accueil des premiers visiteurs au ch\u00e2teau du Haut-Koenigsbourg Tous les \u00e9v\u00e9nements sont suspendus temporairement, en raison des conditions sanitaires actuelles.  30 000 euros pour les soignants des personnes \u00e2g\u00e9es \u00e0 domicile sur le Grand Est Simon BAUMERT, co-fondateur de Z\u00c9RO D\u00c9CHET STRASBOURG ferra un point sur limpact du tout jetable, et parlera des alternatives et des gestes \u00e0 favoriser. Activer JavaScript dans votre navigateur pour acc\u00e9der \u00e0 linscription sur notre site 10h00 brunch 14h00 d\u00e9bat avec Hanane Karimi et Yuba Boujemaa 17h00 Concert de Said Zerwali Pierre Jahan et Jean Cocteau, La Mort et les Statues, Les \u00e9ditions de lAmateur, 2008-Cet ouvrage regroupe une s\u00e9rie de photos de Pierre Jahan r\u00e9alis\u00e9es en 1942 dans lentrep\u00f4t de stockage des statues r\u00e9quisitionn\u00e9es. Invitation conf\u00e9rence de presse en ligne Pr\u00e9sentation de saison 20-21 Lassociation Strasbourg-M\u00e9diterran\u00e9e est pens\u00e9e et con\u00e7ue comme un r\u00e9seau. Elle \u0153uvre \u00e0 valoriser et promouvoir en Alsace lhistoire, les m\u00e9moires et les cultures de la M\u00e9diterran\u00e9e. Elle organise le Festival et en alternance, tous les 2 ans les Rencontres de Strasbourg-M\u00e9diterran\u00e9e. INVIT PRESSE : Reconqu\u00e9rir Strasbourg pour y f\u00eater l\u00e9t\u00e9 Le pr\u00e9sident du Conseil et le g\u00e9n\u00e9ral, commandant de police de Paris, le 1 er mai 1943. Inscrivez-vous \u00e0 notre newsletter Quels types de newsletters souhaitez-vous recevoir?  <img decoding=\"async\" src=\"http:\/\/www.lescroonersalhonneur.com\/medias\/images\/article.strasbourg.magazine.avr-mai.2014.png\" alt=\"rencontre librairie kleber\" align=\"right\"> <img decoding=\"async\" src=\"http:\/\/www.bfmtv.com\/i\/710\/400\/80a\/7ac5e6b9fcb5a31e31238f2d355f2.jpg\" alt=\"rencontre librairie kleber\" align=\"center\"> 11, : autre si\u00e8ge de la Police de s\u00fbret\u00e9 allemande \u00e0 Paris. Appel\u00e9 KDS Paris Kommando des Sipo-SD. Il sagit aujourdhui du minist\u00e8re de lInt\u00e9rieur. <img decoding=\"async\" src=\"http:\/\/sabinetrensz.com\/fileadmin\/user_upload\/Presse\/DNA_21.01.2016.jpg\" alt=\"rencontre librairie kleber\" align=\"right\">.<\/p>\n","protected":false},"excerpt":{"rendered":"<p>rencontre librairie kleber<\/p>\n","protected":false},"author":1,"featured_media":0,"comment_status":"closed","ping_status":"closed","sticky":false,"template":"","format":"standard","meta":{"footnotes":""},"categories":[1],"tags":[],"_links":{"self":[{"href":"http:\/\/geodeta.gorzow.pl\/www\/wp-json\/wp\/v2\/posts\/262"}],"collection":[{"href":"http:\/\/geodeta.gorzow.pl\/www\/wp-json\/wp\/v2\/posts"}],"about":[{"href":"http:\/\/geodeta.gorzow.pl\/www\/wp-json\/wp\/v2\/types\/post"}],"author":[{"embeddable":true,"href":"http:\/\/geodeta.gorzow.pl\/www\/wp-json\/wp\/v2\/users\/1"}],"replies":[{"embeddable":true,"href":"http:\/\/geodeta.gorzow.pl\/www\/wp-json\/wp\/v2\/comments?post=262"}],"version-history":[{"count":1,"href":"http:\/\/geodeta.gorzow.pl\/www\/wp-json\/wp\/v2\/posts\/262\/revisions"}],"predecessor-version":[{"id":263,"href":"http:\/\/geodeta.gorzow.pl\/www\/wp-json\/wp\/v2\/posts\/262\/revisions\/263"}],"wp:attachment":[{"href":"http:\/\/geodeta.gorzow.pl\/www\/wp-json\/wp\/v2\/media?parent=262"}],"wp:term":[{"taxonomy":"category","embeddable":true,"href":"http:\/\/geodeta.gorzow.pl\/www\/wp-json\/wp\/v2\/categories?post=262"},{"taxonomy":"post_tag","embeddable":true,"href":"http:\/\/geodeta.gorzow.pl\/www\/wp-json\/wp\/v2\/tags?post=262"}],"curies":[{"name":"wp","href":"https:\/\/api.w.org\/{rel}","templated":true}]}}