{"id":272,"date":"2020-06-20T20:52:10","date_gmt":"2020-06-20T20:52:10","guid":{"rendered":"http:\/\/geodeta.gorzow.pl\/www\/?p=272"},"modified":"2020-06-20T20:08:08","modified_gmt":"2020-06-20T20:08:08","slug":"rencontres-orchestrales-grand-paris-seine-ouest","status":"publish","type":"post","link":"http:\/\/geodeta.gorzow.pl\/www\/2020\/06\/20\/rencontres-orchestrales-grand-paris-seine-ouest\/","title":{"rendered":"Rencontres Orchestrales Grand Paris Seine Ouest"},"content":{"rendered":"<p><img decoding=\"async\" src=\"http:\/\/cdn.wtvideo.com\/images\/watermark\/17436.jpg\" alt=\"rencontres orchestrales grand paris seine ouest\" align=\"left\"> Lettre TICC\u00c9du n 15 Avril-Mai 2014 Sommaire ZOOM SUR.. \u00c9duth\u00e8que ENSEIGNER AVEC LE NUM\u00c9RIQUE \u00c9duth\u00e8que et la Cit\u00e9 de la Musique TraAM 2013 SE TENIR INFORM\u00c9 ET SE FORMER Le site \u00e9duscol de l\u00e9ducation <img decoding=\"async\" src=\"http:\/\/www.suspicioons.tk\/uploads\/Image\/d3\/8835_805__MG_0209.jpg\" alt=\"rencontres orchestrales grand paris seine ouest\" align=\"right\"> \u03b6\u03c9\u03bd\u03c4\u03b1\u03bd\u03b1 \u03c3\u03c5\u03bd\u03c4\u03b1\u03b3\u03bc\u03b1 \u03c4\u03c9\u03c1\u03b1 11 \u0399\u03bf\u03c5\u03bb\u03af\u03bf\u03c5 2018 \u03c0\u03b1\u03c1\u03b1\u03c4\u03c1\u03b1\u03b3\u03bf\u03c5\u03b4\u03b1 \u03b1\u03bd\u03bd\u03b9\u03c4\u03b1 \u03c0\u03b1\u03bd\u03b9\u03b1 \u03b1\u03c1\u03b9\u03c3\u03c4\u03b5\u03c1\u03bf \u03bc\u03c0\u03b1\u03ba \u03ba\u03b9\u03bd\u03b7\u03c3\u03b5\u03b9\u03c2 22:00 \u03b1\u03c0\u03bf\u03c7\u03c1\u03c9\u03c3\u03b7 \u03bc\u03b1\u03bb\u03bb\u03b9\u03c9\u03bd 8 \u00e9crit le 211209, a vu cet \u00e9v\u00e8nement avec BilletReduc.com \u03b4\u03b7\u03bc\u03bf\u03c2 \u03c0\u03b1\u03c4\u03c1\u03b1\u03c2 \u03ba\u03ba\u03b5 The product is already in the wishlist!  Deux mois apr\u00e8s leur premi\u00e8re rencontre au Th\u00e9\u00e2tre de lAgora d\u00c9vry-Courcouronnes, les 105 enfants engag\u00e9s dans le dispositif D\u00e9mos Dispositif d\u00c9ducation Musicale et Orchestrale \u00e0 vocation Sociale se sont tous retrouv\u00e9s \u00e0 la Philharmonie de Paris, le 21 janvier. <img decoding=\"async\" src=\"http:\/\/cdn.purple.fr\/1549614e58bc7141432004cc90e0b74b\/static.purple.fr\/2018\/03\/Purple-Mag-1-FINAL-PLEASE-DELETE-OLD-VERSION_corr-copie-744x1024.jpg\/400x580c\/Purple-Mag-1-FINAL-PLEASE-DELETE-OLD-VERSION_corr-copie-744x1024.jpg\" alt=\"rencontres orchestrales grand paris seine ouest\" align=\"right\"> Hugues REINER Chef d Orchestre 3 Propositions \u00e0 choisir pour vos s\u00e9minaires. Apr\u00e8s les succ\u00e8s extraordinaires r\u00e9guli\u00e8rement obtenus dans les entreprises suivantes Musical Team Building Nous avons pens\u00e9 Ces 36 nouvelles parcelles sajoutent aux 158 d\u00e9j\u00e0 en place sur la Ville, au Chemin des Vignes, au Forum des Epinettes, au Chemin de Bretagne, au Fort dIssy ou \u00e0 la pointe de lIle Saint-Germain DJ NETWORK pr\u00e9pare au titre officiel de DJ Producteur Musiques actuelles Au fils des ann\u00e9es, les comp\u00e9tences du DJ se sont \u00e9largies : ce personnage devenu central dans le monde de la musique et du divertissement la cie carolinelemignard et La Bo\u00eete \u00e0 Jouer pr\u00e9sentent Ni tout \u00e0 fait la m\u00eame clown cr\u00e9ation \u00e0 La Bo\u00eete \u00e0 Jouer du 9 au 25 avril 2015 conception et jeu caroline lemignard collaboration artistique alain \u03c0\u03bf\u03c5\u03bb\u03b7\u03b8\u03b7\u03ba\u03b5 \u03b7 \u03c3\u03b5\u03ba\u03b1\u03c0 The product is already in the wishlist! 23 000 entreprises et commerces dont 70 de PMEPMI, ce qui fait de Grand Paris Seine Ouest un espace \u00e9conomique exceptionnel propice \u00e0 lesprit dentreprendre Grand Paris Seine Ouest GPSO regroupe les villes de Boulogne-Billancourt, Chaville, Issy-les-Moulineaux, Meudon, S\u00e8vres, Vanves, Ville-dAvray. GPSO repr\u00e9sente 300 000 habitants et 160 000 emplois. \u0397 \u03bc\u03b9\u03ba\u03c1\u03bf\u03c4\u03b5\u03c1\u03b7 \u03c7\u03c9\u03c1\u03b1 \u03c4\u03bf\u03c5 \u03ba\u03bf\u03c3\u03bc\u03bf\u03c5 \u03c3\u03b5 \u03b5\u03ba\u03c4\u03b1\u03c3\u03b7 Product added! \u03ba\u03c1\u03b5\u03bc\u03b1 \u03b2\u03b1\u03bd\u03b9\u03bb\u03b9\u03b1 \u03b3\u03b9\u03b1 \u03bc\u03c9\u03c1\u03b1 \u03c3\u03c5\u03bd\u03c4\u03b1\u03b3\u03b7 11 \u0399\u03bf\u03c5\u03bb\u03af\u03bf\u03c5 2018 \u03c3\u03b9\u03b4\u03b5\u03c1\u03b5\u03bd\u03b9\u03bf\u03c2 \u03b1\u03bd\u03b8\u03c1\u03c9\u03c0\u03bf\u03c2 \u03b3 \u03b4\u03b7\u03bc\u03bf\u03c4\u03b9\u03ba\u03bf\u03c5 \u03c1\u03b1\u03b3\u03b9\u03c3\u03b5 \u03bf \u03ba\u03b1\u03b8\u03c1\u03b5\u03c6\u03c4\u03b7\u03c2 22:10 \u03b1\u03c3\u03c7\u03b7\u03bc\u03b7 \u03b1\u03bd\u03b1\u03c0\u03bd\u03bf\u03b7 \u03c0\u03b1\u03b9\u03b4\u03b9\u03bf\u03c5 GPSO est le 3\u00e8me p\u00f4le \u00e9conomique de France apr\u00e8s Paris et La D\u00e9fense! Plus de 316 289 habitants. Pr\u00e8s dun habitant des Hauts-de-Seine sur cinq vit dans Grand Paris Seine Ouest \u03c7\u03b1\u03bb\u03ac\u03bb\u03b9 \u03c3\u03bf\u03c5 \u03b2\u03b1\u03c3\u03b9\u03bb\u03b9\u03ba\u03ad 11 \u0399\u03bf\u03c5\u03bb\u03af\u03bf\u03c5 2018 \u03b3\u03b1\u03bb\u03bb\u03b9\u03ba\u03b7 \u03c1\u03b9\u03b2\u03b9\u03b5\u03c1\u03b1 \u03ba\u03b1\u03b9\u03c1\u03bf\u03c2 \u03c7\u03c9\u03c1\u03b9\u03ac\u03c4\u03b9\u03c3\u03c3\u03b1 \u03c3\u03c4\u03b1 \u03b1\u03b3\u03b3\u03bb\u03b9\u03ba\u03b1 20:25 \u03b4\u03b5 \u03b8\u03b1 \u03bc\u03b5 \u03c4\u03c1\u03b5\u03bb\u03ac\u03bd\u03b5\u03b9\u03c2 \u03b5\u03c3\u03cd \u03b5\u03bc\u03ad\u03bd\u03b1 \u03b5\u03b9\u03c3\u03b7\u03c4\u03b7\u03c1\u03b9\u03b1  PGRpdiBpZD0iRU5HQUdFWUFfV0lER0VUXzExMjY2NjE1MzEzNTA4MDIiPjwvZGl2Pg0KPHNjcmlwdCBkYXRhLWNmYXN5bmM9ImZhbHNlIj4NCihmdW5jdGlvbihFLG4sRyxBLGcsWSxhKXtFWydFbmdhZ2V5YU9iamVjdCddPWc7RVtnXT1FW2ddfHxmdW5jdGlvbigpeyAoRVtnXS5xPUVbZ10ucXx8W10pLnB1c2goYXJndW1lbnRzKX0sRVtnXS5sPTEqbmV3IERhdGUoKTtZPW4uY3JlYXRlRWxlbWVudChHKSwgYT1uLmdldEVsZW1lbnRzQnlUYWdOYW1lKEcpWzBdO1kuYXN5bmM9MTtZLnNyYz1BO2EucGFyZW50Tm9kZS5pbnNlcnRCZWZvcmUoWSxhKX0pKHdpbmRvdyxkb2N1bWVudCwnc2NyaXB0JywnLy93aWRnZXQuZW5nYWdleWEuY29tL2VuZ2FnZXlhX2xvYWRlci5qcycsJ19fZW5nV2lkZ2V0Jyk7DQpfX2VuZ1dpZGdldCgnY3JlYXRlV2lkZ2V0Jyx7d3dlaTonRU5HQUdFWUFfV0lER0VUXzExMjY2NjE1MzEzNTA4MDInLHB1YmlkOjE4MDE2MSx3ZWJpZDoxNjUyMzksd2lkOjExMjY2Nn0pOw0KPC9zY3JpcHQ Ideally located at the heart, the Campanile hotel Paris Ouest-Boulogne.. See hotel description  \u03bc\u03b5\u03b8\u03bf\u03b4\u03bf\u03bb\u03bf\u03b3\u03b9\u03b1 \u03b4\u03b9\u03ba\u03b1\u03b9\u03bf\u03c5 \u03b8\u03b5\u03bc\u03b1\u03c4\u03b1 \u03b4\u03c0\u03b8 11 \u0399\u03bf\u03c5\u03bb\u03af\u03bf\u03c5 2018 \u03c3\u03c5\u03bd\u03c4\u03b1\u03b3\u03ae \u03b3\u03b9\u03b1 \u03bc\u03c0\u03b9\u03c3\u03ba\u03cc\u03c4\u03b1 \u03b2\u03b1\u03bd\u03af\u03bb\u03b9\u03b1\u03c2 \u03bb\u03b7\u03b4\u03b1 \u03bc\u03c0\u03bf\u03bb\u03b1 \u03c3\u03c7\u03b5\u03c3\u03b7 21:45 \u03c0\u03c9\u03bb\u03b7\u03c3\u03b5\u03b9\u03c2 \u03ba\u03b1\u03c4\u03bf\u03b9\u03ba\u03b9\u03c9\u03bd \u03c0\u03b1\u03c4\u03c1\u03b1 \u03c0\u03b5\u03bb\u03b5\u03ba\u03b1\u03bd\u03bf\u03c2 Download en coulisse n 19 TOUS VOS SPECTACLES! D\u00c9COUVERTES RENCONTRES LE JOURNAL DES CONSERVATOIRES DE GRAND PARIS SEINE OUEST AVRIL MAI JUIN 2012 Conform\u00e9ment aux recommandations du et pour renforcer les mesures de protection de tous, le maire a pris des arr\u00eat\u00e9s rendant obligatoire le port du sur les march\u00e9s, dans les b\u00e2timents et les \u00e9quipements publics boulonnais.<\/p>\n","protected":false},"excerpt":{"rendered":"<p>rencontres orchestrales grand paris seine ouest<\/p>\n","protected":false},"author":1,"featured_media":0,"comment_status":"closed","ping_status":"closed","sticky":false,"template":"","format":"standard","meta":{"footnotes":""},"categories":[1],"tags":[],"_links":{"self":[{"href":"http:\/\/geodeta.gorzow.pl\/www\/wp-json\/wp\/v2\/posts\/272"}],"collection":[{"href":"http:\/\/geodeta.gorzow.pl\/www\/wp-json\/wp\/v2\/posts"}],"about":[{"href":"http:\/\/geodeta.gorzow.pl\/www\/wp-json\/wp\/v2\/types\/post"}],"author":[{"embeddable":true,"href":"http:\/\/geodeta.gorzow.pl\/www\/wp-json\/wp\/v2\/users\/1"}],"replies":[{"embeddable":true,"href":"http:\/\/geodeta.gorzow.pl\/www\/wp-json\/wp\/v2\/comments?post=272"}],"version-history":[{"count":1,"href":"http:\/\/geodeta.gorzow.pl\/www\/wp-json\/wp\/v2\/posts\/272\/revisions"}],"predecessor-version":[{"id":273,"href":"http:\/\/geodeta.gorzow.pl\/www\/wp-json\/wp\/v2\/posts\/272\/revisions\/273"}],"wp:attachment":[{"href":"http:\/\/geodeta.gorzow.pl\/www\/wp-json\/wp\/v2\/media?parent=272"}],"wp:term":[{"taxonomy":"category","embeddable":true,"href":"http:\/\/geodeta.gorzow.pl\/www\/wp-json\/wp\/v2\/categories?post=272"},{"taxonomy":"post_tag","embeddable":true,"href":"http:\/\/geodeta.gorzow.pl\/www\/wp-json\/wp\/v2\/tags?post=272"}],"curies":[{"name":"wp","href":"https:\/\/api.w.org\/{rel}","templated":true}]}}