{"id":354,"date":"2020-06-20T22:10:37","date_gmt":"2020-06-20T22:10:37","guid":{"rendered":"http:\/\/geodeta.gorzow.pl\/www\/?p=354"},"modified":"2020-06-20T20:57:08","modified_gmt":"2020-06-20T20:57:08","slug":"rencontre-mouy","status":"publish","type":"post","link":"http:\/\/geodeta.gorzow.pl\/www\/2020\/06\/20\/rencontre-mouy\/","title":{"rendered":"Rencontre Mouy"},"content":{"rendered":"<p> Philippe, son \u00e9poux, fait patienter dans son jardin deux minutes, le temps de retrouver un calendrier achet\u00e9 \u00e0 Clermont-Ferrand. Sur le pont de jour comme de nuit, il la annot\u00e9 comme un calepin de d\u00e9tective. Le couple se d\u00e9place partout en voiture, du Nord au Sud. De temps \u00e0 autre, Sophie et Philippe, qui travaillent dans le secteur du luminaire, proposent \u00e0 des connaissances de les embarquer avec eux Flop. Il l\u00e8ve la t\u00eate : Mes amis dici ne veulent pas me parler des gilets jaunes. Pourtant il y en a qui sont dans la mis\u00e8re. Il y a un peu plus dun an, jen ai aid\u00e9 un chez qui les huissiers \u00e9taient venus frapper. Je lui ai pr\u00eat\u00e9 1 500 euros pour quil puisse \u00eatre tranquille. On sen fout, en fait. Mais lui et dautres personnes savent tr\u00e8s bien que je vais manifester avec ma femme. Je nai jamais re\u00e7u de coup de fil pour savoir si tout allait bien, si j\u00e9tais bien rentr\u00e9. Il rassure : au fil des week-ends, il sest fait dautres amis qui comprennent tout \u00e7a, ce qui att\u00e9nue la d\u00e9ception. Cest une nouvelle jolie r\u00e9colte de podiums et autres tires de Champion de lOise quont r\u00e9alis\u00e9 nos athl\u00e8tes \u00e0 Compi\u00e8gne. Plusieurs records personnels am\u00e9lior\u00e9s, des minimas r\u00e9alis\u00e9s en vue des R\u00e9gionaux et la palme revient \u00e0 C\u00e9cile Naze qualifiable aux France Elite en Marche juste devant Marine Cornelie triple saut et Candice Morelle marteau, toutes 2 qualifi\u00e9es aux France. Par ailleurs, Elodie Naze devient championne des Hauts de France sur 5000m, toute proche dune qualification aux Elite alors que lors dun meeting en Belgique, Flora Poupenez r\u00e9alise encore un super chrono.. Dazur, \u00e0 la roue dent\u00e9e dor, charg\u00e9e de deux outils de filage et de tissage dargent pass\u00e9es en sautoir ; une t\u00eate en rencontre de b\u00e9lier du m\u00eame brochant en ab\u00eeme sur-le-tout. <img decoding=\"async\" src=\"http:\/\/www.dream.vino-talk.com\/medias\/big-fichier-CCC-6526.jpg\" alt=\"rencontre mouy\" align=\"center\"> Sur sa chemin\u00e9e, une grenade de gaz lacrymog\u00e8ne et une balle de LBD-souvenirs devenus troph\u00e9es. Le message qui vient den haut est violent : quand on manifeste pour vivre de son travail, on nous explique que cest mal, que cest de lextr\u00e9misme. Mais cest extr\u00eame, de demander plus de pouvoir dachat? Il a \u00e9t\u00e9 aussi \u00e0 deux doigts de bannir ceux qui lui ont demand\u00e9 ce quil avait cass\u00e9 pendant les manifestations. Il prend un ton enfantin : Je nai cass\u00e9 quune fois dans ma vie : c\u00e9tait une bo\u00eete aux lettres dans ma cit\u00e9, \u00e0 Pontault-Combault. Javais 14 ans. Une femme de m\u00e9nage ma balanc\u00e9 \u00e0 mes parents. C\u00e9tait chaud. Dans son entourage, il y a ce policier qui narrive plus \u00e0 joindre les deux bouts. Il nous soutient, mais ne peut rien dire. Ce gars na pas les moyens dentretenir sa voiture. Je suis un passionn\u00e9, je lui fais gratuitement. On ma dit mais tu aides un flic? Et pourquoi pas? Je ne suis pas antiflics, ni m\u00eame antiriches tant quils paient ce quils doivent. D\u00e9couvrez comment Statista peut aider votre entreprise. Fixer un w\u00e9binaire Jaime les genre, rechercher un homme pour ma vie. Je suis sans emploi. Jai la lecture. Retrouv\u00e9 mon homme a vie Merci aussi aux papas pr\u00e9sents et \u00e0 Tahar pour leur grande disponibilit\u00e9.  L app\u00e2t rence, superficialit\u00e9.. \u00c0 bannir,retenant profil s\u00e9rieux pour construire une base solide dans lavenir.. R\u00e9gion: Apr\u00e8s lattaque de sa permanence samedi, le d\u00e9put\u00e9 Romain Grau est accus\u00e9 sur les r\u00e9seaux sociaux davoir menti en rejetant la faute sur des membres du mouvement de contestation qui manifestaient ce jour-l\u00e0.  Chaque jour, le D\u00e9partement de lOise sengage pour son territoire, ses communes et ses habitants \u00e0 travers le d\u00e9ploiement de nouveaux dispositifs conformes aux attentes des Oisiens. VNF, Voies navigables de France agit au quotidien pour pr\u00e9server son patrimoine et assurer son d\u00e9veloppement au service de la comp\u00e9titivit\u00e9 du transport et de la logistique. Les candidats de lOise Solidaire, \u00c9cologiste et Citoyenne sur le canton de Mouy, Je suis musicien aussi amateur, mais avec un groupe et on fait des concerts alors si tu naimes pas \u00e7a tu risques de beaucoup tennuyer. Dynamique, passionn\u00e9e danimaux, de danses modernes jazz. Aime voyager en France ou \u00e0 l\u00e9tranger. Gentille, attentionn\u00e9e, marrante cest ainsi que mes amis me d\u00e9crivent. Recherche une relation s\u00e9rieuse. R\u00e9gion: IFOP, Sources diverses Online S\u00e9duction 2018. Distribution des hommes fran\u00e7ais en couple en France en 2018, selon le lieu de rencontre de leur partenaire actuel Statista. Statista S\u00e0rl. Accessed: juin 12, 2020 Https:fr.statista.comstatistiques881297premiere-rencontre-couple-lieux-homme-france Je cherche une relation stable avec qui je pourrai refaire ma vie Mode mandataire : vous \u00eates lemployeur mais le service daide \u00e0 la personne se charge de la mise en relation, de la partie administrative et pourvoit au remplacement de lintervenant \u00e0 domicile Le projet se compose dun b\u00e2timent neuf et de la r\u00e9novation dun b\u00e2timent existant implant\u00e9 sur la commune de Mouy sur Seine Seine Marne France <img decoding=\"async\" src=\"http:\/\/www.villakujoyama.jp\/wp-content\/uploads\/2015\/06\/Iris_De_Mouy_05-DSC_4125.jpg\" alt=\"rencontre mouy\" align=\"center\"> <img decoding=\"async\" src=\"http:\/\/cache.media.education.gouv.fr\/image\/06_-_Juin\/64\/0\/concert-philarmonie_958640.94.jpg\" alt=\"rencontre mouy\" align=\"center\"> Pourquoi \u00e0 vol doiseau? Pour nous donner, nous laisser une impression de libert\u00e9 alors que le confinement se termine, ce ch\u00e2timent imm\u00e9rit\u00e9 par la n\u00e9gligence de nos dirigeants? A vol doiseau signifie en ligne droite, sans d\u00e9viation, tout droit. Il faudrait donc que nous nempruntions que des routes et autoroutes rectilignes. Pourquoi pas, mais o\u00f9 sont-elles, o\u00f9 vont-elles? Quelle hypocrisie. Cest un peu comme ne pas enlever ses cha\u00eenes \u00e0 un prisonnier, mais donner un peu de mou, ajouter des maillons \u00e0 ces cha\u00eenes. Bravo! Gros programme ce week-end avec les R\u00e9gionaux BEMI \u00e0 Nogent, un Kids Athletics \u00e0 St Leu pour les EAPO, et les Interr\u00e9gionaux de cross dans les Ardennes pour nos 12 qualifi\u00e9s un record!. Belle prestation par \u00e9quipe de nos petits jeunes en gymnase, le tout dans une super ambiance et \u00e0 un rythme soutenu. Lors des R\u00e9gionaux, Axel MONTREUIL bat une nouvelle fois le record de lOise sur 1000m mais il doit se contenter de la 2\u00e8me place ce qui nest d\u00e9j\u00e0 pas si mal joli palmar\u00e8s hivernal!. Sur le parcours tr\u00e8s s\u00e9lectif des Inter de cross \u00e0 Vrigne aux bois Ardennes, nos athl\u00e8tes ont bien tenu leur rang. R\u00e9sultat exceptionnel : 4 qualifi\u00e9s aux France Rose Marie MILLIEN, Nicolas POISSON ainsi que C\u00e9cile et Elodie NAZE et un podium pour C\u00e9cile NAZE 3\u00e8me cadette!!<\/p>\n","protected":false},"excerpt":{"rendered":"<p>rencontre mouy<\/p>\n","protected":false},"author":1,"featured_media":0,"comment_status":"closed","ping_status":"closed","sticky":false,"template":"","format":"standard","meta":{"footnotes":""},"categories":[1],"tags":[],"_links":{"self":[{"href":"http:\/\/geodeta.gorzow.pl\/www\/wp-json\/wp\/v2\/posts\/354"}],"collection":[{"href":"http:\/\/geodeta.gorzow.pl\/www\/wp-json\/wp\/v2\/posts"}],"about":[{"href":"http:\/\/geodeta.gorzow.pl\/www\/wp-json\/wp\/v2\/types\/post"}],"author":[{"embeddable":true,"href":"http:\/\/geodeta.gorzow.pl\/www\/wp-json\/wp\/v2\/users\/1"}],"replies":[{"embeddable":true,"href":"http:\/\/geodeta.gorzow.pl\/www\/wp-json\/wp\/v2\/comments?post=354"}],"version-history":[{"count":1,"href":"http:\/\/geodeta.gorzow.pl\/www\/wp-json\/wp\/v2\/posts\/354\/revisions"}],"predecessor-version":[{"id":355,"href":"http:\/\/geodeta.gorzow.pl\/www\/wp-json\/wp\/v2\/posts\/354\/revisions\/355"}],"wp:attachment":[{"href":"http:\/\/geodeta.gorzow.pl\/www\/wp-json\/wp\/v2\/media?parent=354"}],"wp:term":[{"taxonomy":"category","embeddable":true,"href":"http:\/\/geodeta.gorzow.pl\/www\/wp-json\/wp\/v2\/categories?post=354"},{"taxonomy":"post_tag","embeddable":true,"href":"http:\/\/geodeta.gorzow.pl\/www\/wp-json\/wp\/v2\/tags?post=354"}],"curies":[{"name":"wp","href":"https:\/\/api.w.org\/{rel}","templated":true}]}}