{"id":398,"date":"2020-06-20T23:32:36","date_gmt":"2020-06-20T23:32:36","guid":{"rendered":"http:\/\/geodeta.gorzow.pl\/www\/?p=398"},"modified":"2020-06-20T21:20:15","modified_gmt":"2020-06-20T21:20:15","slug":"rencontre-jeunes-entrepreneurs","status":"publish","type":"post","link":"http:\/\/geodeta.gorzow.pl\/www\/2020\/06\/20\/rencontre-jeunes-entrepreneurs\/","title":{"rendered":"Rencontre Jeunes Entrepreneurs"},"content":{"rendered":"<p><img decoding=\"async\" src=\"http:\/\/www.apaje.fr\/wp-content\/uploads\/2018\/05\/staff-2473863_1280-1280x577.jpg\" alt=\"rencontre jeunes entrepreneurs\" align=\"left\"> Cr\u00e9er et d\u00e9velopper son r\u00e9seau de franchise : formation dispens\u00e9e par la F\u00e9d\u00e9ration Fran\u00e7aise de la Franchise FFF pour les entrepreneurs d\u00e9veloppant un jeune r\u00e9seau ou souhaitant se d\u00e9velopper en franchise. <img decoding=\"async\" src=\"http:\/\/c2ime.eu\/wp-content\/uploads\/2017\/02\/Handisco-1200x480.jpg\" alt=\"rencontre jeunes entrepreneurs\" align=\"center\"> Voici donc la promotion 2018 du Classement des 30 jeunes entrepreneurs africains les plus prometteurs non ordonn\u00e9, qui transforment lAfrique aujourdhui. R\u00e9inventons lentreprise en observant les jeunes entrepreneurs-Ambitieuse pour lentreprise! La vie des entreprises : Et si des coll\u00e9giens d\u00e9barquaient  3 e Grande Rencontre des jeunes entrepreneurs du monde francophone <img decoding=\"async\" src=\"http:\/\/www.savoirnews.net\/infos\/wp-content\/uploads\/2015\/08\/arton10580.jpg\" alt=\"rencontre jeunes entrepreneurs\" align=\"right\"> Progresser dans lexercice de son m\u00e9tier de chef dentreprise  Teachmepad est une tablette \u00e9ducative concue au Cameroun. Destin\u00e9e particuli\u00e8rement aux \u00e9l\u00e8ves des zones rurales, elle comprend une dizaine dapplications avec un contenu \u00e9ducatif bilingue du primaire \u00e0 luniversit\u00e9 et reste modulable en fonction de chaque pays africain. Autres particularit\u00e9s; cette tablette int\u00e8gre des mat\u00e9riaux locaux, notamment de lessence de bois; utilise le solaire comme mode de rechargement alternatif et reste accessible sans connexion internet.  Le r\u00e9seau est anim\u00e9 par une animatrice d\u00e9di\u00e9e qui saura vous mettre efficacement en r\u00e9seau et vous aidera \u00e0 communiquer sur les espaces dEcobiz. Apporter notre dynamisme et notre cr\u00e9ativit\u00e9 au MEDEF et \u00eatre un laboratoire did\u00e9es pour alimenter leurs r\u00e9flexions. Ce voyage va les transformer et leur permettre de se construire. Autoplay When autoplay is enabled, a suggested video will automatically play next In\u00e9dit. Le pape Fran\u00e7ois convie les jeunes entrepreneurs du monde entier \u00e0 Assise Italie du 26 au 28 mars 2020. Cette rencontre doit permettre de changer l\u00e9conomie actuelle et donner une \u00e2me \u00e0 l\u00e9conomie de demain, a affirm\u00e9 le souverain pontife. Note: pour b\u00e9n\u00e9ficier du tarif, veuillez s\u00e9lectionner les Entrepreneurs Dirigeants chr\u00e9tiens Cette rencontre sadresse aux jeunes entrepreneurs francophones de 18 \u00e0 35 ans. La langue de travail est le fran\u00e7ais mais tous les entrepreneurs de la Grande R\u00e9gion peuvent faire acte de candidature. Pr\u00e8s de 400 jeunes entrepreneurs des pays du G20 se sont r\u00e9unis \u00e0 Fukuoka, les 16 et 17 mai dernier, anim\u00e9s par lenvie de partager leur vision positive sur le r\u00f4le des entrepreneurs dans la soci\u00e9t\u00e9. Cette journ\u00e9e est rendue possible gr\u00e2ce au soutien de notre partenaire pr\u00e9sentateur. 1er festival des m\u00e9tiers et des formations 100 en ligne.<\/p>\n","protected":false},"excerpt":{"rendered":"<p>rencontre jeunes entrepreneurs<\/p>\n","protected":false},"author":1,"featured_media":0,"comment_status":"closed","ping_status":"closed","sticky":false,"template":"","format":"standard","meta":{"footnotes":""},"categories":[1],"tags":[],"_links":{"self":[{"href":"http:\/\/geodeta.gorzow.pl\/www\/wp-json\/wp\/v2\/posts\/398"}],"collection":[{"href":"http:\/\/geodeta.gorzow.pl\/www\/wp-json\/wp\/v2\/posts"}],"about":[{"href":"http:\/\/geodeta.gorzow.pl\/www\/wp-json\/wp\/v2\/types\/post"}],"author":[{"embeddable":true,"href":"http:\/\/geodeta.gorzow.pl\/www\/wp-json\/wp\/v2\/users\/1"}],"replies":[{"embeddable":true,"href":"http:\/\/geodeta.gorzow.pl\/www\/wp-json\/wp\/v2\/comments?post=398"}],"version-history":[{"count":1,"href":"http:\/\/geodeta.gorzow.pl\/www\/wp-json\/wp\/v2\/posts\/398\/revisions"}],"predecessor-version":[{"id":399,"href":"http:\/\/geodeta.gorzow.pl\/www\/wp-json\/wp\/v2\/posts\/398\/revisions\/399"}],"wp:attachment":[{"href":"http:\/\/geodeta.gorzow.pl\/www\/wp-json\/wp\/v2\/media?parent=398"}],"wp:term":[{"taxonomy":"category","embeddable":true,"href":"http:\/\/geodeta.gorzow.pl\/www\/wp-json\/wp\/v2\/categories?post=398"},{"taxonomy":"post_tag","embeddable":true,"href":"http:\/\/geodeta.gorzow.pl\/www\/wp-json\/wp\/v2\/tags?post=398"}],"curies":[{"name":"wp","href":"https:\/\/api.w.org\/{rel}","templated":true}]}}