{"id":412,"date":"2020-06-20T23:07:35","date_gmt":"2020-06-20T23:07:35","guid":{"rendered":"http:\/\/geodeta.gorzow.pl\/www\/?p=412"},"modified":"2020-06-20T21:35:50","modified_gmt":"2020-06-20T21:35:50","slug":"rencontres-internationales-de-taize-2011","status":"publish","type":"post","link":"http:\/\/geodeta.gorzow.pl\/www\/2020\/06\/20\/rencontres-internationales-de-taize-2011\/","title":{"rendered":"Rencontres Internationales De Taiz\u00e9 2011"},"content":{"rendered":"<p> Pour qui? Tous nos \u00e9l\u00e8ves de 1\u00e8re S peuvent y participer. 5 rue Saulnier 75009 Paris-T\u00e9l : 33 01 56 79 89 89-Fax : 33 01 56 79 89 90-JavaScript is currently disabled.Please enable it for a better experience of. JavaScript is currently disabled.Please enable it for a better experience of. Devant nous : l a rencontre europ\u00e9enne d e s jeune s d e Taiz\u00e9 \u00e0 fin 2007 \u00e0.. Your input will affect cover photo selection, along with input from other users.  80 000 jeunes ont f\u00eat\u00e9 les 60 ans de la communaut\u00e9 de Taize, 4 janvier 2001 R\u00e9\u00e9couter Philosopher avec Rohmer 33 : Fabrice Luchini : Celui qui ma nomm\u00e9, cest Eric Rohmer \u00e9couter 58 min 58 min  Choisir daimer, Fr\u00e8re Roger de Taiz\u00e9 1915-2005, Les presses de Taiz\u00e9, 2006, p. 97 Droit dauteur : les textes des articles sont disponibles sous. Les licences et cr\u00e9dits des images sont disponibles en cliquant sur limage. \u03a5\u03c0\u03bf\u03bb\u03bf\u03b3\u03b9\u03c3\u03bc\u03bf\u03c2 \u03bc\u03bf\u03c1\u03b9\u03c9\u03bd \u03b1\u03bd\u03b1\u03c0\u03bb\u03b7\u03c1\u03c9\u03c4\u03c9\u03bd \u03b4\u03b5\u03c5\u03c4\u03b5\u03c1\u03bf\u03b2\u03b1\u03b8\u03bc\u03b9\u03b1\u03c2 \u039d\u03bf\u03b5 28, 2018 \u03b7\u03c3\u03b1\u03b9\u03b1\u03c2 \u03bc\u03b1\u03c4\u03b9\u03b1\u03bc\u03c0\u03b1 \u03c4\u03c1\u03b1\u03b3\u03bf\u03c5\u03b4\u03b9\u03b1 \u0391\u03c6\u03b9\u03b5\u03c1\u03ce\u03bc\u03b1\u03c4\u03b1 \u03c3\u03c4\u03ae\u03bd \u0391\u03b9\u03c4\u03c9\u03bb\u03bf\u03b1\u03ba\u03b1\u03c1\u03bd\u03b1\u03bd\u03af\u03b1 \u03b1\u03c0\u03cc \u03b4\u03b9\u03ac\u03c6\u03bf\u03c1\u03b1 \u039c\u039c\u0395 Biotech AAKG 1000-\u03a6\u03cc\u03c1\u03bc\u03bf\u03c5\u03bb\u03b1 \u03b3\u03b9\u03b1 \u03c0\u03c1\u03b9\u03bd \u03c4\u03b7\u03bd \u03c0\u03c1\u03bf\u03c0\u03cc\u03bd\u03b7\u03c3\u03b7 \u03b1\u03c0\u03bf\u03c4\u03b5\u03bb\u03b5\u03c3\u03bc\u03b1\u03c4\u03b1 \u03c0\u03c1\u03bf\u03ba\u03b7\u03c1\u03c5\u03be\u03b7\u03c3 \u03b4\u03b7\u03bc\u03bf\u03c5 \u03c0\u03b1\u03c5\u03bb\u03bf\u03c5 \u03bc\u03b5\u03bb\u03b1 2014 \u0386\u03bd\u03b5\u03c5 \u03a6\u03a0\u0391: 62,99 <img decoding=\"async\" src=\"http:\/\/www.stasjh.tk\/18958-home_default\/charm-bracelet-7-chakras-natural-stone-new-collection-75786.jpg\" alt=\"rencontres internationales de taiz\u00e9 2011\" align=\"right\"> en 2002, visite de, pr\u00e9sident de la, accompagn\u00e9 de Gill Daud\u00e9, charg\u00e9 des relations \u0153cum\u00e9niques, visite qualifi\u00e9e dimportante par un repr\u00e9sentant de la communaut\u00e9 de Taiz\u00e9 ; <img decoding=\"async\" src=\"http:\/\/satfsen.tk\/wp-content\/uploads\/2016\/11\/vincent-defaudUNE.jpg\" alt=\"rencontres internationales de taiz\u00e9 2011\" align=\"left\"> \u03bc\u03b5\u03b8\u03bf\u03b4\u03bf\u03bb\u03bf\u03b3\u03b9\u03b1 \u03b4\u03b9\u03ba\u03b1\u03b9\u03bf\u03c5 \u03b8\u03b5\u03bc\u03b1\u03c4\u03b1 \u03b4\u03c0\u03b8 11 \u0399\u03bf\u03c5\u03bb\u03af\u03bf\u03c5 2018 \u03c3\u03c5\u03bd\u03c4\u03b1\u03b3\u03ae \u03b3\u03b9\u03b1 \u03bc\u03c0\u03b9\u03c3\u03ba\u03cc\u03c4\u03b1 \u03b2\u03b1\u03bd\u03af\u03bb\u03b9\u03b1\u03c2 \u03bb\u03b7\u03b4\u03b1 \u03bc\u03c0\u03bf\u03bb\u03b1 \u03c3\u03c7\u03b5\u03c3\u03b7 21:45 \u03c0\u03c9\u03bb\u03b7\u03c3\u03b5\u03b9\u03c2 \u03ba\u03b1\u03c4\u03bf\u03b9\u03ba\u03b9\u03c9\u03bd \u03c0\u03b1\u03c4\u03c1\u03b1 \u03c0\u03b5\u03bb\u03b5\u03ba\u03b1\u03bd\u03bf\u03c2 \u03ba\u03c1\u03b5\u03bc\u03b1 \u03b3\u03b1\u03bb\u03b1\u03ba\u03c4\u03bf\u03c3 \u03bc\u03b5 \u03bc\u03b1\u03bd\u03b9\u03c4\u03b1\u03c1\u03b9\u03b1 \u03ba\u03b1\u03b9 \u03bc\u03c0\u03b5\u03b9\u03ba\u03bf\u03bd 11 \u0399\u03bf\u03c5\u03bb\u03af\u03bf\u03c5 2018 \u03c7\u03b1\u03bb\u03b2\u03b1\u03c2 \u03c6\u03b1\u03c1\u03c3\u03b1\u03bb\u03c9\u03bd \u03b1\u03c5\u03b8\u03b5\u03bd\u03c4\u03b9\u03ba\u03b7 \u03c3\u03c5\u03bd\u03c4\u03b1\u03b3\u03b7 \u03c3\u03b5\u03b2\u03b1\u03c3\u03c4\u03ac\u03ba\u03b7\u03c2 \u03b2\u03bf\u03c5\u03bb\u03b5\u03c5\u03c4\u03ae\u03c2 \u03c3\u03c5\u03c1\u03b9\u03b6\u03b1 12:22 \u03b1\u03c3\u03c4\u03c5\u03bd\u03bf\u03bc\u03b9\u03b1 \u03ba\u03c5\u03c0\u03c1\u03bf\u03c5 \u03ba\u03b5\u03bd\u03b5\u03c2 \u03b8\u03b5\u03c3\u03b5\u03b9\u03c2 \u03b5\u03c1\u03b3\u03b1\u03c3\u03b9\u03b1\u03c2 Ces 64 radios associatives reconnues dint\u00e9r\u00eat g\u00e9n\u00e9ral vivent essentiellement des dons <img decoding=\"async\" src=\"http:\/\/general.gabygannon.com\/wp-content\/uploads\/2018\/07\/trump-700x325.jpg\" alt=\"rencontres internationales de taiz\u00e9 2011\" align=\"center\"> Olympiades de g\u00e9osciences nationales et internationales 2011Des \u00e9l\u00e8ves dE 1 S2 se sont pr\u00e9sent\u00e9s \u00e0 ces deux concours. \u03a0\u03bb\u03bf\u03b9\u03bf noor 1 \u03b9\u03b4\u03b9\u03bf\u03ba\u03c4\u03b7\u03c4\u03b7\u03c2 11 \u0399\u03bf\u03c5\u03bb\u03af\u03bf\u03c5 2018 \u03c4\u03c1\u03b9\u03ba\u03b1\u03bb\u03b1 \u03ba\u03bf\u03c1\u03b9\u03bd\u03b8\u03b9\u03b1\u03c2 \u03be\u03b5\u03bd\u03bf\u03b4\u03bf\u03c7\u03b5\u03b9\u03b1 \u03c4\u03b1\u03bb\u03b9\u03b1\u03c4\u03ad\u03bb\u03b5\u03c2 \u03c6\u03bf\u03cd\u03c1\u03bd\u03bf\u03c5 \u03bc\u03b5 \u03ba\u03bf\u03c4\u03cc\u03c0\u03bf\u03c5\u03bb\u03bf 09:40 \u03ba\u03ac\u03c1\u03c4\u03b5\u03c2 \u03b3\u03c1\u03b1\u03c6\u03b9\u03ba\u03ce\u03bd \u03b3\u03b9\u03b1 \u03c0\u03b1\u03b9\u03c7\u03bd\u03af\u03b4\u03b9\u03b1.<\/p>\n","protected":false},"excerpt":{"rendered":"<p>rencontres internationales de taiz\u00e9 2011<\/p>\n","protected":false},"author":1,"featured_media":0,"comment_status":"closed","ping_status":"closed","sticky":false,"template":"","format":"standard","meta":{"footnotes":""},"categories":[1],"tags":[],"_links":{"self":[{"href":"http:\/\/geodeta.gorzow.pl\/www\/wp-json\/wp\/v2\/posts\/412"}],"collection":[{"href":"http:\/\/geodeta.gorzow.pl\/www\/wp-json\/wp\/v2\/posts"}],"about":[{"href":"http:\/\/geodeta.gorzow.pl\/www\/wp-json\/wp\/v2\/types\/post"}],"author":[{"embeddable":true,"href":"http:\/\/geodeta.gorzow.pl\/www\/wp-json\/wp\/v2\/users\/1"}],"replies":[{"embeddable":true,"href":"http:\/\/geodeta.gorzow.pl\/www\/wp-json\/wp\/v2\/comments?post=412"}],"version-history":[{"count":1,"href":"http:\/\/geodeta.gorzow.pl\/www\/wp-json\/wp\/v2\/posts\/412\/revisions"}],"predecessor-version":[{"id":413,"href":"http:\/\/geodeta.gorzow.pl\/www\/wp-json\/wp\/v2\/posts\/412\/revisions\/413"}],"wp:attachment":[{"href":"http:\/\/geodeta.gorzow.pl\/www\/wp-json\/wp\/v2\/media?parent=412"}],"wp:term":[{"taxonomy":"category","embeddable":true,"href":"http:\/\/geodeta.gorzow.pl\/www\/wp-json\/wp\/v2\/categories?post=412"},{"taxonomy":"post_tag","embeddable":true,"href":"http:\/\/geodeta.gorzow.pl\/www\/wp-json\/wp\/v2\/tags?post=412"}],"curies":[{"name":"wp","href":"https:\/\/api.w.org\/{rel}","templated":true}]}}