{"id":470,"date":"2020-06-20T23:08:16","date_gmt":"2020-06-20T23:08:16","guid":{"rendered":"http:\/\/geodeta.gorzow.pl\/www\/?p=470"},"modified":"2020-06-20T22:31:17","modified_gmt":"2020-06-20T22:31:17","slug":"rencontre-renaze","status":"publish","type":"post","link":"http:\/\/geodeta.gorzow.pl\/www\/2020\/06\/20\/rencontre-renaze\/","title":{"rendered":"Rencontre Renaze"},"content":{"rendered":"<p> Rencontre femme Renaz\u00e9-site de rencontre gratuit Renaz\u00e9-accepte la participation aux frais de fonctionnement 20182019, pour un montant de 760.03. Bi-, mari\u00e9, attir\u00e9 par les blacks,73 ans et toutes mes dents.. Photographe en retraite \u00e0 CH.Gontier en Mayenne 53200..Pour me joindre :-. Andr\u00e9 Lepage La rubrique Aide des navigateurs vous indique comment param\u00e9trer et d\u00e9sactiver les cookies. Amour dun jour amour toujours homme c\u00e9libataire de 67 ans cherche femme pour rencontre s\u00e9rieuse : Utilis\u00e9 par notre outil de d\u00e9veloppement du site web afin de s\u00e9curiser la navigation et le fonctionnement du site. <img decoding=\"async\" src=\"http:\/\/puortaldovt.cf\/cache\/avatars\/742716_1523175658_fr.png\" alt=\"rencontre renaze\" align=\"left\"> Benni a neuf ans. N\u00e9glig\u00e9e par sa m\u00e8re, elle est enferm\u00e9e depuis sa petite enfance dans une violence quelle narrive plus \u00e0 contenir. Prise en charge par les services sociaux, elle naspire pourtant qu\u00e0 \u00eatre prot\u00e9g\u00e9e et retrouver lamour maternel qui lui manque tant. De foyer en foyer, son assistante sociale et Micha, un \u00e9ducateur, tenteront tout pour calmer ses blessures et laider \u00e0 trouver une place dans le monde. Un film bouleversant et r\u00e9aliste sur la violence dune enfant, qui aborde les enjeux de la protection de lenfance et des syst\u00e8mes de prise en charge.  Vous \u00eates licenci\u00e9e de ce club, vous voulez des informations personnalis\u00e9es? En savoir plus sur lenvironnement de travail chez Communiquer avec les membres \u00e0 proximit\u00e9 ou pas. Arriv\u00e9 en Sarthe en septembre 2016, il vous accompagne sur lantenne de RCF lors des tranches locales. Vivez une exp\u00e9rience humaine unique en louant un mobil-home \u00e0 Renaz\u00e9! Passez vos vacances en mobil-home pour pas cher. Cette exp\u00e9rience vous permettra de faire de belles rencontres, de d\u00e9couvrir un nouveau mode de vie et de nouveaux paysages. Pour des vacances en toute libert\u00e9 \u00e0 Renaz\u00e9, r\u00e9servez votre mobil-home en location sur Locatour.com Destinations Derni\u00e8re mise \u00e0 jour : 05022020 \u00e0 10:54 Ce quil faut savoir sur Renaz\u00e9 53800 En poursuivant votre navigation sur ce site, vous acceptez lutilisation de cookies. Contrat Local de Sant\u00e9 de Craon Renaz\u00e9-transfert de comp\u00e9tence Ville \u00e9tape pour la 68e fois, la commune de Pau est \u00e0 la troisi\u00e8me place.. Ne pas confondre Tarascon et Tarascon. Cocotte vous explique tout, alors essayez de bien suivre.. A loccasion du Week-End de Paris Roubaix, entrez dans les Coulisses de l\u00e9quipe en venant visiter son Service Courses \u00e0 Villepinte  Nous sommes d\u00e9sol\u00e9s, mais certaines parties du site web Airbnb ne fonctionnent pas correctement sans lactivation de JavaScript. <img decoding=\"async\" src=\"http:\/\/www.nievzas.ga\/wp-content\/uploads\/2015\/03\/DSC_0412-326x159.jpg\" alt=\"rencontre renaze\" align=\"left\"> If you are on a personal connection, like at home, you can run an anti-virus scan on your device to make sure it is not infected with malware. <img decoding=\"async\" src=\"http:\/\/passerelle2.ac-nantes.fr\/ernestguillard\/wp-content\/uploads\/sites\/326\/2014\/11\/SAM_1854.jpg\" alt=\"rencontre renaze\" align=\"center\">.<\/p>\n","protected":false},"excerpt":{"rendered":"<p>rencontre renaze<\/p>\n","protected":false},"author":1,"featured_media":0,"comment_status":"closed","ping_status":"closed","sticky":false,"template":"","format":"standard","meta":{"footnotes":""},"categories":[1],"tags":[],"_links":{"self":[{"href":"http:\/\/geodeta.gorzow.pl\/www\/wp-json\/wp\/v2\/posts\/470"}],"collection":[{"href":"http:\/\/geodeta.gorzow.pl\/www\/wp-json\/wp\/v2\/posts"}],"about":[{"href":"http:\/\/geodeta.gorzow.pl\/www\/wp-json\/wp\/v2\/types\/post"}],"author":[{"embeddable":true,"href":"http:\/\/geodeta.gorzow.pl\/www\/wp-json\/wp\/v2\/users\/1"}],"replies":[{"embeddable":true,"href":"http:\/\/geodeta.gorzow.pl\/www\/wp-json\/wp\/v2\/comments?post=470"}],"version-history":[{"count":1,"href":"http:\/\/geodeta.gorzow.pl\/www\/wp-json\/wp\/v2\/posts\/470\/revisions"}],"predecessor-version":[{"id":471,"href":"http:\/\/geodeta.gorzow.pl\/www\/wp-json\/wp\/v2\/posts\/470\/revisions\/471"}],"wp:attachment":[{"href":"http:\/\/geodeta.gorzow.pl\/www\/wp-json\/wp\/v2\/media?parent=470"}],"wp:term":[{"taxonomy":"category","embeddable":true,"href":"http:\/\/geodeta.gorzow.pl\/www\/wp-json\/wp\/v2\/categories?post=470"},{"taxonomy":"post_tag","embeddable":true,"href":"http:\/\/geodeta.gorzow.pl\/www\/wp-json\/wp\/v2\/tags?post=470"}],"curies":[{"name":"wp","href":"https:\/\/api.w.org\/{rel}","templated":true}]}}