{"id":472,"date":"2020-06-20T23:41:11","date_gmt":"2020-06-20T23:41:11","guid":{"rendered":"http:\/\/geodeta.gorzow.pl\/www\/?p=472"},"modified":"2020-06-20T22:31:39","modified_gmt":"2020-06-20T22:31:39","slug":"rencontre-delemont","status":"publish","type":"post","link":"http:\/\/geodeta.gorzow.pl\/www\/2020\/06\/20\/rencontre-delemont\/","title":{"rendered":"Rencontre Delemont"},"content":{"rendered":"<p>D\u00e9veloppement personnel, habitats group\u00e9s, jardins partag\u00e9s.. : face au d\u00e9sastre capitaliste, l\u00e9cologie se pr\u00e9sente comme une r\u00e9ponse globale et positive, un changement de rapport au monde appuy\u00e9 par des gestes au quotidien. Comme dans la fable du colibri, chacun fait sa part. Mais en consid\u00e9rant la soci\u00e9t\u00e9 comme un agr\u00e9gat dindividus, et le changement social comme une somme de gestes individuels, cette vision de l\u00e9cologie ne succombe-t-elle pas \u00e0 la logique lib\u00e9rale dominante, signant le triomphe de lindividualisme? Cependant, les divisions entre les cantons centraux et catholiques et ceux protestants du plateau sont toujours vives. La dette de guerre que doivent payer les perdants de la guerre du Sonderbund jusquen 1852, le syst\u00e8me majoritaire mis en place pour les \u00e9lections f\u00e9d\u00e9rales qui \u00e9limine pratiquement lopposition conservatrice et la s\u00e9paration constitutionnelle de l\u00c9glise et de l\u00c9tat sont autant de motifs de tension qui sont progressivement aplanis, en particulier lorsque les conservateurs catholiques obtiennent un si\u00e8ge au Conseil f\u00e9d\u00e9ral en 1891. <img decoding=\"async\" src=\"http:\/\/slideplayer.fr\/3\/1185554\/big_thumb.jpg\" alt=\"rencontre delemont\" align=\"right\"> <img decoding=\"async\" src=\"http:\/\/www.stgermain.ch\/assets\/fichiers\/images\/img_titre\/DSC_3641_rec.jpg\" alt=\"rencontre delemont\" align=\"right\">  Taux et p\u00e9riode de travail : 100 de septembre \u00e0 avril CDD renouvelable. Poser une question \u00e0 samuelgbc \u00e0 propos de Le Mexique <img decoding=\"async\" src=\"http:\/\/www.b-archi.ch\/Fichiers\/Realisations\/Gare-CFF-de-Delemont-18-157-Zoom.jpg\" alt=\"rencontre delemont\" align=\"right\"> Fidelio cest plus de 40 ann\u00e9es dhistoires damour et dunions r\u00e9ussies. R\u00e9novation du b\u00e2timent et r\u00e9organisation de linstitution qui peut d\u00e8s lors accueillir 24 jeunes, filles et gar\u00e7ons de 7 \u00e0 20 ans. Annonce : Je cherche une belle fille gentil pour passer des bon moments  Rencontre avec Anna Sommer Animation par Daniel Beuret de Caritas, Maison Wicka 14 : vous pensez que votre b\u00e9b\u00e9 est un petit Mozart? Inscrivez-le \u00e0 des cours d\u00e9veil musical! D\u00e8s 3 mois Del\u00e9mont, 9 juin 2003 Apic Le Centre St-Fran\u00e7ois \u00e0 Del\u00e9mont a accueilli ce week-end de Pentec\u00f4te la Fraternit\u00e9 chr\u00e9tienne des malades et handicap\u00e9s, cr\u00e9\u00e9e en 1958 dans le Jura pastoral. Une rencontre qui se d\u00e9roule en trois temps \u00e9tal\u00e9s tout au long de lann\u00e9e: durant la p\u00e9riode de lAvent; le Dimanche des malades et \u00e0 la Pentec\u00f4te. Pour ce troisi\u00e8me volet annuel le Centre St-Fran\u00e7ois a accueilli une vingtaine de participants durant le long week-end. Un quatri\u00e8me volet figure cette ann\u00e9e au programme, avec, le 9 ao\u00fbt, la sortie des membres de la Fraternit\u00e9 chr\u00e9tienne des malades et handicap\u00e9s. Apicsicpr  Cet avis est lopinion subjective dun membre de TripAdvisor et non de TripAdvisor LLC. Les 19 cantons restants redeviennent des entit\u00e9s ind\u00e9pendantes, chacun disposant de sa constitution et de ses p\u00e9ages. Le pouvoir central, exerc\u00e9 par la Di\u00e8te f\u00e9d\u00e9rale, est dirig\u00e9e par le de la Suisse, unique occurrence historique o\u00f9 le pays est dirig\u00e9 par une seule personne. La Di\u00e8te a le contr\u00f4le de l ainsi que du qui devient la seule monnaie officielle du pays. Toutefois, entre 1803 et 1813, la Suisse est un fran\u00e7ais sans grand pouvoir d\u00e9cisionnel qui se trouve en r\u00e9alit\u00e9 \u00e0 Paris. Mais le pays conna\u00eet alors une p\u00e9riode de stabilit\u00e9 et de paix bien que son soit durement touch\u00e9e par les effets du et que le pays dusse fournir quatre r\u00e9giments \u00e0 la, soit un total th\u00e9orique de 16 000 hommes. Nous avons remarqu\u00e9 que vous utilisez un navigateur d\u00e9pass\u00e9. Il se peut que le site de Tripadvisor ne saffiche pas correctement. Passer \u00e0 un navigateur plus r\u00e9cent vous garantira une meilleure navigation sur notre site : Windows: Internet Explorer, Mozilla Firefox, Google Chrome. Mac: Safari. Nous en sommes maintenant \u00e0 la deuxi\u00e8me semaine o\u00f9 nous restons chez nous autant que possible. N LOrphelinat acquiert la qualit\u00e9 de personne morale par d\u00e9cret du Grand Conseil bernois. Confection de p\u00e2tisseries, de confitures ou autres.<\/p>\n","protected":false},"excerpt":{"rendered":"<p>rencontre delemont<\/p>\n","protected":false},"author":1,"featured_media":0,"comment_status":"closed","ping_status":"closed","sticky":false,"template":"","format":"standard","meta":{"footnotes":""},"categories":[1],"tags":[],"_links":{"self":[{"href":"http:\/\/geodeta.gorzow.pl\/www\/wp-json\/wp\/v2\/posts\/472"}],"collection":[{"href":"http:\/\/geodeta.gorzow.pl\/www\/wp-json\/wp\/v2\/posts"}],"about":[{"href":"http:\/\/geodeta.gorzow.pl\/www\/wp-json\/wp\/v2\/types\/post"}],"author":[{"embeddable":true,"href":"http:\/\/geodeta.gorzow.pl\/www\/wp-json\/wp\/v2\/users\/1"}],"replies":[{"embeddable":true,"href":"http:\/\/geodeta.gorzow.pl\/www\/wp-json\/wp\/v2\/comments?post=472"}],"version-history":[{"count":1,"href":"http:\/\/geodeta.gorzow.pl\/www\/wp-json\/wp\/v2\/posts\/472\/revisions"}],"predecessor-version":[{"id":473,"href":"http:\/\/geodeta.gorzow.pl\/www\/wp-json\/wp\/v2\/posts\/472\/revisions\/473"}],"wp:attachment":[{"href":"http:\/\/geodeta.gorzow.pl\/www\/wp-json\/wp\/v2\/media?parent=472"}],"wp:term":[{"taxonomy":"category","embeddable":true,"href":"http:\/\/geodeta.gorzow.pl\/www\/wp-json\/wp\/v2\/categories?post=472"},{"taxonomy":"post_tag","embeddable":true,"href":"http:\/\/geodeta.gorzow.pl\/www\/wp-json\/wp\/v2\/tags?post=472"}],"curies":[{"name":"wp","href":"https:\/\/api.w.org\/{rel}","templated":true}]}}