{"id":482,"date":"2020-06-20T23:48:52","date_gmt":"2020-06-20T23:48:52","guid":{"rendered":"http:\/\/geodeta.gorzow.pl\/www\/?p=482"},"modified":"2020-06-20T22:39:38","modified_gmt":"2020-06-20T22:39:38","slug":"luso-rencontres","status":"publish","type":"post","link":"http:\/\/geodeta.gorzow.pl\/www\/2020\/06\/20\/luso-rencontres\/","title":{"rendered":"Luso Rencontres"},"content":{"rendered":"<p>\u0395\u03af\u03bd\u03b1\u03b9 \u03bb\u03b5\u03c0\u03c4\u03cc, \u03b1\u03bd\u03bf\u03b9\u03c7\u03c4\u03cc\u03c7\u03c1\u03c9\u03bc\u03bf, \u03c3\u03c5\u03c7\u03bd\u03ac \u03be\u03b7\u03c1\u03cc \u03b4\u03ad\u03c1\u03bc\u03b1 \u03c0\u03bf\u03c5 \u03ad\u03c7\u03b5\u03b9 \u03c4\u03b7\u03bd \u03c4\u03ac\u03c3\u03b7 \u03bd\u03b1 \u03ba\u03bf\u03ba\u03ba\u03b9\u03bd\u03af\u03b6\u03b5\u03b9 \u03b5\u03cd\u03ba\u03bf\u03bb\u03b1. <img decoding=\"async\" src=\"http:\/\/www.portugalbusinessclub.com\/wp-content\/uploads\/2012\/05\/capsao.jpg\" alt=\"luso rencontres\" align=\"center\"> Le Portugal bien failli tr\u00e9bucher face \u00e0 la France. Les lusitaniens restent toutefois la seule nation invaincue du championnat dEurope de rink hockey U17. Le prochain adversaire des Bleuets sera lItalie qui na fait quune bouch\u00e9e dune \u00e9quipe allemande pourtant surprenante lors de ses derniers matchs.. Luso : \u00e9quipements pris\u00e9s dans les locations de vacances de cette destination al\u00e9m de muitos f\u00e3s que tentaram sem sucesso que assinar um aut\u00f3grafo, Cristiano Ronaldo e sua equipe, que fez declara\u00e7\u00f5es de n\u00e3o, foram recebidos pelo Ministro dos assuntos.. Le Pr\u00e9sident de la R\u00e9publique a effectu\u00e9 une visite au Maroc, o\u00f9 il a \u00e9t\u00e9 re\u00e7u, au Palais Royal de Casablanca, par le Roi du Maroc, Mohammed VI, avec qui il sest entretenu. Apr\u00e8s le diner qui lui a \u00e9t\u00e9 offert par le Chef dEtat Marocain, le Pr\u00e9sident Marcelo Rebelo de Sousa sest entretenu avec le Chef du Gouvernement marocain, Abdelilah Benkirane, avec le Pr\u00e9sident de la Chambre des Repr\u00e9sentants, Rachid Talbi Alami et avec le Pr\u00e9sident de la Chambre des Conseillers, Abdelhakim Banchamach. C\u00e9tait la premi\u00e8re visite officielle du Pr\u00e9sident de la R\u00e9publique au Maroc, apr\u00e8s la prise de ses fonctions. Crystal Finance Iberia organise mardi 16 juin un webinar pour pr\u00e9senter lOPPCI IMMOFIM 2019 avec la participation de la Fonci\u00e8re Magellan  https:s3.gy.digitalboxpharmacyuploadsassetdata17420sostar_Estelskin_Serum.jpg <img decoding=\"async\" src=\"http:\/\/m2-design.org\/img\/d768d5d5a4cebb48355e1c80b5bfd618.jpg\" alt=\"luso rencontres\" align=\"left\"> En contre-partie, le gouvernement fran\u00e7ais devait y construire un immeuble o\u00f9 seraient install\u00e9s, outre la chancellerie de.. 10:00-11:00 Pr\u00e9sentation comme opportunit\u00e9 commerciale du: Avec des milliers d\u00e9v\u00e8nements et dactivit\u00e9s en poche, vous trouverez toujours de quoi remplir votre semaine. Paris nattend plus que vous! I er Sommet luso-marocain, 1995, Rabat ; II e Sommet luso-marocain, 1996, Lisbonne ; III e Sommet luso-marocain, 1997, Rabat ; IV e Sommet luso-marocain, 1998, \u00c9vora ; V e Sommet luso-marocain, 1999, Tanger ; VI e Sommet Luso-marocain, 2001, Lisbonne ; VII e Sommet luso-marocain, 2003, Rabat, VIII e sommet luso-marocain, 2004, Sintra. \u03a7\u03c9\u03c1\u03b9\u03c2 \u03b1\u03bd\u03b1\u03c6\u03bf\u03c1\u03b5\u03c2 \u03c3\u03c4\u03b9\u03c7\u03bf\u03b9 \u03a3\u03a5\u039d\u039f\u039b\u039f \u03b3\u03c1\u03b1\u03bc\u03bc\u03b1\u03c4\u03b5\u03b9\u03b1\u03ba\u03b7 \u03c5\u03c0\u03bf\u03c3\u03c4\u03b7\u03c1\u03b9\u03be\u03b7 \u03b8\u03b5\u03c3\u03c3\u03b1\u03bb\u03bf\u03bd\u03b9\u03ba\u03b7 \u03b8\u03b5\u03c3\u03b5\u03b9\u03c2 \u03b5\u03c1\u03b3\u03b1\u03c3\u03b9\u03b1\u03c2 0,00 Luso : locations de vacances et logements-Aveiro District, Portugal Airbnb   Le deuxi\u00e8me point abord\u00e9 durant la rencontre devait r\u00e9pondre \u00e0 la question: Comment valoriser la lusophonie en France dans le cadre associatif? De nombreux responsables associatifs ont pris la parole. La n\u00e9cessit\u00e9 de sadresser aussi au public lusophone, mais aussi fran\u00e7ais, de se rassembler autour dun int\u00e9r\u00eat commun, daider les enfants en situation pr\u00e9caire rest\u00e9s au pays dorigine cest le cas, par exemple, de la toute jeune association angolaise Kandengue, daider les familles \u00e0 inscrire leurs enfants en cours de portugais, dorganiser davantage de manifestations culturelles sur son pays dorigine ou encore daider les nouveaux immigrants, ont \u00e9t\u00e9 leurs principales pr\u00e9occupations. You have reached your viewing limit for this book. \u0395\u03c5\u03b1\u03b9\u03c3\u03b8\u03b7\u03c3\u03af\u03b1 \u03ae \u03bc\u03b7 \u03b1\u03bd\u03b5\u03ba\u03c4\u03b9\u03ba\u03cc\u03c4\u03b7\u03c4\u03b1; \u0395\u03af\u03bd\u03b1\u03b9 \u03b8\u03ad\u03bc\u03b1 \u03b2\u03b1\u03b8\u03bc\u03bf\u03cd \u03a0\u03bf\u03bb\u03bb\u03bf\u03af \u03b1\u03c0\u03cc \u03b5\u03c3\u03ac\u03c2 \u03ad\u03c7\u03bf\u03c5\u03bd \u03b5\u03c5\u03b1\u03af\u03c3\u03b8\u03b7\u03c4\u03bf \u03b4\u03ad\u03c1\u03bc\u03b1. \u0391\u03bb\u03bb\u03ac \u03c3\u03b5 \u03b4\u03b9\u03b1\u03c6\u03bf\u03c1\u03b5\u03c4\u03b9\u03ba\u03cc \u03b2\u03b1\u03b8\u03bc\u03cc. LA CCILF a son si\u00e8ge \u00e0 Lisbonne et une d\u00e9l\u00e9gation \u00e0 Porto, donc dans les deux principaux p\u00f4les \u00e9conomiques du Portugal. La Chambre de commerce a pour but : <img decoding=\"async\" src=\"http:\/\/www.take.christianhydrick.com\/Fiches\/cm2\/mots-croises-DDM\/images\/ce1-evaluation-synonnymes-1.jpg\" alt=\"luso rencontres\" align=\"center\">.<\/p>\n","protected":false},"excerpt":{"rendered":"<p>luso rencontres<\/p>\n","protected":false},"author":1,"featured_media":0,"comment_status":"closed","ping_status":"closed","sticky":false,"template":"","format":"standard","meta":{"footnotes":""},"categories":[1],"tags":[],"_links":{"self":[{"href":"http:\/\/geodeta.gorzow.pl\/www\/wp-json\/wp\/v2\/posts\/482"}],"collection":[{"href":"http:\/\/geodeta.gorzow.pl\/www\/wp-json\/wp\/v2\/posts"}],"about":[{"href":"http:\/\/geodeta.gorzow.pl\/www\/wp-json\/wp\/v2\/types\/post"}],"author":[{"embeddable":true,"href":"http:\/\/geodeta.gorzow.pl\/www\/wp-json\/wp\/v2\/users\/1"}],"replies":[{"embeddable":true,"href":"http:\/\/geodeta.gorzow.pl\/www\/wp-json\/wp\/v2\/comments?post=482"}],"version-history":[{"count":1,"href":"http:\/\/geodeta.gorzow.pl\/www\/wp-json\/wp\/v2\/posts\/482\/revisions"}],"predecessor-version":[{"id":483,"href":"http:\/\/geodeta.gorzow.pl\/www\/wp-json\/wp\/v2\/posts\/482\/revisions\/483"}],"wp:attachment":[{"href":"http:\/\/geodeta.gorzow.pl\/www\/wp-json\/wp\/v2\/media?parent=482"}],"wp:term":[{"taxonomy":"category","embeddable":true,"href":"http:\/\/geodeta.gorzow.pl\/www\/wp-json\/wp\/v2\/categories?post=482"},{"taxonomy":"post_tag","embeddable":true,"href":"http:\/\/geodeta.gorzow.pl\/www\/wp-json\/wp\/v2\/tags?post=482"}],"curies":[{"name":"wp","href":"https:\/\/api.w.org\/{rel}","templated":true}]}}