{"id":490,"date":"2020-06-20T23:23:06","date_gmt":"2020-06-20T23:23:06","guid":{"rendered":"http:\/\/geodeta.gorzow.pl\/www\/?p=490"},"modified":"2020-06-20T22:45:35","modified_gmt":"2020-06-20T22:45:35","slug":"rencontre-non-lineaire-2011","status":"publish","type":"post","link":"http:\/\/geodeta.gorzow.pl\/www\/2020\/06\/20\/rencontre-non-lineaire-2011\/","title":{"rendered":"Rencontre Non Lin\u00e9aire 2011"},"content":{"rendered":"<p>Conf\u00e9rence en lhonneur de Claude Lobry, Universit\u00e9 Gaston Berger, Saint Louis S\u00e9n\u00e9gal-<img decoding=\"async\" src=\"http:\/\/bipbip.ida.upmc.fr\/~grandgeorge\/publications\/Auxiliaire.png\" alt=\"rencontre non lin\u00e9aire 2011\" align=\"center\"> LALOE Universit\u00e9 Montpellier 2 et Universit\u00e9 Lyon 1. G\u00e9nomique sont trop compliqu\u00e9s pour le statisticien, par Nicolas avec Alo\u00efs W\u00fcrger, Phys Rev. E 83, 030501R 2011.  Titre : Th\u00e9or\u00e8me de Hahn-Banach via la sous-diff\u00e9rentiabilit\u00e9 et les crit\u00e8res de fermeture: th\u00e9or\u00e8me de Hahn-Banach approch\u00e9 jeudi 27 novembre de 15h15 \u00e0 17h15 : Strat\u00e9gies de tests pour des probl\u00e8mes inverses par Cl\u00e9ment MARTEAU INSA Toulouse, IMT. R\u00e9sum\u00e9 : Dans cet expos\u00e9, on sint\u00e9ressera \u00e0 la minimisation du temps de crise qui repr\u00e9sente le temps pass\u00e9 par un syst\u00e8me dynamique contr\u00f4l\u00e9 \u00e0 lext\u00e9rieur dun ensemble K fix\u00e9 dans lespace d\u00e9tat. Cet ensemble repr\u00e9sente un ensemble de contraintes, toutefois on nimpose pas de conditions sp\u00e9cifiques liant la dynamique et K pour quil existe des trajectoires restant dans K. Ce travail est motiv\u00e9 par la th\u00e9orie de viabilit\u00e9, en particulier lorsque la condition initiale nest pas dans le noyau de viabilit\u00e9 de K le plus grand sous-ensemble de K tel que pour toute condition initiale dans cet ensemble, il existe une trajectoire restant dans K. Pour des syst\u00e8mes oscillants du type Lotka-Volterra, lensemble K peut repr\u00e9senter un seuil fix\u00e9 pour le nombre de proies. La particularit\u00e9 de la fonctionnelle \u00e0 minimiser est quelle est non-lisse fonction caract\u00e9ristique du compl\u00e9mentaire de K. On pr\u00e9sentera une m\u00e9thode pour \u00e9tudier ce probl\u00e8me qui consiste \u00e0 r\u00e9gulariser la fonction co\u00fbt. On examinera la convergence du syst\u00e8me \u00e9tat-adjoint lorsque le pas de la r\u00e9gularisation tend vers 0. On d\u00e9taillera un exemple pour lequel on peut synth\u00e9tiser une loi de commande du probl\u00e8me par retour d\u00e9tat. Mon projet de recherche, dans sa partie m\u00e9thodologique, vise \u00e0 proposer des algorithmes doptimisation adapt\u00e9s \u00e0 la r\u00e9solution du probl\u00e8me de conception assist\u00e9e par mod\u00e8les num\u00e9riques. Le projet se d\u00e9cline en trois axes : 176. Baroud C.N, Delville J-P, Wunenburger R. Et Huerre P. Pompe et vanne microfluidiques actionn\u00e9es par un faisceau laser. In: 2 \u00e8me Congr\u00e8s Fran\u00e7ais de Microfluidique, Toulouse, 14-16 d\u00e9cembre 2004.  46. Manzoor S, H\u00e9mon P. Amandol\u00e8se X. Vortex induced vibrations of a square cylinder in a wind tunnel. Proceedings of the 3rd Fluids Engineering Summer Meeting, FEDSM2010, Montreal, Canada, 1-5 ao\u00fbt 2010. PICOF08: 4th International Conference on Inverse Problems, Control and Shape Optimization, \u00e0 Marrakech Maroc-Utilisant une harmonie et des macros,et souhaitant conserver le 2041 pour son sharpness etc,naurai-je pas un probl\u00e8me en en mettant 2? quoique parfaitement imm\u00e9diat, concernant les bornes derreur <img decoding=\"async\" src=\"http:\/\/www.duschdrakperiet.cf\/14310-home_default\/coque-iphone-6-plus-6s-j-essaie-d-etre-sympa-mais-souvent-ma-bouche-ne-veut-pas-cooperer.jpg\" alt=\"rencontre non lin\u00e9aire 2011\" align=\"right\">  <img decoding=\"async\" src=\"http:\/\/www.blookrags.gq\/media\/cache\/imgarticle\/upload\/image\/12f51a88973ce0f63fed3d72e4d5245a50c2d328.jpeg\" alt=\"rencontre non lin\u00e9aire 2011\" align=\"center\"> FORUMS.lenodal.com Consulter le sujet-TNT-n14 FRANCE 4 Ce virage dans le d\u00e9veloppement du documentaire au cin\u00e9ma ne concerne dailleurs pas seulement la France. Le mouvement appara\u00eet \u00e0 Ta\u00efwan, au Mexique et dans de nombreux autres pays, \u00e0 chaque fois de mani\u00e8re tr\u00e8s diff\u00e9rente. Cest un engouement tr\u00e8s concret qui ne concerne pas uniquement les CSP ou les plus de 60 ans. Il sagit au contraire de publics jeunes qui ont soif de d\u00e9couvertes. Cest quelque chose que je voyais venir il y a 2 ou 3 ans et qui se manifeste tr\u00e8s clairement aujourdhui. Laxe pour France 4 pourrait tr\u00e8s bien \u00eatre l\u00e9ducation et lanimation fran\u00e7aise! Des studios de dessins anim\u00e9s comme Xilam sont vent debout contre la fermeture de cette cha\u00eene. En effet, France TV finance \u00e9norm\u00e9ment les dessins anim\u00e9s confectionn\u00e9s en France, et la fermeture de France 4 sonnerait un d\u00e9but de d\u00e9sengagement et \u00e0 terme la fermeture de beaucoup de studios ind\u00e9pendants.<\/p>\n","protected":false},"excerpt":{"rendered":"<p>rencontre non lin\u00e9aire 2011<\/p>\n","protected":false},"author":1,"featured_media":0,"comment_status":"closed","ping_status":"closed","sticky":false,"template":"","format":"standard","meta":{"footnotes":""},"categories":[1],"tags":[],"_links":{"self":[{"href":"http:\/\/geodeta.gorzow.pl\/www\/wp-json\/wp\/v2\/posts\/490"}],"collection":[{"href":"http:\/\/geodeta.gorzow.pl\/www\/wp-json\/wp\/v2\/posts"}],"about":[{"href":"http:\/\/geodeta.gorzow.pl\/www\/wp-json\/wp\/v2\/types\/post"}],"author":[{"embeddable":true,"href":"http:\/\/geodeta.gorzow.pl\/www\/wp-json\/wp\/v2\/users\/1"}],"replies":[{"embeddable":true,"href":"http:\/\/geodeta.gorzow.pl\/www\/wp-json\/wp\/v2\/comments?post=490"}],"version-history":[{"count":1,"href":"http:\/\/geodeta.gorzow.pl\/www\/wp-json\/wp\/v2\/posts\/490\/revisions"}],"predecessor-version":[{"id":491,"href":"http:\/\/geodeta.gorzow.pl\/www\/wp-json\/wp\/v2\/posts\/490\/revisions\/491"}],"wp:attachment":[{"href":"http:\/\/geodeta.gorzow.pl\/www\/wp-json\/wp\/v2\/media?parent=490"}],"wp:term":[{"taxonomy":"category","embeddable":true,"href":"http:\/\/geodeta.gorzow.pl\/www\/wp-json\/wp\/v2\/categories?post=490"},{"taxonomy":"post_tag","embeddable":true,"href":"http:\/\/geodeta.gorzow.pl\/www\/wp-json\/wp\/v2\/tags?post=490"}],"curies":[{"name":"wp","href":"https:\/\/api.w.org\/{rel}","templated":true}]}}