{"id":500,"date":"2020-06-20T23:36:09","date_gmt":"2020-06-20T23:36:09","guid":{"rendered":"http:\/\/geodeta.gorzow.pl\/www\/?p=500"},"modified":"2020-06-20T22:48:51","modified_gmt":"2020-06-20T22:48:51","slug":"rencontre-des-musulman-de-france-2012","status":"publish","type":"post","link":"http:\/\/geodeta.gorzow.pl\/www\/2020\/06\/20\/rencontre-des-musulman-de-france-2012\/","title":{"rendered":"Rencontre Des Musulman De France 2012"},"content":{"rendered":"<p>Le coordinateur de la section f\u00e9minine de l USM rugby est comme beaucoup heureux de voir la p\u00e9riode de confinement se terminer en esp\u00e9rant quil ne reprenne pas. Il profite de ce retour aux affaires pour \u00e9voquer la saison de son \u00e9quipe mais aussi denvisager la suivante : Ce fut une saison tr\u00e8s positive pour nos cadettes. Comme chaque ann\u00e9e il a fallu reconstruire un groupe car 12 joueuses sont mont\u00e9es en s\u00e9niores et 7 minimes nous ont rejoints. Cette g\u00e9n\u00e9ration minime de qualit\u00e9 a su tr\u00e8s vite simposer dans l\u00e9quipe \u00e0 XV et apporter \u00e9norm\u00e9ment de fra\u00eecheur. Grosse d\u00e9ception cependant pour cette saison car pour la premi\u00e8re fois depuis des ann\u00e9es l\u00e9quipe \u00e9tait en passe de se qualifier pour les phases finales. En cette saison 2019-2020 nous avons \u00e9galement cr\u00e9\u00e9 une Entente \u00e0 X avec nos amis de N\u00e8grepelisse, cette premi\u00e8re ann\u00e9e nous a permis de former nos joueuses en manque de temps de jeu mais aussi de cr\u00e9er des liens forts entre les \u00e9quipes de lest du d\u00e9partement N\u00e8grepelisse et Montech, ce qui est tr\u00e8s important aujourdhui pour l\u00e9volution et lavenir du rugby f\u00e9minin en Tarn-et-Garonne. En ce qui concerne nos minimes ce fut aussi une tr\u00e8s belle saison avec beaucoup de victoires mais surtout du bon travail qui va permettre dans les ann\u00e9es \u00e0 venir de p\u00e9renniser notre \u00e9quipe cadette avec 11 mont\u00e9es lan prochain. Je souhaiterais remercier toutes les joueuses mais surtout tous les dirigeants et entra\u00eeneurs qui font un travail remarquable depuis des ann\u00e9es pour cette section f\u00e9minine et qui sans eux rien ne serait possible. Maintenant focus sur la saison prochaine avec un stage cet \u00e9t\u00e9 du 19 au 21 ao\u00fbt au Rami\u00e9rou, si la situation le permet. Un stage ouvert \u00e0 toutes les joueuses n\u00e9es entre 2003 et 2008. Jen profite pour signaler que nous recrutons des joueuses pour la saison prochaine dans toutes les cat\u00e9gories minimes, cadettes et s\u00e9niors d\u00e9butantes ou confirm\u00e9es. <img decoding=\"async\" src=\"http:\/\/catalogue.gazette-drouot.com\/images\/perso\/full\/LOT\/266\/84489\/300(1).jpg\" alt=\"rencontre des musulman de france 2012\" align=\"center\"> <img decoding=\"async\" src=\"http:\/\/www.puortaldovt.cf\/cache\/avatars\/26649_1483794578_fr.png\" alt=\"rencontre des musulman de france 2012\" align=\"right\"> Leuro est la monnaie officielle de 19 des 27 pays membres de lUE. Ces pays forment la zone euro. Communiqu\u00e9 des Mosqu\u00e9es de Besan\u00e7on du 8 Janvier 2015 Nous voulons une r\u00e9orientation vers la croissance. Ce texte et ce contexte surtout, les d\u00e9cisions prises en juin, permettent denvisager cette r\u00e9orientation. Si, tout dun coup, nous interrompions ce mouvement, nos partenaires nous diraient : mais o\u00f9 allez-vous. Je pense tout de m\u00eame que ces arguments vont pr\u00e9valoir et quil y aura une tr\u00e8s large majorit\u00e9 en faveur de ladoption du trait\u00e9-Martinez C-Du domaine des murmures-Gallimard \u03c0\u03b1\u03bc\u03b5 \u03c7\u03b1\u03b2\u03b1\u03b7 \u03ba\u03b9\u03b8\u03b1\u03c1\u03b1 11 \u0399\u03bf\u03c5\u03bb\u03af\u03bf\u03c5 2018 \u03b6\u03c9\u03b4\u03b9\u03b1 \u03c3\u03ba\u03bf\u03c1\u03c0\u03b9\u03bf\u03c2 \u03b1\u03bd\u03c4\u03c1\u03b1\u03c2 \u03bc\u03b5 \u03ba\u03b1\u03c1\u03ba\u03b9\u03bd\u03bf \u03b3\u03c5\u03bd\u03b1\u03b9\u03ba\u03b1 \u03c0\u03c1\u03bf\u03b2\u03bb\u03b5\u03c8\u03b5\u03b9\u03c2 \u03b2\u03b9\u03bf\u03ba\u03bb\u03b9\u03bd\u03b9\u03ba\u03b7 \u03b3\u03b1\u03bb\u03b7\u03bd\u03bf\u03c2 \u03c4\u03b7\u03bb\u03b5\u03c6\u03c9\u03bd\u03bf 20:35 \u03c3\u03b9\u03c4\u03b9\u03c3\u03b7 \u03c0\u03b1\u03c4\u03c1\u03b1 \u03c4\u03b7\u03bb\u03b5\u03c6\u03c9\u03bd\u03bf La F\u00e9d\u00e9ration r\u00e9gionale des offices de tourisme en lien constant avec le Comit\u00e9 r\u00e9gional de tourisme Provence-Alpes-C\u00f4te dAzur et financ\u00e9 par la R\u00e9gion Provence-Alpes-C\u00f4te dAzur, propose des d\u00e9velopp\u00e9s sp\u00e9cialement pour aider \u00e0 trouver des solutions et r\u00e9pondre aux questionnements, probl\u00e9matiques dorganisation et de gestion des entreprises du secteur.  \u03b4\u03c1\u03bf\u03bc\u03bf\u03bb\u03bf\u03b3\u03b9\u03b1 \u03b1\u03c3\u03c4\u03b9\u03ba\u03bf\u03c5 \u03bb\u03b1\u03c1\u03b9\u03c3\u03b1\u03c2 15 11 \u0399\u03bf\u03c5\u03bb\u03af\u03bf\u03c5 2018 \u03bf\u03b8\u03c9\u03bc\u03b1\u03bd\u03b9\u03ba\u03ae \u03b1\u03c5\u03c4\u03bf\u03ba\u03c1\u03b1\u03c4\u03bf\u03c1\u03af\u03b1 \u03c0\u03bb\u03b7\u03b8\u03c5\u03c3\u03bc\u03cc\u03c2 \u03b3\u03c1\u03b1\u03bc\u03bc\u03b5\u03c2 beau \u03c3\u03c4\u03b1 \u03bd\u03c5\u03c7\u03b9\u03b1 00:30 \u03c3\u03c5\u03bb\u03bb\u03bf\u03b3\u03b7 \u03b5\u03c1\u03b3\u03b1\u03bb\u03b5\u03b9\u03c9\u03bd \u03b7\u03bb\u03b5\u03ba\u03c4\u03c1\u03bf\u03bd\u03b9\u03ba\u03bf\u03c5 Ce travail de p\u00e9dagogie doit naturellement commencer \u00e0 l\u00e9cole r\u00e9publicaine. Il ne sagit pas denseigner le fait religieux, ni lhistoire des religions qui a d\u00e9j\u00e0 toute sa place dans les cours dhistoire. Restez inform\u00e9! Recevez tous les mois nos actualit\u00e9s dans votre bo\u00eete mail On distingue les habitants selon leur nationalit\u00e9, fran\u00e7aise ou \u00e9trang\u00e8re, et, parmi les Fran\u00e7ais, les Fran\u00e7ais de naissance ou Inscrivez vous \u00e0 la newsletter du Terra Nova. Si vous souhaitez vous pouvez visualiser un exemple \u03c6\u03b9\u03bb\u03b5\u03c4\u03ac\u03ba\u03b9\u03b1 \u03b1\u03bb\u03ac \u03ba\u03c1\u03b5\u03bc \u0394\u03b9\u03b5\u03c0\u03b9\u03c3\u03c4\u03b7\u03bc\u03bf\u03bd\u03b9\u03ba\u03cc \u03a3\u03c5\u03bd\u03ad\u03b4\u03c1\u03b9\u03bf InfoKid2017 \u03a0\u03b1\u03b9\u03b4\u03af \u03ba\u03b1\u03b9 \u03a0\u03bb\u03b7\u03c1\u03bf\u03c6\u03bf\u03c1\u03af\u03b1 28-29042017, \u039a\u03ad\u03c1\u03ba\u03c5\u03c1\u03b1 <img decoding=\"async\" src=\"http:\/\/www.ajib.fr\/wp-content\/uploads\/2012\/10\/morten-storm.jpeg\" alt=\"rencontre des musulman de france 2012\" align=\"center\"> dans lopinion publique, le plus de suspicion, quant \u00e0 lorientation Page Le changement de la valeur de ce champ rechargera la page. Sur 93  Sayyid S\u00e2biq est un th\u00e9ologien historique des Fr\u00e8res Musulmans. Un de ses ouvrages avait m\u00eame \u00e9t\u00e9 pr\u00e9fac\u00e9 par Hassan Al-Banna cofondateur de la Confr\u00e9rie et grand-p\u00e8re de Tariq Ramadan. Son livre Fiqh as-sunna pour les femmes est expos\u00e9 en bonne place et en de nombreux exemplaires dans toutes les librairies pr\u00e9sentes au RAMF. .<\/p>\n","protected":false},"excerpt":{"rendered":"<p>rencontre des musulman de france 2012<\/p>\n","protected":false},"author":1,"featured_media":0,"comment_status":"closed","ping_status":"closed","sticky":false,"template":"","format":"standard","meta":{"footnotes":""},"categories":[1],"tags":[],"_links":{"self":[{"href":"http:\/\/geodeta.gorzow.pl\/www\/wp-json\/wp\/v2\/posts\/500"}],"collection":[{"href":"http:\/\/geodeta.gorzow.pl\/www\/wp-json\/wp\/v2\/posts"}],"about":[{"href":"http:\/\/geodeta.gorzow.pl\/www\/wp-json\/wp\/v2\/types\/post"}],"author":[{"embeddable":true,"href":"http:\/\/geodeta.gorzow.pl\/www\/wp-json\/wp\/v2\/users\/1"}],"replies":[{"embeddable":true,"href":"http:\/\/geodeta.gorzow.pl\/www\/wp-json\/wp\/v2\/comments?post=500"}],"version-history":[{"count":1,"href":"http:\/\/geodeta.gorzow.pl\/www\/wp-json\/wp\/v2\/posts\/500\/revisions"}],"predecessor-version":[{"id":501,"href":"http:\/\/geodeta.gorzow.pl\/www\/wp-json\/wp\/v2\/posts\/500\/revisions\/501"}],"wp:attachment":[{"href":"http:\/\/geodeta.gorzow.pl\/www\/wp-json\/wp\/v2\/media?parent=500"}],"wp:term":[{"taxonomy":"category","embeddable":true,"href":"http:\/\/geodeta.gorzow.pl\/www\/wp-json\/wp\/v2\/categories?post=500"},{"taxonomy":"post_tag","embeddable":true,"href":"http:\/\/geodeta.gorzow.pl\/www\/wp-json\/wp\/v2\/tags?post=500"}],"curies":[{"name":"wp","href":"https:\/\/api.w.org\/{rel}","templated":true}]}}