{"id":522,"date":"2020-06-20T23:08:46","date_gmt":"2020-06-20T23:08:46","guid":{"rendered":"http:\/\/geodeta.gorzow.pl\/www\/?p=522"},"modified":"2020-06-20T23:02:50","modified_gmt":"2020-06-20T23:02:50","slug":"rencontre-amitie-mans","status":"publish","type":"post","link":"http:\/\/geodeta.gorzow.pl\/www\/2020\/06\/20\/rencontre-amitie-mans\/","title":{"rendered":"Rencontre Amitie Mans"},"content":{"rendered":"<p>VDH sait que la F\u00e9d\u00e9ration Fran\u00e7aise de Voile fait tout son possible pour que les activit\u00e9s reprennent au plus vite et dans les meilleures conditions possibles. Il en va de la survie des clubs dont les ressources viennent des cours de voile, par exemple. <img decoding=\"async\" src=\"http:\/\/www.big.indiasbestdoctors.org\/blog\/images\/S\/S900\/s946-mario-lanza.jpeg\" alt=\"rencontre amitie mans\" align=\"right\"> bonjour a vous de R\u00e9gis homme mur de 62ans je suis c\u00e9libataire je net jam\u00e9 v\u00e9cu avec une femme et je suis tout jour puceaux je recherche une femme s\u00e9rieux Vous navez pas re\u00e7u votre demande de confirmation? Depuis le 11 mai 2020, nous nous adoptons aux nouvelles mesures sanitaires li\u00e9es au Covid19. Nous formons diff\u00e9rents groupes sur diverses sorties en respectant le nombre de 10 sur chaque sortie et bien entendu les gestes barri\u00e8res : port du masque, gel hydroalcoolique, et distanciation sociale. Ce nest pas facile mais on sadapte et peu \u00e0 peu on retrouve sur des sorties PLEIN AIR diff\u00e9rents membres quon na pas revu en r\u00e9el depuis le 15 mars 2020. Deux animatrices et un nouveau pr\u00eatre accompagnateur au coll\u00e8ge des M\u00fbriers : Marie-Aude DEVAUD, Solange BIARD et le P\u00e8re Mo\u00efse CAMARAarticle34. CAROLE MAUREL NAVIE FRAN\u00c7OIS BERTIN LOUBNA ABIDAR <img decoding=\"async\" src=\"http:\/\/www.stasjh.tk\/19462-thickbox_default\/bracelet-cybele-manchette-4-rangs-collection-bead-charms-et-bijoux-sur-fil-elastic-new-collection-75994.jpg\" alt=\"rencontre amitie mans\" align=\"center\"> Ton fils a raison de maimer, \u00e9crit Flaubert \u00e0 Mme de Maupassant, car j\u00e9prouve pour lui une v\u00e9ritable amiti\u00e9 Je le trouve intelligent, bon enfant, cens\u00e9 et spirituel, bref pour employer un mot \u00e0 la mode sympathique! Malgr\u00e9 la diff\u00e9rence de nos \u00e2ges Flaubert avait alors 52 ans et de Maupassant 23 je le regarde comme un ami Je voudrais lui voir entreprendre une \u0153uvre de longue haleine, f\u00fbt-elle d\u00e9testable! Ce quil ma montr\u00e9 vaut bien tout ce quon imprime chez les Parnassiens. Avec le temps, il gagnera de loriginalit\u00e9, une mani\u00e8re individuelle de voir et de sentir car tout est l\u00e0 ; pour ce qui est du r\u00e9sultat, du succ\u00e8s, quimporte!. Mit gro\u00dfer Trauer erfahre ich erst heute vom Schicksal meines Jugendfreundes Remo d Angiolella. In den sp\u00e4ten 50iger Jahren, als Remo in Mainz-Kastel bei Elster Co. Gearbeitet hat. Zusammen mit Lello. Unvergessen sein Charm, seine Kochk\u00fcnste und sein tolles Aussehen. Leb wohl, mein erster Freund Remo! <img decoding=\"async\" src=\"http:\/\/cache.media.education.gouv.fr\/image\/270516_Signature_de_la_convention_golf\/34\/9\/IMG_5091_586349.JPG\" alt=\"rencontre amitie mans\" align=\"center\"> important aspects of the churchs ecumenical journey. Le samedi 4 novembre \u00e0 partir de 10h30, \u00e0 la librairie \u00e9ph\u00e9m\u00e8re BULLE, Jean-Claude FOURNIER d\u00e9dicacera exclusivement le tirage Black White Du glucose pour No\u00e9mie, puis, lapr\u00e8s-midi, de 14h30 \u00e0 18h30, il d\u00e9dicacera Plus pr\u00e8s de toi. Ch\u00e8re famille, cest avec une grande tristesse que je partage votre douleur. Les mots ne seront jamais assez forts pour combler la perte dun \u00eatre cher. Je suis en pens\u00e9e avec vous tous et vous pr\u00e9sente mes sinc\u00e8res condol\u00e9ances. Merci Ga\u00ealle et pardon \u00e0 tous les auditeurs pour ces b\u00e9vues dignes dune coll\u00e9gienne d\u00e9butante. Je me mets en contact avec Christine pour renvoyer ces chapitres que je viens de corriger. Quest-ce que la famille? comment animer la famille au cours du temps?   Abonnez-vous \u00e0 la newsletter de LaProcure.com et d\u00e9couvrez, chaque semaine, toute notre actualit\u00e9 : nouveaut\u00e9s, \u00e9v\u00e9nements, s\u00e9lections.. Envisagez une belle relation au Mans dans le lieu de rencontre sur Le Mans! Plan du site Plan de la rubrique sant\u00e9 Sant\u00e9 M\u00e9dicaments Psychologie Nutrition Beaut\u00e9 Mode Forme Sexualit\u00e9 Recettes Environnement Cat ZAZA Fleur de bambou : samedi apr\u00e8s-midi dimanche Mohamed Drabih, Franco-palestinien, ancien haut responsable au minist\u00e8re palestinien de lagriculture, aujourdhui permanent de lassociation Human Appeal, il pr\u00e9sentera les actions caritatives de cette ONG au service des personnes les plus vuln\u00e9rables dans 25 pays dont la Palestine. Je suis simple, gentil, sinc\u00e8re. Recherche: Je vis dans la Russie. Ma taille est de 180 voir Jai un poids de 72 kg Jai les cheveux blonds et les yeux verts.Je suis tr\u00e8s sociable et gai \u00e9tudiant! : Je travaille sur le travail et mentra\u00eene dans la salle de. Je cherche un homme.. Le malheur qui vient de bouleverser votre famille nous a p\u00e9trifi\u00e9s. Sachez que nous sommes de tout c\u0153ur avec vous. Soyez assur\u00e9s de notre chaleureuse sympathie et de notre ind\u00e9fectible amiti\u00e9. Pour \u00eatre alert\u00e9 par email dune r\u00e9action \u00e0 ce commentaire, merci de  Le vendredi 30 novembre \u00e0 19h, Soir\u00e9e douverture, Salle La Bulle : BD-CONCERT OBOYS \u00e0 19h dur\u00e9e d1h, tout public, entr\u00e9e libre dans la limite des places disponibles.<\/p>\n","protected":false},"excerpt":{"rendered":"<p>rencontre amitie mans<\/p>\n","protected":false},"author":1,"featured_media":0,"comment_status":"closed","ping_status":"closed","sticky":false,"template":"","format":"standard","meta":{"footnotes":""},"categories":[1],"tags":[],"_links":{"self":[{"href":"http:\/\/geodeta.gorzow.pl\/www\/wp-json\/wp\/v2\/posts\/522"}],"collection":[{"href":"http:\/\/geodeta.gorzow.pl\/www\/wp-json\/wp\/v2\/posts"}],"about":[{"href":"http:\/\/geodeta.gorzow.pl\/www\/wp-json\/wp\/v2\/types\/post"}],"author":[{"embeddable":true,"href":"http:\/\/geodeta.gorzow.pl\/www\/wp-json\/wp\/v2\/users\/1"}],"replies":[{"embeddable":true,"href":"http:\/\/geodeta.gorzow.pl\/www\/wp-json\/wp\/v2\/comments?post=522"}],"version-history":[{"count":1,"href":"http:\/\/geodeta.gorzow.pl\/www\/wp-json\/wp\/v2\/posts\/522\/revisions"}],"predecessor-version":[{"id":523,"href":"http:\/\/geodeta.gorzow.pl\/www\/wp-json\/wp\/v2\/posts\/522\/revisions\/523"}],"wp:attachment":[{"href":"http:\/\/geodeta.gorzow.pl\/www\/wp-json\/wp\/v2\/media?parent=522"}],"wp:term":[{"taxonomy":"category","embeddable":true,"href":"http:\/\/geodeta.gorzow.pl\/www\/wp-json\/wp\/v2\/categories?post=522"},{"taxonomy":"post_tag","embeddable":true,"href":"http:\/\/geodeta.gorzow.pl\/www\/wp-json\/wp\/v2\/tags?post=522"}],"curies":[{"name":"wp","href":"https:\/\/api.w.org\/{rel}","templated":true}]}}