{"id":528,"date":"2020-06-20T23:40:43","date_gmt":"2020-06-20T23:40:43","guid":{"rendered":"http:\/\/geodeta.gorzow.pl\/www\/?p=528"},"modified":"2020-06-20T23:09:54","modified_gmt":"2020-06-20T23:09:54","slug":"explication-du-conte-une-etrange-rencontre","status":"publish","type":"post","link":"http:\/\/geodeta.gorzow.pl\/www\/2020\/06\/20\/explication-du-conte-une-etrange-rencontre\/","title":{"rendered":"Explication Du Conte Une \u00c9trange Rencontre"},"content":{"rendered":"<p><img decoding=\"async\" src=\"http:\/\/www.todofuitbol.cf\/var\/ezflow_site\/storage\/images\/docfr7\/ouvrages\/3303331281221-voter-de-1789-a-nos-jours\/26117729-7-fre-FR\/Voter-de-1789-a-nos-jours_large.jpg\" alt=\"explication du conte une \u00e9trange rencontre\" align=\"center\"> : les textes sont disponibles sous ; dautres conditions peuvent sappliquer. Voyez les pour plus de d\u00e9tails, ainsi que les. En cas de r\u00e9utilisation des textes de cette page, voyez. Attention! Souhaitez-vous vraiment annuler votre inscription? 2 Apr\u00e8s une pr\u00e9sentation de ce clerg\u00e9 bien particulier, je mattacherai, dans un premier temps, \u00e0 montrer de quelle fa\u00e7on ces clercs adh\u00e8rent au mod\u00e8le tridentin pour r\u00e9fl\u00e9chir ensuite sur les r\u00e9ticences qui Merci de vous \u00eatre inscrit! Noubliez pas de jeter un \u0153il dans votre bo\u00eete mail, pour d\u00e9couvrir tr\u00e8s bient\u00f4t votre premi\u00e8re newsletter! Soutenez le journalisme dinvestigation et une r\u00e9daction ind\u00e9pendante. Nathalie Cohen est agr\u00e9g\u00e9e de lettres classiques au juda\u00efsme, \u00e0 lhell\u00e9nisme et \u00e0 l\u00e9tude des P\u00e8res chr\u00e9tiens grecs. 21Les th\u00e9oriciens du portrait tel Hans Belting entendent d\u00e9montrer que ce dernier ne saurait appara\u00eetre quau travers de forces historiques assujetties \u00e0 une herm\u00e9neutique particuli\u00e8re. Pourtant, celui de Mohamed rec\u00e8le des potentialit\u00e9s polys\u00e9miques et son ambigu\u00eft\u00e9 m\u00eame pr\u00eate \u00e0 des lectures diverses. On ne saurait donc le r\u00e9duire \u00e0 un produit culturel suspect, ni \u00e0 un sch\u00e8me interpr\u00e9tatif simpliste. 14Sans le savoir ou sans le vouloir, Lehnert est \u00e0 lorigine dun malentendu centr\u00e9 autour dune image dadolescent et dun nom. Mais avec le personnage de Mohamed, le photographe orientaliste semble avoir saisi quelque chose du c\u0153ur m\u00eame de cet Orient quil \u00e9tait venu chercher en Tunisie. Messieurs de la chambre eccl\u00e9siastique de Clermont-Ferrand. 3 Du fait de leur organisation beaucoup plus structur\u00e9e, les coll\u00e8ges de communalistes ont laiss\u00e9 des traces de leur existence relativement nombreuses, contrairement aux soci\u00e9t\u00e9s de filleuls. Ce sont donc elles qui seront lessentiel de lactualit\u00e9 sociale chaque vendredi! This text can be changed from the Miscellaneous section of the settings page. Compte rendu du livre Une \u00e9trange rencontre: Juifs, Grecs et Romains de Nathalie Cohen La Montagne des dieuxLa Montagne des dieux  Aujourdhui, cest le duo comique le plus embl\u00e9matique du cin\u00e9ma fran\u00e7ais des ann\u00e9es 2000 qui est \u00e0 lhonneur. Jean Durand quand il \u00e9tait jeune. Il est le p\u00e8re dElisa mais aussi le PDG dune grande entreprise mondialement connue. Il a 37 ans. 2020 Time Out England Limited et soci\u00e9t\u00e9s du groupe Time Out Group Plc. Tous droits r\u00e9serv\u00e9s. Time Out est une marque d\u00e9pos\u00e9e de la soci\u00e9t\u00e9 Time Out Digital Limited. Pierre Centlivres et Micheline Centlivres-Demont, Une \u00e9trange rencontre, \u00c9tudes photographiques En ligne, 17 Novembre 2005, mis en ligne le 28 ao\u00fbt 2008, consult\u00e9 le 12 juin 2020. URL : http:journals.openedition.orgetudesphotographiques747  Le th\u00e9\u00e2tre de l\u00e9trange est une \u00e9mission radiophonique.. <img decoding=\"async\" src=\"http:\/\/www.craif.org\/uploads\/_craif\/ani_fichiers\/soiree_tsa.jpg\" alt=\"explication du conte une \u00e9trange rencontre\" align=\"left\">  <img decoding=\"async\" src=\"http:\/\/www.elishean.org\/wp-content\/uploads\/2010\/06\/vue.jpg\" alt=\"explication du conte une \u00e9trange rencontre\" align=\"right\"> La CGT 2018 Tous droits r\u00e9serv\u00e9s-La CGT 2018 Tous droits r\u00e9serv\u00e9s des personnages terrifiants et souvent fantastiques. En raison de lurgence sanitaire, le minist\u00e8re de la Culture d\u00e9cide de reporter l\u00e9dition 2020 des Rendez-vous aux jardins. Cet \u00e9v\u00e8nement devait se tenir les 5, 6 et 7 juin 2020 sur le th\u00e8me de la transmission des savoirs. Cette ambition sincarne dans nos succ\u00e8s les plus r\u00e9v\u00e9lateurs comme les plus modestes et dans le dynamisme de nos personnels qui sinvestissent au quotidien dans leur \u00e9tablissement. Dun veille malfaisante cette veille femme au ch\u00e2le noir quil a rencontr\u00e9e la.<\/p>\n","protected":false},"excerpt":{"rendered":"<p>explication du conte une \u00e9trange rencontre<\/p>\n","protected":false},"author":1,"featured_media":0,"comment_status":"closed","ping_status":"closed","sticky":false,"template":"","format":"standard","meta":{"footnotes":""},"categories":[1],"tags":[],"_links":{"self":[{"href":"http:\/\/geodeta.gorzow.pl\/www\/wp-json\/wp\/v2\/posts\/528"}],"collection":[{"href":"http:\/\/geodeta.gorzow.pl\/www\/wp-json\/wp\/v2\/posts"}],"about":[{"href":"http:\/\/geodeta.gorzow.pl\/www\/wp-json\/wp\/v2\/types\/post"}],"author":[{"embeddable":true,"href":"http:\/\/geodeta.gorzow.pl\/www\/wp-json\/wp\/v2\/users\/1"}],"replies":[{"embeddable":true,"href":"http:\/\/geodeta.gorzow.pl\/www\/wp-json\/wp\/v2\/comments?post=528"}],"version-history":[{"count":1,"href":"http:\/\/geodeta.gorzow.pl\/www\/wp-json\/wp\/v2\/posts\/528\/revisions"}],"predecessor-version":[{"id":529,"href":"http:\/\/geodeta.gorzow.pl\/www\/wp-json\/wp\/v2\/posts\/528\/revisions\/529"}],"wp:attachment":[{"href":"http:\/\/geodeta.gorzow.pl\/www\/wp-json\/wp\/v2\/media?parent=528"}],"wp:term":[{"taxonomy":"category","embeddable":true,"href":"http:\/\/geodeta.gorzow.pl\/www\/wp-json\/wp\/v2\/categories?post=528"},{"taxonomy":"post_tag","embeddable":true,"href":"http:\/\/geodeta.gorzow.pl\/www\/wp-json\/wp\/v2\/tags?post=528"}],"curies":[{"name":"wp","href":"https:\/\/api.w.org\/{rel}","templated":true}]}}