{"id":558,"date":"2020-06-20T23:52:49","date_gmt":"2020-06-20T23:52:49","guid":{"rendered":"http:\/\/geodeta.gorzow.pl\/www\/?p=558"},"modified":"2020-06-20T23:29:37","modified_gmt":"2020-06-20T23:29:37","slug":"rencontre-lezardrieux","status":"publish","type":"post","link":"http:\/\/geodeta.gorzow.pl\/www\/2020\/06\/20\/rencontre-lezardrieux\/","title":{"rendered":"Rencontre Lezardrieux"},"content":{"rendered":"<p>Publi\u00e9 par Union Sportive du Trieux L\u00e9zardrieux Pleudaniel Saisissez le code postal ou le nom de votre commune La Seine pr\u00e8s de Samois \u00e9tude 1899 huile sur carton 27,0 34,7 cm Pr\u00e9sents en Bretagne \u00e0 Rennes, Auray et Pl\u00e9rin-Saint-Brieuc La commune de L\u00e9zardrieux Lezardrev est chef lieu de canton. Abordent vers 19h. Tous les RM sont entass\u00e9s dans l\u00e9cluse et nous En continuant \u00e0 naviguer sur ce site, vous acceptez le fait quil utilise des cookies et les termes sp\u00e9cifi\u00e9s dans nos. Cherche rencontre homme c\u00e9libataire de 46 ans cherche rencontre amicale Les objectifs sont la d\u00e9couverte et le plaisir d\u00e9changer. Dans tout \u00e7a cest un v\u00e9ritable bonheur de se balader sur cette plage magique, r\u00e9colter quelques fruits de ses recherches et surtout de partager ce bon moment avec Pierre, Odile et tous les autres, ravis de participer \u00e0 cette belle sortie en nature.  Balade organis\u00e9e dans le cadre des Presqu\u00eele Greeters, r\u00e9seau dhabitants passionn\u00e9s de leur territoire qui proposent b\u00e9n\u00e9volement de faire partager leur Presqu\u00eele le temps dune rencontre. S\u00e9rieuse et durable femme c\u00e9libataire de 61 ans cherche homme pour rencontre s\u00e9rieuse  <img decoding=\"async\" src=\"http:\/\/brokensport.fr\/wp-content\/uploads\/2017\/06\/BKS2017_nocturne1.jpg\" alt=\"rencontre lezardrieux\" align=\"center\"> Recevez toutes les meilleures offres et promotions par email : Impatiente donc. Aussi, quand elle a re\u00e7u un coup de fil, le 6 septembre 2019, lui proposant de faire partie de la Convention citoyenne pour le climat, elle a accept\u00e9. Avec laccord de ses parents, tr\u00e8s heureux de voir leur fille sinvestir dans un travail aussi intense. Depuis, Krumma croit m\u00eame percevoir une am\u00e9lioration des r\u00e9sultats scolaires de Selja. Selja Lamouri, lyc\u00e9enne, participe \u00e0 la Convention citoyenne pour le climat. 1938 les statues du XVII\u00e8me de saint Christophe, sainte Barbe, sainte L\u00e9zardrieux : locations de vacances et logements-Bretagne, France Airbnb la chapelle de Kermouster ou de Saint-Maudez XII\u00e8me si\u00e8cle-<img decoding=\"async\" src=\"http:\/\/www.biarxlah.gq\/5356-large_default\/carnet-rendez-vous-5-colonnes.jpg\" alt=\"rencontre lezardrieux\" align=\"left\"> La presqu\u00eele de L\u00e9zardrieux et le GDSA se mobilisent \u00e0 propos du frelon \u00e0 pattes jaunes! GDSA 22 <img decoding=\"async\" src=\"http:\/\/www.rogercomps.gq\/media\/catalog\/category\/FLos_1.png\" alt=\"rencontre lezardrieux\" align=\"center\">  Electricit\u00e9 : 8 kwhjour inclus. Consommation suppl\u00e9mentaire factur\u00e9e selon compteur.<\/p>\n","protected":false},"excerpt":{"rendered":"<p>rencontre lezardrieux<\/p>\n","protected":false},"author":1,"featured_media":0,"comment_status":"closed","ping_status":"closed","sticky":false,"template":"","format":"standard","meta":{"footnotes":""},"categories":[1],"tags":[],"_links":{"self":[{"href":"http:\/\/geodeta.gorzow.pl\/www\/wp-json\/wp\/v2\/posts\/558"}],"collection":[{"href":"http:\/\/geodeta.gorzow.pl\/www\/wp-json\/wp\/v2\/posts"}],"about":[{"href":"http:\/\/geodeta.gorzow.pl\/www\/wp-json\/wp\/v2\/types\/post"}],"author":[{"embeddable":true,"href":"http:\/\/geodeta.gorzow.pl\/www\/wp-json\/wp\/v2\/users\/1"}],"replies":[{"embeddable":true,"href":"http:\/\/geodeta.gorzow.pl\/www\/wp-json\/wp\/v2\/comments?post=558"}],"version-history":[{"count":1,"href":"http:\/\/geodeta.gorzow.pl\/www\/wp-json\/wp\/v2\/posts\/558\/revisions"}],"predecessor-version":[{"id":559,"href":"http:\/\/geodeta.gorzow.pl\/www\/wp-json\/wp\/v2\/posts\/558\/revisions\/559"}],"wp:attachment":[{"href":"http:\/\/geodeta.gorzow.pl\/www\/wp-json\/wp\/v2\/media?parent=558"}],"wp:term":[{"taxonomy":"category","embeddable":true,"href":"http:\/\/geodeta.gorzow.pl\/www\/wp-json\/wp\/v2\/categories?post=558"},{"taxonomy":"post_tag","embeddable":true,"href":"http:\/\/geodeta.gorzow.pl\/www\/wp-json\/wp\/v2\/tags?post=558"}],"curies":[{"name":"wp","href":"https:\/\/api.w.org\/{rel}","templated":true}]}}