{"id":574,"date":"2020-06-20T23:56:13","date_gmt":"2020-06-20T23:56:13","guid":{"rendered":"http:\/\/geodeta.gorzow.pl\/www\/?p=574"},"modified":"2020-06-20T23:44:55","modified_gmt":"2020-06-20T23:44:55","slug":"clash-psg-om-la-rencontre-de-l-annee-reportage","status":"publish","type":"post","link":"http:\/\/geodeta.gorzow.pl\/www\/2020\/06\/20\/clash-psg-om-la-rencontre-de-l-annee-reportage\/","title":{"rendered":"Clash Psg Om La Rencontre De L Ann\u00e9e Reportage"},"content":{"rendered":"<p>5.5&#215;2.5 Asus, Benq, Compaq, Dell, Fujitsu, Gateway, HP, Lenovo, LG, MSI, Toshiba more Charles Aznavour, chanteur franco-arm\u00e9nien est n\u00e9 le 22.. \u03a0\u03bf\u03b9\u03cc\u03c4\u03b7\u03c4\u03b1 \u03b1\u03ad\u03c1\u03b1 \u03b1\u03b8\u03ae\u03bd\u03b1 \u039a\u03cc\u03c3\u03c4\u03bf\u03c2 \u03c3\u03c5\u03bc\u03c0\u03b5\u03c1\u03b9\u03bb\u03b1\u03bc\u03b2\u03b1\u03bd\u03bf\u03bc\u03ad\u03bd\u03bf\u03c5 \u03c4\u03bf\u03c5 \u03b5\u03b9\u03c3\u03b9\u03c4\u03b7\u03c1\u03af\u03bf\u03c5 \u03b5\u03b9\u03c3\u03cc\u03b4\u03bf\u03c5: 4,00 \u03b1\u03bd\u03ac \u03bc\u03b1\u03b8\u03b7\u03c4\u03ae\u03c3\u03c5\u03bd\u03bf\u03b4\u03bf\u03af \u03b5\u03ba\u03c0\u03b1\u03b9\u03b4\u03b5\u03c5\u03c4\u03b9\u03ba\u03bf\u03af \u03b4\u03c9\u03c1\u03b5\u03ac\u03bd \u03b1\u03bc\u03b5\u03c3\u03bf\u03c2 \u03c8\u03b5\u03ba\u03b1\u03c3\u03bc\u03bf\u03c2 lpg 11 \u0399\u03bf\u03c5\u03bb\u03af\u03bf\u03c5 2018 \u03b4\u03c9\u03c1\u03b5\u03b1\u03bd \u03bc\u03b1\u03b8\u03b7\u03bc\u03b1\u03c4\u03b1 \u03bc\u03b1\u03b3\u03b5\u03b9\u03c1\u03b9\u03ba\u03b7\u03c2 \u03b8\u03b5\u03c3\u03c3\u03b1\u03bb\u03bf\u03bd\u03b9\u03ba\u03b7 2015 \u03c3\u03b7\u03bb\u03b9\u03b1 \u03ba\u03c1\u03b9\u03b8\u03b1\u03c1\u03b9\u03c9\u03c4\u03b7 \u03c6\u03bf\u03c1\u03b5\u03bc\u03b1\u03c4\u03b1 \u03ba\u03bf\u03ba\u03c4\u03b5\u03b9\u03bb 14:22 \u03c0\u03b1\u03c1\u03b1\u03c4\u03b1\u03c4\u03b9\u03ba\u03bf\u03c2 \u03ba\u03b1\u03b9 \u03b1\u03bf\u03c1\u03b9\u03c3\u03c4\u03bf\u03c2 \u03c4\u03bf\u03c5 \u03b5\u03b9\u03bc\u03b1\u03b9 \u03b5\u03c5\u03b5\u03bb\u03c0\u03b9\u03b4\u03c9\u03bd \u03bc\u03bf\u03c1\u03b9\u03b1 2013 11 \u0399\u03bf\u03c5\u03bb\u03af\u03bf\u03c5 2018 \u03bb\u03bf\u03c5\u03ba\u03b9\u03b1 \u03c0\u03b1\u03c0\u03b1\u03b4\u03b1\u03ba\u03b7 wikipedia \u03bf\u03bd\u03b5\u03b9\u03c1\u03bf\u03ba\u03c1\u03b9\u03c4\u03b7\u03c2 \u03bb\u03b5\u03c6\u03c4\u03b1 \u03c3\u03b5 \u03c6\u03b1\u03ba\u03b5\u03bb\u03bf 17:49 \u03b2\u03bf\u03bc\u03b2\u03b1 \u03c7\u03b9\u03c1\u03bf\u03c3\u03b9\u03bc\u03b1 \u03c6\u03c9\u03c4\u03bf\u03b3\u03c1\u03b1\u03c6\u03b9\u03b5\u03c2 <img decoding=\"async\" src=\"http:\/\/www.strategy.footnotes.us\/wp-content\/uploads\/2017\/04\/moka-440x330.jpg\" alt=\"clash psg om la rencontre de l ann\u00e9e reportage\" align=\"left\"> <img decoding=\"async\" src=\"http:\/\/idata.over-blog.com\/0\/13\/11\/56\/affiches-finales-foot\/OM-REAC-RES-RESULTATS-2008.jpg\" alt=\"clash psg om la rencontre de l ann\u00e9e reportage\" align=\"right\">   T\u00e9l\u00e9 Star Jeux Jach\u00e8te ce num\u00e9ro Format papier ou num\u00e9rique Alors quIbra vient de quitter le PSG, Helena a d\u00e9j\u00e0 pr\u00e9vu ses futurs activit\u00e9s pendant sa retraite. Une carri\u00e8re de footballeur nest pas \u00e9ternelle. Quand Zlatan aura fini la sienne, jai pr\u00e9vu de recommencer \u00e0 bosser Il ira chasser pendant la journ\u00e9e et, le soir, quand je rentrerai du boulot, on cuisinera tous les deux.  Vous \u00eates dailleurs revenu en Alg\u00e9rie avec le Club Africain en mars 2019, pour un match de Ligue des champions de la CAF face au CS Constantine? \u03bc\u03c0\u03b9\u03bd \u03bb\u03b1\u03bd\u03c4\u03b5\u03bd \u03ba\u03b1\u03b9 \u03bf\u03bc\u03c0\u03b1\u03bc\u03b1 11 \u0399\u03bf\u03c5\u03bb\u03af\u03bf\u03c5 2018 \u03b1\u03b3\u03b9\u03b1 \u03b3\u03c1\u03b1\u03c6\u03b7 \u03bc\u03b5\u03c4\u03ac\u03c6\u03c1\u03b1\u03c3\u03b7 pdf \u03c3\u03bf\u03ba\u03bf\u03bb\u03b1\u03c4\u03b5\u03c2 \u03c7\u03c9\u03c1\u03b9\u03c2 \u03b6\u03b1\u03c7\u03b1\u03c1\u03b7 19:23 \u03c4\u03bf\u03c5\u03c1\u03ba\u03bf\u03c2 \u03c0\u03c1\u03c9\u03b8\u03c5\u03c0\u03bf\u03c5\u03c1\u03b3\u03bf\u03c2 \u03c3\u03c4\u03b7\u03bd \u03b5\u03bb\u03bb\u03b1\u03b4\u03b1 \u03ba\u03c1\u03b1\u03ba\u03bf\u03b2\u03b9\u03b1 \u03ba\u03b1\u03b9\u03c1\u03bf\u03c2 \u03b9\u03b1\u03bd\u03bf\u03c5\u03b1\u03c1\u03b9\u03bf\u03c2 \u03b8\u03b5\u03c9\u03bd\u03b7 \u03be\u03b1\u03bd\u03b8\u03b7 \u03bc\u03bf\u03c5\u03c3\u03b5\u03b9\u03bf \u03ba\u03c5\u03c0\u03c1\u03bf\u03c5 \u03c5\u03c0\u03bf\u03c3\u03c4\u03b7\u03c1\u03b9\u03ba\u03c4\u03b7\u03c2 LGDF : Bonjour Monsieur Zvunka, comment allez-vous? Merci davoir r\u00e9pondu \u00e0 cette interview pour La Gazette du Fennec. \u0388\u03bb\u03b1 \u03c3\u03c4\u03b7 \u03b8\u03ad\u03c3\u03b7 \u03bc\u03bf\u03c5 \u03b5\u03c0\u03b5\u03b9\u03c3\u03cc\u03b4\u03b9\u03bf 92 \u039f\u0394\u039f\u039d\u03a4\u039f\u0392\u039f\u03a5\u03a1\u03a4\u03a3\u0391 CHICCO \u0393\u0399\u0391 \u0392\u03a1\u0395\u03a6\u0397 \u03a1\u039f\u0396 6\u039c\u0397\u039d\u03a9\u039d \u03b5\u03b9\u03c2 \u03b8\u03b1\u03bd\u03b1\u03c4\u03bf\u03bd \u03b5\u03c0\u03b5\u03b9\u03c3\u03bf\u03b4\u03b9\u03bf 3 PL1.152004147 \u03b2\u03b1\u03bb\u03c4\u03b5\u03c4\u03c3\u03b9\u03bf\u03c5 \u03b5\u03be\u03b1\u03c1\u03c7\u03b5\u03b9\u03b1 \u03b5\u03c3\u03c4\u03b9\u03b1\u03c4\u03bf\u03c1\u03b9\u03bf CHICCO \u03ba\u03b1\u03b6\u03b9\u03bd\u03bf \u03c0\u03b1\u03c1\u03bd\u03b7\u03b8\u03b1\u03c2 \u03b4\u03b9\u03b5\u03c5\u03b8\u03c5\u03bd\u03c3\u03b7 CHICCO : autoris\u00e9s \u00e0 venir au pour la premi\u00e8re fois de 2014, les supporters marseillais arrachent pas moins de 137 si\u00e8ges de la tribune r\u00e9serv\u00e9e aux visiteurs et d\u00e9gradent les toilettes du stade. Certains si\u00e8ges sont balanc\u00e9s vers la tribune lat\u00e9rale. <img decoding=\"async\" src=\"http:\/\/general.gabygannon.com\/wp-content\/uploads\/2016\/11\/Corentin-Charbonier-640x325.jpg\" alt=\"clash psg om la rencontre de l ann\u00e9e reportage\" align=\"left\"> 29 mai-Olympique de Marseille 3-1 Paris Saint Germain : vainqueurs trois jours plus t\u00f4t de la Ligue des Champions face au Milan AC, lOM est sur un nuage avant ce match qui va une nouvelle fois d\u00e9cider du nom du Champion de France. Le PSG joue sans complexe et ouvre le score par. Les Marseillais, ayant tr\u00e8s peu dormi depuis leur sacre \u00e0 Munich, se r\u00e9veillent et simposent 3-1 avec notamment un but exceptionnel de, le plus beau de lhistoire des classico. Des supporters parisiens en col\u00e8re tireront des fus\u00e9es de d\u00e9tresse en direction de la tribune Ganay pour manifester leur col\u00e8re. Plusieurs personnes furent bless\u00e9es. LOM remportera le titre mais il lui sera finalement retir\u00e9 apr\u00e8s l. Malgr\u00e9 plusieurs demandes, le titre 1993 ne sera jamais attribu\u00e9 ni \u00e0 lOM d\u00e9chu, ni au PSG deuxi\u00e8me,. Je souhaite aussi recevoir les bons plans des partenaires du site \u03c0\u03bf\u03b9\u03b7\u03bc\u03b1\u03c4\u03b1 \u03b3\u03b9\u03b1 \u03c4\u03b7 \u03b3\u03b9\u03bf\u03c1\u03c4\u03b7 \u03c4\u03b7\u03c2 \u03bc\u03b7\u03c4\u03b5\u03c1\u03b1\u03c2 2012 10 \u0399\u03bf\u03c5\u03bb\u03af\u03bf\u03c5 2018 \u03ba\u03bf\u03c5\u03b6\u03b9\u03bd\u03b5\u03c2 \u03c0\u03b9\u03c4\u03c3\u03bf\u03c2 inox \u03c6\u03b1\u03bd\u03c4\u03b1\u03c3\u03bc\u03b1 \u03c4\u03b7\u03c2 \u03bf\u03c0\u03b5\u03c1\u03b1\u03c2 \u03c4\u03c1\u03b1\u03b3\u03bf\u03c5\u03b4\u03b9 21:40 \u03b1\u03c3\u03c0\u03c1\u03b1 \u03bc\u03c0\u03bf\u03c4\u03b1\u03ba\u03b9\u03b1 \u03bd\u03b9\u03ba\u03b5 \u03c0\u03bb\u03b1\u03c3\u03c4\u03b9\u03ba\u03bf\u03b9 \u03ba\u03c1\u03b9\u03ba\u03bf\u03b9 \u03b3\u03b9\u03b1 \u03c6\u03bf\u03c5\u03bb\u03b1\u03c1\u03b9\u03b1 11 \u0399\u03bf\u03c5\u03bb\u03af\u03bf\u03c5 2018 \u03c1\u03b5\u03b1\u03bb \u03bc\u03c0\u03b1\u03c1\u03c4\u03c3\u03b5\u03bb\u03bf\u03bd\u03b1 2017 \u03b7 \u03b8\u03b1\u03bb\u03b1\u03c3\u03c3\u03b1 \u03bc\u03b5\u03c3\u03b1 \u03bc\u03bf\u03c5 trailer 00:55 \u03c5\u03c8\u03b7\u03bb\u03b7 \u03ba\u03c1\u03b5\u03b1\u03c4\u03b9\u03bd\u03b9\u03bd\u03b7 \u03c3\u03b5 \u03b3\u03b1\u03c4\u03b1.<\/p>\n","protected":false},"excerpt":{"rendered":"<p>clash psg om la rencontre de l ann\u00e9e reportage<\/p>\n","protected":false},"author":1,"featured_media":0,"comment_status":"closed","ping_status":"closed","sticky":false,"template":"","format":"standard","meta":{"footnotes":""},"categories":[1],"tags":[],"_links":{"self":[{"href":"http:\/\/geodeta.gorzow.pl\/www\/wp-json\/wp\/v2\/posts\/574"}],"collection":[{"href":"http:\/\/geodeta.gorzow.pl\/www\/wp-json\/wp\/v2\/posts"}],"about":[{"href":"http:\/\/geodeta.gorzow.pl\/www\/wp-json\/wp\/v2\/types\/post"}],"author":[{"embeddable":true,"href":"http:\/\/geodeta.gorzow.pl\/www\/wp-json\/wp\/v2\/users\/1"}],"replies":[{"embeddable":true,"href":"http:\/\/geodeta.gorzow.pl\/www\/wp-json\/wp\/v2\/comments?post=574"}],"version-history":[{"count":1,"href":"http:\/\/geodeta.gorzow.pl\/www\/wp-json\/wp\/v2\/posts\/574\/revisions"}],"predecessor-version":[{"id":575,"href":"http:\/\/geodeta.gorzow.pl\/www\/wp-json\/wp\/v2\/posts\/574\/revisions\/575"}],"wp:attachment":[{"href":"http:\/\/geodeta.gorzow.pl\/www\/wp-json\/wp\/v2\/media?parent=574"}],"wp:term":[{"taxonomy":"category","embeddable":true,"href":"http:\/\/geodeta.gorzow.pl\/www\/wp-json\/wp\/v2\/categories?post=574"},{"taxonomy":"post_tag","embeddable":true,"href":"http:\/\/geodeta.gorzow.pl\/www\/wp-json\/wp\/v2\/tags?post=574"}],"curies":[{"name":"wp","href":"https:\/\/api.w.org\/{rel}","templated":true}]}}