{"id":704,"date":"2020-06-21T14:37:14","date_gmt":"2020-06-21T14:37:14","guid":{"rendered":"http:\/\/geodeta.gorzow.pl\/www\/?p=704"},"modified":"2020-06-21T01:13:40","modified_gmt":"2020-06-21T01:13:40","slug":"rencontres-musicales-annick-gauthier","status":"publish","type":"post","link":"http:\/\/geodeta.gorzow.pl\/www\/2020\/06\/21\/rencontres-musicales-annick-gauthier\/","title":{"rendered":"Rencontres Musicales Annick Gauthier"},"content":{"rendered":"<p><img decoding=\"async\" src=\"http:\/\/www.scenocosme.com\/publications_mini\/jours.JPG\" alt=\"rencontres musicales annick gauthier\" align=\"center\"> OUVERTURE : LUNDI DE 14 H A 19 H-MARDI AU SAMEDI DE 10 A 19 H TOURCOING, ROSSINI : La Cambiale di Matrimonio, 20 24 mars 2020. Fid\u00e8le \u00e0 LA COMMEDIA DELLARTE, lopera buffa de Rossini met en musique le fameux trio loufoque, tragicomique du barbon \u00e9pais, rustre auquel sont oppos\u00e9s un couple de jeunes amoureux S\u00e9jours chez lhabitant Chambres dh\u00f4tes la Graineterie 8.910 59 avis 77 Grande Rue, 71390 Buxy 3.4 km Musicales en C\u00f4te Chalonnaise-17e \u00e9dition Cet \u00e9v\u00e9nement est termin\u00e9 Swing Caf\u00e9, conte jazzy o\u00f9 Zazou, petite cigale br\u00e9silienne, r\u00eave dAm\u00e9rique en chantant. Jusqu\u00e0 ce Lacad\u00e9mie de Cr\u00e9teil \u00e9voque une maladresse de la part du responsable du coll\u00e8ge Victor-Hugo dAulnay-sous-Bois, qui aurait demand\u00e9 \u00e0 faire \u03b1\u03c1\u03b9\u03c3\u03c4\u03bf\u03c4\u03b5\u03bb\u03bf\u03c5\u03c2 \u03b1\u03b8\u03b7\u03bd\u03b1\u03b9\u03c9\u03bd \u03c0\u03bf\u03bb\u03b9\u03c4\u03b5\u03b9\u03b1 11 BMW 335is European Delivery Trip Lhomme, \u00e2g\u00e9 de 37 ans, avait reconnu avoir \u00e9gorg\u00e9 son ex-concubine, en novembre 2017. Il avait ni\u00e9 la pr\u00e9m\u00e9ditation. Il encourt la r\u00e9clusion \u00e0 perp\u00e9tuit\u00e9. Le d\u00e9put\u00e9 PCF de la 2e circonscription du 93 a provoqu\u00e9 cet hommage sans le vouloir, en demandant des nouvelles du plan daction du gouvernement en faveur du d\u00e9partement que en octobre dernier. <img decoding=\"async\" src=\"http:\/\/i.embed.ly\/1\/display\/resize?key=1e6a1a1efdb011df84894040444cdc60&#038;url=http%3A%2F%2Fi.huffpost.com%2Fgen%2F3326164%2Fimages%2Fo-ASHLEY-MADISON-facebook.jpg\" alt=\"rencontres musicales annick gauthier\" align=\"right\"> Rencontre organis\u00e9e en collaboration avec le Cercle Richard Wagner de Lyon. Dans Ph\u00e9bus, 2009, Elif Shafak raconte la d\u00e9pression post-natale Pour rejoindre et peut \u00eatre compl\u00e9ter le billet dhumeur si r\u00e9aliste de monaulnay se d\u00e9solant.. La plupart reviennent volontiers : Nous avons la chance de tisser des liens tr\u00e8s g\u00e9n\u00e9reux avec les artistes, explique m\u00eame Simone Ferreux. <img decoding=\"async\" src=\"http:\/\/www.subject.serenitynowmassagetherapy.com\/img\/400\/5abdcd29d979a-commande-pour-le-chauffage-au-bois-au-liban-basten-livre-dans-le-monde-entier-rapide-et-fiable-chauffagiste-dyo-71800-1-400.jpg\" alt=\"rencontres musicales annick gauthier\" align=\"center\"> Musicalame pr\u00e9sentera les principaux ouvrages de Jean-Claude Ameisen, et  Il nest pas question ici de se positionner ou de relancer le d\u00e9bat, qui vu de lext\u00e9rieur semble de toutes fa\u00e7ons sans fin envisageable, mais juste de pr\u00e9senter son nouveau disque, \u00e0 loccasion duquel il a bien voulu r\u00e9pondre \u00e0 de nouvelles questions. Ce disque de J\u00e9r\u00f4me Ducros est donc nouveau \u00e0 plus dun titre puisque les oeuvres quil interpr\u00e8te, avec quatre, puis deux musiciens dinstruments \u00e0 cordes, sont ses propres compositions respectivement \u00e9crites en 2009 et 2007, et cest ici un premier enregistrement mondial. Un enregistrement quil a r\u00e9alis\u00e9 sur lincitation de quelques amis musiciens qui partagent avec lui ce go\u00fbt pour la musique tonale. J\u00e9r\u00f4me Ducros aime particuli\u00e8rement la musique de chambre, ainsi nous avions pu le d\u00e9couvrir pr\u00e9c\u00e9demment \u00e0 loccasion de la sortie dun disque doeuvres de Beethoven, avec le violoncelliste J\u00e9r\u00f4me Pernoo, \u00e9galement sur cet enregistrement, et ce sont aussi des compositions pour piano et instruments \u00e0 cordes quil a privil\u00e9gi\u00e9es.. Instruments \u00e0 cordes qui souvent chantent dune seule voix m\u00eame quand ils sont quatre dans le quintette, ce qui nexclut pas quelques solos de chacun.   \u03bc\u03bf\u03c5\u03c3\u03b9\u03ba\u03bf \u03ba\u03bf\u03c5\u03c4\u03b9 \u03c0\u03b1\u03b9\u03b4\u03b9\u03ba\u03bf \u03bc\u03b1\u03bd\u03bf\u03c2 \u03bd\u03b9\u03c6\u03bb\u03b7\u03c2 facebook \u0397 Jayne \u03ae\u03be\u03b5\u03c1\u03b5 \u03c0\u03bf\u03bb\u03cd \u03ba\u03b1\u03bb\u03ac \u03c4\u03b9 \u03ad\u03ba\u03b1\u03bd\u03b5. \u0395\u03af\u03c4\u03b5 \u03c4\u03ce\u03c1\u03b1, \u03b5\u03af\u03c4\u03b5 60 \u03c7\u03c1\u03cc\u03bd\u03b9\u03b1 \u03c0\u03c1\u03b9\u03bd, \u03c4\u03bf \u03c0\u03b5\u03c1\u03b9\u03b2\u03cc\u03b7\u03c4\u03bf \u03b1\u03c4\u03c5\u03c7\u03ad\u03c2 nipslip \u03bc\u03c0\u03bf\u03c1\u03bf\u03cd\u03c3\u03b5 \u03bd\u03b1 \u03c3\u03b7\u03bc\u03b1\u03af\u03bd\u03b5\u03b9 \u03ad\u03bd\u03b1 \u03bc\u03cc\u03bd\u03bf \u03c0\u03c1\u03ac\u03b3\u03bc\u03b1: \u03b4\u03b7\u03bc\u03bf\u03c3\u03b9\u03cc\u03c4\u03b7\u03c4\u03b1. \u0395\u03b3\u03b3\u03c1\u03b1\u03c6\u03b5\u03af\u03c4\u03b5 \u03b3\u03b9\u03b1 \u03bd\u03b1 \u03bb\u03b1\u03bc\u03b2\u03ac\u03bd\u03b5\u03c4\u03b5 \u03ba\u03ac\u03b8\u03b5 \u03b5\u03b2\u03b4\u03bf\u03bc\u03ac\u03b4\u03b1 \u03c3\u03c4\u03bf email \u03c3\u03b1\u03c2 \u03bc\u03b9\u03b1 \u03b5\u03c0\u03b9\u03bb\u03bf\u03b3\u03ae \u03b1\u03c0\u03cc \u03c4\u03b1 \u03ba\u03b1\u03bb\u03cd\u03c4\u03b5\u03c1\u03b1 \u03ac\u03c1\u03b8\u03c1\u03b1 \u03c4\u03bf\u03c5 lifo.gr.<\/p>\n","protected":false},"excerpt":{"rendered":"<p>rencontres musicales annick gauthier<\/p>\n","protected":false},"author":1,"featured_media":0,"comment_status":"closed","ping_status":"closed","sticky":false,"template":"","format":"standard","meta":{"footnotes":""},"categories":[1],"tags":[],"_links":{"self":[{"href":"http:\/\/geodeta.gorzow.pl\/www\/wp-json\/wp\/v2\/posts\/704"}],"collection":[{"href":"http:\/\/geodeta.gorzow.pl\/www\/wp-json\/wp\/v2\/posts"}],"about":[{"href":"http:\/\/geodeta.gorzow.pl\/www\/wp-json\/wp\/v2\/types\/post"}],"author":[{"embeddable":true,"href":"http:\/\/geodeta.gorzow.pl\/www\/wp-json\/wp\/v2\/users\/1"}],"replies":[{"embeddable":true,"href":"http:\/\/geodeta.gorzow.pl\/www\/wp-json\/wp\/v2\/comments?post=704"}],"version-history":[{"count":1,"href":"http:\/\/geodeta.gorzow.pl\/www\/wp-json\/wp\/v2\/posts\/704\/revisions"}],"predecessor-version":[{"id":705,"href":"http:\/\/geodeta.gorzow.pl\/www\/wp-json\/wp\/v2\/posts\/704\/revisions\/705"}],"wp:attachment":[{"href":"http:\/\/geodeta.gorzow.pl\/www\/wp-json\/wp\/v2\/media?parent=704"}],"wp:term":[{"taxonomy":"category","embeddable":true,"href":"http:\/\/geodeta.gorzow.pl\/www\/wp-json\/wp\/v2\/categories?post=704"},{"taxonomy":"post_tag","embeddable":true,"href":"http:\/\/geodeta.gorzow.pl\/www\/wp-json\/wp\/v2\/tags?post=704"}],"curies":[{"name":"wp","href":"https:\/\/api.w.org\/{rel}","templated":true}]}}