{"id":728,"date":"2020-06-21T10:10:08","date_gmt":"2020-06-21T10:10:08","guid":{"rendered":"http:\/\/geodeta.gorzow.pl\/www\/?p=728"},"modified":"2020-06-21T01:41:42","modified_gmt":"2020-06-21T01:41:42","slug":"rencontre-queven","status":"publish","type":"post","link":"http:\/\/geodeta.gorzow.pl\/www\/2020\/06\/21\/rencontre-queven\/","title":{"rendered":"Rencontre Queven"},"content":{"rendered":"<p><img decoding=\"async\" src=\"http:\/\/3.bp.blogspot.com\/-1qB4x_4PsVE\/VNxhEMZ77mI\/AAAAAAAAKLk\/QPgYe5dulNU\/s1600\/R4%2B-%2BEq%2Bjeunes%2BMhan.jpg\" alt=\"rencontre queven\" align=\"right\"> P\u00e2tisseries individuelles ou grandes pi\u00e8ces 56 personnes. Nos p\u00e2tissiers \u00e9laborent, chaque jour, une vingtaine de recettes diff\u00e9rentes pour votre plus grand plaisir. Tous nos adversaires ont 500 points et deux joueurs font leur premier match en comp\u00e9tition. Ravie de cette succulente et magnifique tarte aux fraises accompagn\u00e9e de quelques macarons pour notre dessert \u00e0 l occasion de la f\u00eate des m\u00e8res Bonjour j habite Valenciennes, je mesure 1m75 pour 88 kg, je ne suis donc pas mince du tout, jai les yeux verts gris, des lunettes, les cheveux ch\u00e2tains au carr\u00e9 avec des m\u00e8ches color\u00e9es au gr\u00e9 de mes envies. Notre \u00e9quipe na pas \u00e9tait \u00e9pargn\u00e9e car notre capitaine de route, Jean-Luc, \u00e9tait clou\u00e9 au lit la veille avec 39 de fi\u00e8vre!  <img decoding=\"async\" src=\"http:\/\/www.ecole-saintjoseph-queven.fr\/images\/saint-jo-images\/vie-ecole\/cycle-2\/CE1\/athletisme\/danser.JPG\" alt=\"rencontre queven\" align=\"right\"> Journ\u00e9e du 22 mars 2019 : victoire 9-5 face \u00e0 ST NOLFF 1 Acc\u00e8s fl\u00e9ch\u00e9 \u00e0 partir : du bourg de Qu\u00e9ven, direction Pont Scorff et tourner \u00e0 gauche comme pour aller au Golf. Suivre le balisage Rivi\u00e8re propre. Les hostilit\u00e9s \u00e9taient ouvertes d\u00e8s 20H30 avec Yann et Francis qui parvenaient \u00e0 se d\u00e9faire tous deux en 4 sets de Jean-Michel et dEric. Je cherche une personne ayant envie de vivre pleinement la vie \u00e0 deux avec joie de vivre et humour au quotidien. Calme et cultiv\u00e9, avec les m\u00eames int\u00e9r\u00eats que les miens.-Ministre des Relations ext\u00e9rieures, du Commerce international et du Culte Avec La Gazette du Centre Morbihan, retrouvez lactualit\u00e9 qui vous concerne dautres sites ou applications. En g\u00e9n\u00e9ral, le contenu du site ou de lapplication est utilis\u00e9 pour faire des M\u00eame r\u00e9sultat pour Mathis en individuel, sauf pour le double, et ce malgr\u00e9 un manque de motivation d\u00fb \u00e0 la d\u00e9ception de ne pas rencontrer les 9 qui \u00e9voluent de temps \u00e0 autres dans la formation <img decoding=\"async\" src=\"http:\/\/quevenkoro.e-monsite.com\/medias\/images\/2012-09-27-of-sejour-korois-programme.jpg\" alt=\"rencontre queven\" align=\"center\"> sur le chemin de la vie femme c\u00e9libataire de 70 ans cherche homme pour rencontre s\u00e9rieuse Cependant, \u00e9tant \u00e9panouie dans ma vie de et s\u00e9par\u00e9 depuis   Bonjour, je mappelle Maeva, jai 32 ans. Je suis c\u00e9libataire et je nai pas denfant. Je suis une \u00e9tudiante en droit, dailleurs cest ma derni\u00e8re ann\u00e9e. Chaque mercredi de 14h \u00e0 16h, sur la p\u00e9riode allant de septembre \u00e0 juin hors vacances scolaires Qu\u00e9ven. Une rencontre \u00e0 la m\u00e9diath\u00e8que avec l\u00e9crivain Joseph Ponthus-Pontivy.maville.com.<\/p>\n","protected":false},"excerpt":{"rendered":"<p>rencontre queven<\/p>\n","protected":false},"author":1,"featured_media":0,"comment_status":"closed","ping_status":"closed","sticky":false,"template":"","format":"standard","meta":{"footnotes":""},"categories":[1],"tags":[],"_links":{"self":[{"href":"http:\/\/geodeta.gorzow.pl\/www\/wp-json\/wp\/v2\/posts\/728"}],"collection":[{"href":"http:\/\/geodeta.gorzow.pl\/www\/wp-json\/wp\/v2\/posts"}],"about":[{"href":"http:\/\/geodeta.gorzow.pl\/www\/wp-json\/wp\/v2\/types\/post"}],"author":[{"embeddable":true,"href":"http:\/\/geodeta.gorzow.pl\/www\/wp-json\/wp\/v2\/users\/1"}],"replies":[{"embeddable":true,"href":"http:\/\/geodeta.gorzow.pl\/www\/wp-json\/wp\/v2\/comments?post=728"}],"version-history":[{"count":1,"href":"http:\/\/geodeta.gorzow.pl\/www\/wp-json\/wp\/v2\/posts\/728\/revisions"}],"predecessor-version":[{"id":729,"href":"http:\/\/geodeta.gorzow.pl\/www\/wp-json\/wp\/v2\/posts\/728\/revisions\/729"}],"wp:attachment":[{"href":"http:\/\/geodeta.gorzow.pl\/www\/wp-json\/wp\/v2\/media?parent=728"}],"wp:term":[{"taxonomy":"category","embeddable":true,"href":"http:\/\/geodeta.gorzow.pl\/www\/wp-json\/wp\/v2\/categories?post=728"},{"taxonomy":"post_tag","embeddable":true,"href":"http:\/\/geodeta.gorzow.pl\/www\/wp-json\/wp\/v2\/tags?post=728"}],"curies":[{"name":"wp","href":"https:\/\/api.w.org\/{rel}","templated":true}]}}