{"id":730,"date":"2020-06-21T19:43:01","date_gmt":"2020-06-21T19:43:01","guid":{"rendered":"http:\/\/geodeta.gorzow.pl\/www\/?p=730"},"modified":"2020-06-21T01:46:41","modified_gmt":"2020-06-21T01:46:41","slug":"rencontres-entre-bouddhistes","status":"publish","type":"post","link":"http:\/\/geodeta.gorzow.pl\/www\/2020\/06\/21\/rencontres-entre-bouddhistes\/","title":{"rendered":"Rencontres Entre Bouddhistes"},"content":{"rendered":"<p>Personnelle, souvent pas m\u00eame un lit mais un matelas dans la salle probl\u00e8me, un accident, etc. Et dire : Cest parce que  renon\u00e7ant, un moine errant qui a tout quitt\u00e9 pour se tourner vers L\u00e0, jai des T-shirts, des bracelets, des autocollants et un calendrier avec la photo dAung San Suu Kyi. Notre leader, notre grand leader! Dans les rues de Rangoun, les petits commerces regorgent dobjets \u00e0 leffigie du prix Nobel de la paix. Cest dans le cadre prestigieux de lancienne chartreuse de Saint-Hugon, en Savoie, queut lieu le quatri\u00e8me colloque entre repr\u00e9sentants du monachisme chr\u00e9tien et du monachisme bouddhique. Au milieu des for\u00eats de sapins qui encadrent ce vallon encaiss\u00e9 jusquaux sommets neigeux, tandis que roule en bas le torrent de montagne, nous avons \u00e9chang\u00e9 sur le th\u00e8me commun: M\u00e9ditation et contemplation dans laction. Car sil est relativement facile de construire une spiritualit\u00e9 d\u00e9tach\u00e9e du monde, il faut un certain art pour en incarner les principes dans la mat\u00e9rialit\u00e9 des oeuvres banales et distrayantes de la vie quotidienne. Devant cette difficult\u00e9, chr\u00e9tiens et bouddhistes ont \u00e0 faire preuve de r\u00e9alisme et dun emploi de certains moyens habiles pour que leurs belles th\u00e9ories ne restent pas \u00e9th\u00e9r\u00e9es, inefficaces. Comme les ann\u00e9es pr\u00e9c\u00e9dentes nous p\u00fbmes constater \u00e0 la fois bien des concordances et un \u00e9cart non n\u00e9gligeable dans les doctrines de base. Bungalow construit par les villageois, ces ermites recherchent du calme D\u00e9confinement : Reprise des transports r\u00e9gionaux-Ma R\u00e9gion Sud <img decoding=\"async\" src=\"http:\/\/www.tourisme-hautlimousin.com\/var\/hautlimousin\/storage\/images\/media\/images\/monastere-bouddhiste-rancon\/monastere-bouddhiste-rancon-tourisme-haut-limousin-9\/29080-1-fre-FR\/Monastere-bouddhiste-Rancon-Tourisme-Haut-Limousin-9_bloc.jpg\" alt=\"rencontres entre bouddhistes\" align=\"center\"> donc lart de mourir une fois pour toutes que le novice vient \u00e9tudier dans le monast\u00e8re. La succession des exercices vers l\u00c9veil bouddhique Dans un monde de plus en plus globalis\u00e9 et confus, o\u00f9 les crises et les violences se multiplient, comme faire face, r\u00e9sister sans avoir peur et souvrir malgr\u00e9 tout aux autres. Sagesses Bouddhistes re\u00e7oit Thupten Jinpa, grande figure du bouddhisme international, proche du Dala\u00ef-Lama, pour r\u00e9pondre \u00e0 ces questionnements, son intime conviction \u00e9tant que seule la compassion peut favoriser une transformation de nos existences. <img decoding=\"async\" src=\"http:\/\/escapadeux.com\/wp-content\/uploads\/2018\/04\/DSF5446.jpg\" alt=\"rencontres entre bouddhistes\" align=\"right\"> du trajet, sans men apercevoir, la discipline sefface devant un Il sagit plut\u00f4t de se demander : Quest-ce quun sage a de moins que nous? Quelles peurs et quelles demandes avons-nous quil na plus? <img decoding=\"async\" src=\"http:\/\/starcasm.net\/wp-content\/uploads\/2013\/05\/Darrell_Sheets_Dotsons_on_Storage_Wars_casting_rumors.jpg\" alt=\"rencontres entre bouddhistes\" align=\"left\"> Retrouvez les musiques diffus\u00e9es dans l\u00e9mission sur notre playlist Soundsgood \u00e0 t\u00e9l\u00e9charger sur Spotify, Deezer, Youtube, Napster : Je voulais te soulign\u00e9 une ptite faute qui sest gliss\u00e9e dans lun de tes sous-titres Et pourquoi les moines bouddhistes se couchent-ils les cheveux? Jimagine que tu voulais dire coupent.  PHOTOS-VIDEO I France Bleu P\u00e9rigord \u00e0 la rencontre des bouddhistes  Quand un \u00eatre meurt, le complexe d\u00e9l\u00e9ments qui le formait dans une unit\u00e9 apparente se dissout. Une union nouvelle et apparente d\u00e9l\u00e9ments est produite par le Karma et un individu nouveau et illusoire est cr\u00e9\u00e9 qui r\u00e9colte les fruits des actes de son pr\u00e9d\u00e9cesseur. Le Milindapanha utilise ici la comparaison de la flamme qui, allum\u00e9e au d\u00e9but de la nuit, continue jusquau matin. Le combustible est diff\u00e9rent, mais la flamme est toujours la m\u00eame A. Des Georges, La R\u00e9incarnation des \u00e2mes, Albin Michel. En France, ses proches ne voient pas arriver ce virage qui prend tout le monde de court. Mon p\u00e8re NDLR : lacad\u00e9micien Jean-Fran\u00e7ois Revel \u00e9tait d\u00e9\u00e7u, car il voulait que je fasse une carri\u00e8re, mais il a eu la magnanimit\u00e9 de ne pas faire de drame, reconna\u00eet Matthieu Ricard. Pas desclandre, mais de la tristesse. Il pleurait \u00e0 chaudes larmes, car Fran\u00e7ois Jacob NDLR : c\u00e9l\u00e8bre biologiste et m\u00e9decin fran\u00e7ais voyait en mon fr\u00e8re un futur Prix Nobel, et mon p\u00e8re r\u00eavait de cela et pas vraiment dun moine, se souvient sa s\u0153ur Eva Ricard, \u00e9crivaine fran\u00e7aise aujourdhui \u00e2g\u00e9e de 71 ans. Il \u00e9tait d\u00e9sesp\u00e9r\u00e9, il me disait mon fils est parti l\u00e9viter sur ses sandalettes, c\u00e9tait son expression quand il parlait de Matthieu, samuse l\u00e9ditrice Nicole Latt\u00e8s, amie de la famille. Mais il a chang\u00e9 davis quand il a vu quil \u00e9tait reconnu dans son domaine. De petit merdeux \u00e0 mec g\u00e9n\u00e9reux.<\/p>\n","protected":false},"excerpt":{"rendered":"<p>rencontres entre bouddhistes<\/p>\n","protected":false},"author":1,"featured_media":0,"comment_status":"closed","ping_status":"closed","sticky":false,"template":"","format":"standard","meta":{"footnotes":""},"categories":[1],"tags":[],"_links":{"self":[{"href":"http:\/\/geodeta.gorzow.pl\/www\/wp-json\/wp\/v2\/posts\/730"}],"collection":[{"href":"http:\/\/geodeta.gorzow.pl\/www\/wp-json\/wp\/v2\/posts"}],"about":[{"href":"http:\/\/geodeta.gorzow.pl\/www\/wp-json\/wp\/v2\/types\/post"}],"author":[{"embeddable":true,"href":"http:\/\/geodeta.gorzow.pl\/www\/wp-json\/wp\/v2\/users\/1"}],"replies":[{"embeddable":true,"href":"http:\/\/geodeta.gorzow.pl\/www\/wp-json\/wp\/v2\/comments?post=730"}],"version-history":[{"count":1,"href":"http:\/\/geodeta.gorzow.pl\/www\/wp-json\/wp\/v2\/posts\/730\/revisions"}],"predecessor-version":[{"id":731,"href":"http:\/\/geodeta.gorzow.pl\/www\/wp-json\/wp\/v2\/posts\/730\/revisions\/731"}],"wp:attachment":[{"href":"http:\/\/geodeta.gorzow.pl\/www\/wp-json\/wp\/v2\/media?parent=730"}],"wp:term":[{"taxonomy":"category","embeddable":true,"href":"http:\/\/geodeta.gorzow.pl\/www\/wp-json\/wp\/v2\/categories?post=730"},{"taxonomy":"post_tag","embeddable":true,"href":"http:\/\/geodeta.gorzow.pl\/www\/wp-json\/wp\/v2\/tags?post=730"}],"curies":[{"name":"wp","href":"https:\/\/api.w.org\/{rel}","templated":true}]}}