{"id":7409,"date":"2020-07-02T17:14:16","date_gmt":"2020-07-02T17:14:16","guid":{"rendered":"http:\/\/geodeta.gorzow.pl\/www\/?p=7409"},"modified":"2020-06-24T22:03:29","modified_gmt":"2020-06-24T22:03:29","slug":"rencontre-photographique-noisiel","status":"publish","type":"post","link":"http:\/\/geodeta.gorzow.pl\/www\/2020\/07\/02\/rencontre-photographique-noisiel\/","title":{"rendered":"Rencontre Photographique Noisiel"},"content":{"rendered":"<p>Sur www.exponaute.com consult\u00e9 le 16 septembre 2017 <img decoding=\"async\" src=\"http:\/\/static.apidae-tourisme.com\/filestore\/objets-touristiques\/images\/247\/64\/3948791-diaporama.jpg\" alt=\"rencontre photographique noisiel\" align=\"left\"> Le temps de traiter les miennes et elles arriveront! photographie aura pour objet d\u00eatre vue et daccepter d\u00eatre vue par tous. Le M\u00e9diath\u00e8que de la Ferme du Buisson le mardi de 14h \u00e0 18h-mercredi de 10 \u00e0 13h et de 14h \u00e0 18h R\u00e9trospective 1967-1993, Galerie Espace photographique de Paris, Paris Audiovisuel. 2012 : Exposition au Palais des Nations unies, Gen\u00e8ve <img decoding=\"async\" src=\"http:\/\/donsoshippingmeets.gq\/images\/Larousse_autosuffisance_3_t.jpg\" alt=\"rencontre photographique noisiel\" align=\"left\"> Lartiste fran\u00e7aise, qui travaille depuis plusieurs ann\u00e9es sur la culture Gnaoua, a expos\u00e9 derni\u00e8rement \u00e0 Hayange, une trentaine de photos en noir et blanc sur le Gnaoua. Ses photos sur le Gnaoua ont fait \u00e9galement lobjet de publication dans nombre de journaux et de magazines.  En 1997 il sinstalle \u00e0 Paris et devient photographe ind\u00e9pendant suite \u00e0 ses \u00e9tudes \u00e0 l\u00e9cole Sp\u00e9os. Ses images de spectacles le conduisent \u00e0 collaborer avec le Th\u00e9\u00e2tre de la Ville de Paris, le Centre National de la Danse et le th\u00e9\u00e2tre de Suresnes Jean Vilar. Tr\u00e8s vite, il se sp\u00e9cialise pour la presse dans le portrait dartistes. Des institutions fran\u00e7aises comme le Mus\u00e9um dHistoire Naturelle, lAction Sociale de la Ville de Paris, le Secr\u00e9tariat d\u00c9tat \u00e0 lOutre-Mer et des Conseils G\u00e9n\u00e9raux d\u00cele-de-France lui commandent des reportages. Pendant 7 ans, il intervient dans lenseignement du tirage noir et blanc \u00e0 linstitut Sp\u00e9os. Par la suite et ce depuis plusieurs ann\u00e9es il anime, aupr\u00e8s de la Ligue de lEnseignement, des ateliers photographiques pour adolescents en difficult\u00e9 scolaire et des cours du soir pour adultes. A Karsruhe-Baden Baden Allemagne se d\u00e9roulait lun des plus forts Opens de la plan\u00e8te du 18 au 22 avril 2019.  Mes photographies sont limit\u00e9es \u00e0 15 exemplaires maximum toutes tir\u00e9es par moi-m\u00eame, sign\u00e9es et num\u00e9rot\u00e9es. Elles sont vir\u00e9es au s\u00e9l\u00e9nium pour une plus longue conservation. Charlet me repr\u00e9sente, cest gr\u00e2ce \u00e0 lui que pour la 2e ann\u00e9e cons\u00e9cutive jexpose au festival international de Pyngiao en Chine. Cette ann\u00e9e ce fut le temps des grenadines sur le th\u00e8me de la connivence. 2011 : Participation au livre expo Photo Poche Amnesty International et exposition aux Rencontres photographiques dArles Cette section de musiciens survitamin\u00e9s est de celles qui remplissent les stades au Chili. N\u00e9 en 1999 de quelques chansons compos\u00e9es \u00e0 la guitare par son leader Aldo Macha Asenjo avec son ami Antonio Orellana, Chico Trujillo.. Les Rencontres photographiques de Noisiel rassemblent chaque ann\u00e9e depuis 1996, les photographes amateurs ou professionnels d\u00e9sireux d\u00e9changer avec dautres photographes et de pr\u00e9senter leurs cr\u00e9ations au public. <img decoding=\"async\" src=\"http:\/\/1.bp.blogspot.com\/-rLlpI9cN38E\/Ug-cmrM-rDI\/AAAAAAAAJTk\/Mvx3vsQ_QKc\/s1600\/BelieveEbSaxAdv1-2-2013.jpg\" alt=\"rencontre photographique noisiel\" align=\"center\"> Com\u00e9die Musicale SKYDANCE Un si\u00e8cle de Danses, de Chansons et de Com\u00e9dies Spectacle \u00e9crit et mis en sc\u00e8ne par Emilio FERRARA Et si on prenait deux heures et demie pour r\u00e9sumer le XXe si\u00e8cle. Dim. 1110 Th\u00e9\u00e2tre musical millesime Mont\u00e9vrain 77144 photographie ouvre des espaces de recomposition et dappropriation. Les lieux  Ananth, Alicia, Timothy, Cl\u00e9ment et Laetitia ont particip\u00e9 \u00e0 cet open du 7 au 14 juillet 2019. Portraits de Vihes cest 15 portraits, tour \u00e0 tour \u00e9mouvants, encourageants, pleins despoir et qui d\u00e9montrent de fa\u00e7on \u00e9clatante quil est urgent de continuer de t\u00e9moigner, et que la parole lib\u00e8re de ses marottes pour se confronter aux autres, \u00e9changer, partager, discuter.<\/p>\n","protected":false},"excerpt":{"rendered":"<p>rencontre photographique noisiel<\/p>\n","protected":false},"author":1,"featured_media":0,"comment_status":"closed","ping_status":"closed","sticky":false,"template":"","format":"standard","meta":{"footnotes":""},"categories":[1],"tags":[],"_links":{"self":[{"href":"http:\/\/geodeta.gorzow.pl\/www\/wp-json\/wp\/v2\/posts\/7409"}],"collection":[{"href":"http:\/\/geodeta.gorzow.pl\/www\/wp-json\/wp\/v2\/posts"}],"about":[{"href":"http:\/\/geodeta.gorzow.pl\/www\/wp-json\/wp\/v2\/types\/post"}],"author":[{"embeddable":true,"href":"http:\/\/geodeta.gorzow.pl\/www\/wp-json\/wp\/v2\/users\/1"}],"replies":[{"embeddable":true,"href":"http:\/\/geodeta.gorzow.pl\/www\/wp-json\/wp\/v2\/comments?post=7409"}],"version-history":[{"count":1,"href":"http:\/\/geodeta.gorzow.pl\/www\/wp-json\/wp\/v2\/posts\/7409\/revisions"}],"predecessor-version":[{"id":7410,"href":"http:\/\/geodeta.gorzow.pl\/www\/wp-json\/wp\/v2\/posts\/7409\/revisions\/7410"}],"wp:attachment":[{"href":"http:\/\/geodeta.gorzow.pl\/www\/wp-json\/wp\/v2\/media?parent=7409"}],"wp:term":[{"taxonomy":"category","embeddable":true,"href":"http:\/\/geodeta.gorzow.pl\/www\/wp-json\/wp\/v2\/categories?post=7409"},{"taxonomy":"post_tag","embeddable":true,"href":"http:\/\/geodeta.gorzow.pl\/www\/wp-json\/wp\/v2\/tags?post=7409"}],"curies":[{"name":"wp","href":"https:\/\/api.w.org\/{rel}","templated":true}]}}