{"id":742,"date":"2020-06-21T06:23:09","date_gmt":"2020-06-21T06:23:09","guid":{"rendered":"http:\/\/geodeta.gorzow.pl\/www\/?p=742"},"modified":"2020-06-21T01:51:27","modified_gmt":"2020-06-21T01:51:27","slug":"les-rencontres-prix-bayeux-calvados-des-correspondants-de-guerre","status":"publish","type":"post","link":"http:\/\/geodeta.gorzow.pl\/www\/2020\/06\/21\/les-rencontres-prix-bayeux-calvados-des-correspondants-de-guerre\/","title":{"rendered":"Les Rencontres Prix Bayeux-Calvados Des Correspondants De Guerre"},"content":{"rendered":"<p>Les diff\u00e9rents rendez-vous soir\u00e9es, salon du livre, expositions.. Abordent les conflits connus ou moins connus et apportent un d\u00e9cryptage de lactualit\u00e9, une connaissance du m\u00e9tier de reporter, en pr\u00e9sence de ceux qui couvrent tout au long de lann\u00e9e les soubresauts de la plan\u00e8te. Les plateaux de journalistes r\u00e9unis pour loccasion et la qualit\u00e9 des \u00e9changes avec les reporters de t\u00e9l\u00e9vision, radio, presse \u00e9crite et photo font du Prix Bayeux-Calvados un rendez-vous incontournable. <img decoding=\"async\" src=\"http:\/\/www.prixbayeux.org\/wp-content\/uploads\/2017\/08\/EXPO-SYRIE-AFP.jpg\" alt=\"les rencontres prix bayeux-calvados des correspondants de guerre\" align=\"right\"> Chauvel fait partie des rares qui sefforcent de suivre les deux camps Pour participer, il faut sinscrire sur le site du Prix et envoyer un reportage r\u00e9alis\u00e9 entre le 1er juin 2016 et le 31 mai 2017. Cette ann\u00e9es plusieurs cat\u00e9gories sont ouvertes : jeune reporter presse-\u00e9crite, photo, radio, t\u00e9l\u00e9vision et t\u00e9l\u00e9vision grand-format. \u00c0 lissue des inscriptions, les reportages qui devront illustrer une situation de conflit ou ses cons\u00e9quences pour les populations civiles pourront \u00eatre envoy\u00e9s \u00e0 : Comme cette main tendue \u00e0 un homme qui vient darriver sur le rivage 31 octobre 2018 Archipel de Nouvelle-Zemble, Russie Christopher Grir AFP  Ce webdocumentaire vous propose de partir \u00e0 la rencontre des journalistes pr\u00e9sents au prix Bayeux-Calvados des correspondants de guerre et de d\u00e9couvrir la vari\u00e9t\u00e9 de la profession : presse \u00e9crite, radio, t\u00e9l\u00e9vision, photographie, web et bande dessin\u00e9e. Les in\u00e9luctables cons\u00e9quences de ces conflits ont \u00e9t\u00e9 particuli\u00e8rement d\u00e9nonc\u00e9es lors du forum m\u00e9dias et du salon du livre. Jean-Paul Mari traverse la M\u00e9diterran\u00e9e sur Les bateaux ivres. Claire Billet et Olivier Jobard franchissent, eux, les murs de barbel\u00e9s quand Pascal Manoukian raconte la vie des \u00e9chou\u00e9s. Des voyages de la peur, des exils d\u00e9sesp\u00e9r\u00e9s. Heidi Levine Sipa Press reportages de grande qualit\u00e9. Si le soleil a largement \u00e9t\u00e9 pr\u00e9sent toute la semaine, l\u00e9v\u00e9nement nous a tr\u00e8s vite replong\u00e9s dans la r\u00e9alit\u00e9 froide des conflits et particuli\u00e8rement des risques du m\u00e9tier de reporter. Pour assister \u00e0 la remise des prix, samedi 8 octobre 2016, les inscriptions sont \u00e0 effectuer aupr\u00e8s de la mairie de Bayeux ou au 0 825 014 400.  La pr\u00e9sentation officielle des 50 reportages en comp\u00e9tition se d\u00e9roulera le lundi 7 octobre, d\u00e8s 10 h, \u00e0 lespace Saint-Patrice. Vous pourrez \u00e9galement d\u00e9couvrir ces reportages \u00e0 votre rythme au cours de la semaine lespace est ouvert du lundi au vendredi et le dimanche de 10 h 00 \u00e0 12 h 30 et de 14 h 00 \u00e0 18 h 00. Cette participation permet \u00e0 nos \u00e9l\u00e8ves, gr\u00e2ce \u00e0 la rencontre avec des professionnels de linformation de rendre concret les imp\u00e9ratifs li\u00e9s \u00e0 la construction du parcours citoyen : lecture critique et distanci\u00e9e de linformation, capacit\u00e9 \u00e0 publier et \u00e0 produire de linformation, sinformer gr\u00e2ce \u00e0 des m\u00e9dias pluralistes, ma\u00eetriser les codes de linformation et de la d\u00e9sinformation, se forger une opinion et d\u00e9couvrir les enjeux li\u00e9s au m\u00e9tier de grand reporter, les conditions dune information libre tout en analysant des situations g\u00e9opolitiques qui font lactualit\u00e9. Le midi, lensemble des \u00e9l\u00e8ves demi-pensionnaires d\u00e9gusteront les plats pr\u00e9par\u00e9s par le chef r\u00e9fugi\u00e9 et les \u00e9quipes des cantines scolaires. Pour sa 26e \u00e9dition, cest Gary Knight, grand photographe de guerre de notre \u00e9poque, qui sera pr\u00e9sident du jury.  <img decoding=\"async\" src=\"http:\/\/static.ladepeche.fr\/content\/media\/image\/zoom\/2009\/10\/10\/photo-1255204688493-2-0.jpg\" alt=\"les rencontres prix bayeux-calvados des correspondants de guerre\" align=\"right\"> Au large de l\u00eele de Kos, mer Eg\u00e9e, 11 ao\u00fbt 2015. Un soleil rouge se l\u00e8ve au-dessus dune embarcation charg\u00e9e de r\u00e9fugi\u00e9s syriens, qui d\u00e9rive entre la Turquie et la Gr\u00e8ce, suite \u00e0 une panne de moteur. France Inter sinstalle au c\u0153ur de la 26\u00e8me \u00e9dition du Prix Bayeux-Calvados pour un 1820 sp\u00e9cial : <img decoding=\"async\" src=\"http:\/\/www.le-radar.fr\/wp-content\/uploads\/2016\/11\/13.jpg\" alt=\"les rencontres prix bayeux-calvados des correspondants de guerre\" align=\"left\"> Jai d\u00e9couvert la Russie au cours dun \u00e9change universitaire dun an en 2012, au MGIMO, \u00e0 Moscou. Cest l\u00e0 que jai appris le russe. Jaime la Russie, cest un pays superbe, et jaime \u00e9changer avec ses habitants. Mais dun point de vue journalistique, d\u00e9passionn\u00e9, cest surtout un formidable terrain de jeu intellectuel. Jai eu loccasion dy revenir \u00e0 plusieurs reprises, la derni\u00e8re fois en mai 2015. Jai pu assister \u00e0 Den Pobedy \u00e0 Saint-P\u00e9tersbourg et la surench\u00e8re patriotique dont la c\u00e9r\u00e9monie a fait lobjet. Je pense que la majorit\u00e9 des Fran\u00e7ais constatent les m\u00eames \u00e9volutions en Russie au cours des derni\u00e8res ann\u00e9es : une crispation nationaliste, un climat \u00e9conomique qui se d\u00e9t\u00e9riore, une pression croissante sur les m\u00e9dias. Cette \u00e9volution est ant\u00e9rieure \u00e0 la crise ukrainienne, elle est \u00e0 loeuvre depuis le retour de Poutine \u00e0 la pr\u00e9sidence en 2012. La crise ukrainienne na fait quaccentuer et cristalliser ces \u00e9volutions. Prix Radio-Comit\u00e9 du D\u00e9barquement : Sami Boukhelifa, Voyage au bout du califat, Syrie, RFI.<\/p>\n","protected":false},"excerpt":{"rendered":"<p>les rencontres prix bayeux-calvados des correspondants de guerre<\/p>\n","protected":false},"author":1,"featured_media":0,"comment_status":"closed","ping_status":"closed","sticky":false,"template":"","format":"standard","meta":{"footnotes":""},"categories":[1],"tags":[],"_links":{"self":[{"href":"http:\/\/geodeta.gorzow.pl\/www\/wp-json\/wp\/v2\/posts\/742"}],"collection":[{"href":"http:\/\/geodeta.gorzow.pl\/www\/wp-json\/wp\/v2\/posts"}],"about":[{"href":"http:\/\/geodeta.gorzow.pl\/www\/wp-json\/wp\/v2\/types\/post"}],"author":[{"embeddable":true,"href":"http:\/\/geodeta.gorzow.pl\/www\/wp-json\/wp\/v2\/users\/1"}],"replies":[{"embeddable":true,"href":"http:\/\/geodeta.gorzow.pl\/www\/wp-json\/wp\/v2\/comments?post=742"}],"version-history":[{"count":1,"href":"http:\/\/geodeta.gorzow.pl\/www\/wp-json\/wp\/v2\/posts\/742\/revisions"}],"predecessor-version":[{"id":743,"href":"http:\/\/geodeta.gorzow.pl\/www\/wp-json\/wp\/v2\/posts\/742\/revisions\/743"}],"wp:attachment":[{"href":"http:\/\/geodeta.gorzow.pl\/www\/wp-json\/wp\/v2\/media?parent=742"}],"wp:term":[{"taxonomy":"category","embeddable":true,"href":"http:\/\/geodeta.gorzow.pl\/www\/wp-json\/wp\/v2\/categories?post=742"},{"taxonomy":"post_tag","embeddable":true,"href":"http:\/\/geodeta.gorzow.pl\/www\/wp-json\/wp\/v2\/tags?post=742"}],"curies":[{"name":"wp","href":"https:\/\/api.w.org\/{rel}","templated":true}]}}