{"id":7573,"date":"2020-07-02T17:37:15","date_gmt":"2020-07-02T17:37:15","guid":{"rendered":"http:\/\/geodeta.gorzow.pl\/www\/?p=7573"},"modified":"2020-06-25T00:00:12","modified_gmt":"2020-06-25T00:00:12","slug":"rencontres-brel-programme","status":"publish","type":"post","link":"http:\/\/geodeta.gorzow.pl\/www\/2020\/07\/02\/rencontres-brel-programme\/","title":{"rendered":"Rencontres Brel Programme"},"content":{"rendered":"<p>Samedi 10 novembre 12 H : Autour douvrages sur Brassens Monument du cin\u00e9ma fran\u00e7ais, lacteur Michel Piccoli, c\u00e9l\u00e8bre pour ses r\u00f4les dans Le m\u00e9pris, Les choses de la vie ou plus r\u00e9cemment Habemus papam, est d\u00e9c\u00e9d\u00e9 le 12 mai \u00e0 l\u00e2ge de 94 ans. Samedi 26 juillet : Moutain Men chante Brassens Maxime Le Forestier pour Cest no\u00ebl tant pis, et il re\u00e7oit le prix Le Figaro Beaumarchais SACD de lauteur. En 2018, il est nomm\u00e9 aux Moli\u00e8res pour La Nostalgie  Lacc\u00e8s aux biblioth\u00e8ques est libre et gratuit, chaque usager b\u00e9n\u00e9ficie de lensemble des services propos\u00e9s par les biblioth\u00e8ques du r\u00e9seau : consultation des collections, utilisation des postes internet, participation aux activit\u00e9s propos\u00e9es. Pour emprunter des documents, il faut cependant \u00eatre inscrit modalit\u00e9s dinscription au niveau de la page de votre biblioth\u00e8que. <img decoding=\"async\" src=\"http:\/\/claudemuller.blog.lemonde.fr\/files\/2016\/07\/Le-Grand-Son-vert.jpg\" alt=\"rencontres brel programme\" align=\"right\"> La derni\u00e8re modification de cette page a \u00e9t\u00e9 faite le 31 mai 2020 \u00e0 15:06. : d\u00c9douard Molinaro musique compos\u00e9e avec Fran\u00e7ois Rauber <img decoding=\"async\" src=\"http:\/\/www.umgehenq.cf\/mediatheque\/services\/rsp\/Affiche%20151118.jpg\" alt=\"rencontres brel programme\" align=\"center\">-Pour les billets achet\u00e9s au Th\u00e9\u00e2tre de Cusset, contacter la r\u00e9gie au 04 70 30 89 47. <img decoding=\"async\" src=\"http:\/\/claudemuller.blog.lemonde.fr\/files\/2016\/05\/bandeau-Barrio-Populo-sur-la-sc%C3%A8ne-d%C3%A9couverte-des-Rencontres-Brel.jpg\" alt=\"rencontres brel programme\" align=\"left\">   Les march\u00e9s repr\u00e9sentent 40 de lalimentation en Ile-de-France, chiffre le s\u00e9nateur LR Christian Cambon. Aujourdhui, ils sont interdits tandis que la grande distribution continue, alors que les march\u00e9s peuvent offrir les m\u00eames garanties sanitaires, voire des garanties sup\u00e9rieures en \u00e9vitant notamment aux clients de toucher les produits et en les emp\u00eachant de se croiser! A lire aussi Publi\u00e9 le 09 juin 2020 \u00e0 17:48 par Aliette de Crozet, Grand Jacques, le roman de Jacques Brel, biographie, pr\u00e9face de,, 1998 Mais lenvie de vous revoir autour de propositions artistiques reste intacte. Nous cherchons des solutions pour imaginer la prochaine saison. Programme des rencontres publiques anim\u00e9es par A. Wassmer 0711 \u00c9couter \u00c9couter Ajouter \u00e0 la playlist Chiffons vs Fichon Pour r\u00e9server vos places, venir, \u00e9changer avec le service des Affaires culturelles.<\/p>\n","protected":false},"excerpt":{"rendered":"<p>rencontres brel programme<\/p>\n","protected":false},"author":1,"featured_media":0,"comment_status":"closed","ping_status":"closed","sticky":false,"template":"","format":"standard","meta":{"footnotes":""},"categories":[1],"tags":[],"_links":{"self":[{"href":"http:\/\/geodeta.gorzow.pl\/www\/wp-json\/wp\/v2\/posts\/7573"}],"collection":[{"href":"http:\/\/geodeta.gorzow.pl\/www\/wp-json\/wp\/v2\/posts"}],"about":[{"href":"http:\/\/geodeta.gorzow.pl\/www\/wp-json\/wp\/v2\/types\/post"}],"author":[{"embeddable":true,"href":"http:\/\/geodeta.gorzow.pl\/www\/wp-json\/wp\/v2\/users\/1"}],"replies":[{"embeddable":true,"href":"http:\/\/geodeta.gorzow.pl\/www\/wp-json\/wp\/v2\/comments?post=7573"}],"version-history":[{"count":1,"href":"http:\/\/geodeta.gorzow.pl\/www\/wp-json\/wp\/v2\/posts\/7573\/revisions"}],"predecessor-version":[{"id":7574,"href":"http:\/\/geodeta.gorzow.pl\/www\/wp-json\/wp\/v2\/posts\/7573\/revisions\/7574"}],"wp:attachment":[{"href":"http:\/\/geodeta.gorzow.pl\/www\/wp-json\/wp\/v2\/media?parent=7573"}],"wp:term":[{"taxonomy":"category","embeddable":true,"href":"http:\/\/geodeta.gorzow.pl\/www\/wp-json\/wp\/v2\/categories?post=7573"},{"taxonomy":"post_tag","embeddable":true,"href":"http:\/\/geodeta.gorzow.pl\/www\/wp-json\/wp\/v2\/tags?post=7573"}],"curies":[{"name":"wp","href":"https:\/\/api.w.org\/{rel}","templated":true}]}}