{"id":762,"date":"2020-06-21T12:53:21","date_gmt":"2020-06-21T12:53:21","guid":{"rendered":"http:\/\/geodeta.gorzow.pl\/www\/?p=762"},"modified":"2020-06-21T02:05:30","modified_gmt":"2020-06-21T02:05:30","slug":"rencontres-du-livre-et-du-vin-2014","status":"publish","type":"post","link":"http:\/\/geodeta.gorzow.pl\/www\/2020\/06\/21\/rencontres-du-livre-et-du-vin-2014\/","title":{"rendered":"Rencontres Du Livre Et Du Vin 2014"},"content":{"rendered":"<p>Sa production fait appel \u00e0 des savoir-faire ancestraux qui ont \u00e9volu\u00e9 et se sont transmis au fil du temps. Quand on sy int\u00e9resse, on se confronte \u00e0 lhistoire de lhumanit\u00e9 et \u00e0 la nature m\u00eame de nos civilisations. ANDRA Association du No\u00ebl des Romanciers dAuvergne <img decoding=\"async\" src=\"http:\/\/mairie-fontes.com\/files\/4714\/7677\/9818\/4Site%20ok%20texteAfficheCommemo1916.jpg\" alt=\"rencontres du livre et du vin 2014\" align=\"right\">  Le dossier d\u00e9pos\u00e9 aupr\u00e8s des troph\u00e9es des associations EDF est retenu. <img decoding=\"async\" src=\"http:\/\/www.roundwoodpress.com\/wp-content\/uploads\/2016\/04\/FullSizeRender-5-copy-3.jpg\" alt=\"rencontres du livre et du vin 2014\" align=\"right\"> Aux Fronti\u00e8res de lEurope, qui na pas encore \u00e9t\u00e9 \u00e9dit\u00e9 en Italie, est son premier livre publi\u00e9 en France, o\u00f9 il raconte son p\u00e9riple \u00e0 travers lEurope, jusquaux confins de ses territoires. Pr\u00e9sidente du Prix du Jury du salon litt\u00e9raire des plumes chez la belette le 2 Juin 2013 \u00e0 Ebreuil <img decoding=\"async\" src=\"http:\/\/charlescamberoque.unblog.fr\/files\/2014\/03\/invit-balma-gg.gif\" alt=\"rencontres du livre et du vin 2014\" align=\"center\"> Nous sommes en pr\u00e9sence de deux mod\u00e8les dalcoolisation f\u00e9minine : un mod\u00e8le traditionnel, latin, o\u00f9 la femme est peu consommatrice par rapport aux hommes, et un mod\u00e8le \u00e9galitaire, en progression chez les jeunes, o\u00f9 la femme consid\u00e8re quelle peut boire comme les hommes explique Marie Choquet, pr\u00e9sidente du comit\u00e9 scientifique de lIreb. Pour ce qui concerne la France, nous devons nous poser la question de lalcoolisation des jeunes, et notamment des jeunes femmes. Nous sommes d\u00e9sormais au-dessus de la moyenne europ\u00e9enne et, m\u00eame si elle reste bien s\u00fbr minoritaire, notre alcoolisation excessive juv\u00e9nile augmente alors quelle tend \u00e0 baisser dans les autres pays europ\u00e9ens. N\u00e9e \u00e0 Buenos Aires, Elsa Osorio est romanci\u00e8re, biographe, nouvelliste et sc\u00e9nariste pour le cin\u00e9ma et la t\u00e9l\u00e9vision. Elle a v\u00e9cu \u00e0 Paris et \u00e0 Madrid, et r\u00e9side actuellement \u00e0 Buenos Aires. Elle est laur\u00e9ate de plusieurs prix, dont le prix National de Litt\u00e9rature pour Ritos Privados et le prix Amnesty International pour Luz ou le temps sauvage.Ses romans sont largement traduits en Europe, en Asie, au Br\u00e9sil Ce livre est ponctu\u00e9 de rencontres exceptionnelles, celle notamment avec Sari Khoury, palestinien, vigneron et architecte r\u00e9put\u00e9. Il a fond\u00e9 son domaine Philokalia, aux portes de Bethl\u00e9em. Il sest mis en t\u00eate didentifier lADN des c\u00e9pages inconnus quil cultive et dont le vin est vinifi\u00e9 et \u00e9lev\u00e9 dans ses amphores. Philokalia est un message de bonheur dans une r\u00e9gion si tourment\u00e9e : Love of the Beautiful, the Good. Palestine : Sari Khoury est le fondateur du domaine Philokalia pr\u00e8s de Bethl\u00e9hem en Palestine dont le nom Philokalia signifie : amour du beau, du bon Love of the Beautiful, the Good, titre dun recueil \u00e9crit par des ma\u00eetres spirituels chr\u00e9tiens orthodoxes. Sari Khoury travaille exclusivement des c\u00e9pages autochtones de Palestine. Ses vins sont bio et non filtr\u00e9s et ses bouteilles illustr\u00e9es par son ami, lartiste Nasser Soumi. Lun de ses vins baptis\u00e9 Grapes of Wrath, Raisins de la col\u00e8re nom dune campagne militaire isra\u00e9lienne men\u00e9e au Liban est issu dune vigne qui lors du percement dune route vers une colonie fut \u00e9cras\u00e9e par larm\u00e9e. Mais elle repoussa entre les rochers des 2 c\u00f4t\u00e9s de la route. France 3 Auvergne, a une nouvelle fois install\u00e9 sa cam\u00e9ra \u00e0 nos c\u00f4t\u00e9s. Avec la rentr\u00e9e scolaire, aujourdhui, Annie, Monique, S\u00e9verine et Christine ont repris le chemin de l\u00e9cole. Les \u00e9l\u00e8ves des classes CM1 et CM2 Ebreuil ont dessin\u00e9 les cadeaux re\u00e7us \u00e0 No\u00ebl. Le 3\u00e8me prix a Charl\u00e8ne Deguillaume pour son ouvrage Les temps mandarines, \u00e9ditions Revoir. Publi\u00e9 aux \u00e9ditions Actes Sud dans la collection Je passe \u00e0 lacte En sinscrivant le Site Internet, le Client accepte que ses donn\u00e9es soient enregistr\u00e9es. Jai retrouv\u00e9 tout de m\u00eame, surtout vers la fin. Je ne veux pas mettre trop de citations dans les critiques donc je ne me laisse aller que pour celle-ci : Anita Legras, proviseure, Antoine Chantecaille, professeur de fran\u00e7ais, et Sandrine Grant, professeure despagnol, Savenni\u00e8res, terres \u00e0 vins, terres \u00e0 livres,, 25 novembre 2007  Dans une casserole, m\u00e9langez les graines de vanille et le bicarbonate de soude. Versez progressivement le lait et portez \u00e0 \u00e9bullition. \u00c0 loccasion des Journ\u00e9es Nationales du Livre et du Vin \u00e0 Saumur  Sont all\u00e9s \u00e0 Bellenaves, sous les regards bienveillants de Mich\u00e8le et Philippe, \u00e0 la rencontre de leurs amis : Mirza, Nadeer, Sapegh, Omid Khan et Gresmallah pour une soir\u00e9e lectures de No\u00ebl. Simon et Jean-Fran\u00e7ois Manier Au lieu-dit Cheyne, 43400 Le Chambon-sur-Lignon Haute-Loire T\u00e9l. : 04 71 59 22 00.<\/p>\n","protected":false},"excerpt":{"rendered":"<p>rencontres du livre et du vin 2014<\/p>\n","protected":false},"author":1,"featured_media":0,"comment_status":"closed","ping_status":"closed","sticky":false,"template":"","format":"standard","meta":{"footnotes":""},"categories":[1],"tags":[],"_links":{"self":[{"href":"http:\/\/geodeta.gorzow.pl\/www\/wp-json\/wp\/v2\/posts\/762"}],"collection":[{"href":"http:\/\/geodeta.gorzow.pl\/www\/wp-json\/wp\/v2\/posts"}],"about":[{"href":"http:\/\/geodeta.gorzow.pl\/www\/wp-json\/wp\/v2\/types\/post"}],"author":[{"embeddable":true,"href":"http:\/\/geodeta.gorzow.pl\/www\/wp-json\/wp\/v2\/users\/1"}],"replies":[{"embeddable":true,"href":"http:\/\/geodeta.gorzow.pl\/www\/wp-json\/wp\/v2\/comments?post=762"}],"version-history":[{"count":1,"href":"http:\/\/geodeta.gorzow.pl\/www\/wp-json\/wp\/v2\/posts\/762\/revisions"}],"predecessor-version":[{"id":763,"href":"http:\/\/geodeta.gorzow.pl\/www\/wp-json\/wp\/v2\/posts\/762\/revisions\/763"}],"wp:attachment":[{"href":"http:\/\/geodeta.gorzow.pl\/www\/wp-json\/wp\/v2\/media?parent=762"}],"wp:term":[{"taxonomy":"category","embeddable":true,"href":"http:\/\/geodeta.gorzow.pl\/www\/wp-json\/wp\/v2\/categories?post=762"},{"taxonomy":"post_tag","embeddable":true,"href":"http:\/\/geodeta.gorzow.pl\/www\/wp-json\/wp\/v2\/tags?post=762"}],"curies":[{"name":"wp","href":"https:\/\/api.w.org\/{rel}","templated":true}]}}