{"id":7991,"date":"2020-07-03T04:58:26","date_gmt":"2020-07-03T04:58:26","guid":{"rendered":"http:\/\/geodeta.gorzow.pl\/www\/?p=7991"},"modified":"2020-06-25T05:25:24","modified_gmt":"2020-06-25T05:25:24","slug":"rencontre-marocaine-belgique","status":"publish","type":"post","link":"http:\/\/geodeta.gorzow.pl\/www\/2020\/07\/03\/rencontre-marocaine-belgique\/","title":{"rendered":"Rencontre Marocaine Belgique"},"content":{"rendered":"<p>Copyright 2010-2020-libertic est une marque enregistr\u00e9e-Reproduction interdite sans autorisation H. El-Cheikh, Londres mon amour, Paris, Actes Sud, 2002, certaines des nouvelles du Soudanais Ahmad al-Malik mises en sc\u00e8ne \u00e0 AmsterdamAhmad Al-Malik, N\u00fbra dh\u00e2t al-daf\u00e2ir Noura la fille aux cheveux tress\u00e9s, Khartoum, 2007 non traduit en fran\u00e7ais. Lorsque le mot r\u00e9fugi\u00e9 est plac\u00e9, jamais loin de moi simpose lid\u00e9e de laide humanitaire. Ces r\u00e9fugi\u00e9s-l\u00e0, ils vivent avec laide humanitaire. Vous avez dit aide humanitaire? La rustine, le pansement sur une plaie encore ouverte? \u00c9videmment, on sen doute et je le sais. Mais cest tout? Je suis persuad\u00e9e, tr\u00e8s vite, quils savent vivre sans ces aides tant ils font communaut\u00e9. Et ils savent vivre sans cela. Ils peuvent cultiver, \u00e9lever, s\u00e9duquer. Des informations suppl\u00e9mentaires sur les param\u00e8tres peuvent \u00eatre consult\u00e9es en cliquant sur Param\u00e8tres, et des informations suppl\u00e9mentaires sur notre politique de confidentialit\u00e9 et cookies peuvent \u00eatre trouv\u00e9es via le lien au bas de cette page. GAUDIER Jean-Pierre et Philippe HERMANS 1991 Des Belges marocains, Bruxelles, De Boeck, 230 p. IWAC09 : International Workshop on Advanced Ceramics Pour lactiver \u00e0 nouveau, suivez, puis actualisez cette page. Au sud de Nantes, Vertou est lune des communes les plus verdoyantes de lagglom\u00e9ration. Berc\u00e9e par la S\u00e8vre nantaise, elle se situe aux portes du vignoble. Cherche amie dans la soixantaine, pour plein d activit\u00e9s..quand on pourra d\u00e9confiner lexp\u00e9rience acquise aupr\u00e8s des c\u00e9libataires chr\u00e9tiens et non chr\u00e9tiens au cours des 10 premi\u00e8res ann\u00e9es de gestion des versions pr\u00e9c\u00e9dentes du site Theotokos.fr ; Bas\u00e9 \u00e0 Marrakech, ce studio lifestyle est sp\u00e9cialis\u00e9 dans la d\u00e9coration int\u00e9rieure et les accessoires. Il a \u00e9t\u00e9 cr\u00e9\u00e9 en 2013 par le Belge Laurence Leenaert. On aime les couleurs chaudes utilis\u00e9es et les motifs abstraits. Les articles sont minimalistes, graphiques et dans lair du temps. On ressent la culture marocaine dans ces objets qui nous mettent du baume au c\u0153ur. On vous montre!  Le lien entre Dar El Ward et la Colombe Blanche sest construit lors dune action humanitaire organis\u00e9e par Dar el Ward au profit des personnes en situation pr\u00e9caire \u00e0 T\u00e9touan. Jai eu loccasion de faire la connaissance dAbdelmalek A, qui \u00e9tait pr\u00e9sident de lassociation La Colombe. Lassociation a \u00e9t\u00e9 b\u00e9n\u00e9ficiaire parmi dautres du convoi compos\u00e9 de chaises roulantes, b\u00e9quilles, v\u00eatements, jouets, mat\u00e9riels scolaires, etc. Jai alors r\u00e9alis\u00e9 quAbdelmalek avait beaucoup de comp\u00e9tences, qui restaient non exploit\u00e9es par manque de moyens mat\u00e9riels et financiers. \u00c0 partir de ce constat, nous avons d\u00e9cid\u00e9 en 1996 dun commun accord de la mise en place dune petite structure compos\u00e9e de cinq personnes : il sagissait dun appartement qui servait \u00e0 la fois de bureau et de logement pour Abdelmalek. Il \u00e9tait \u00e9quip\u00e9 tr\u00e8s simplement : un bureau, quelques chaises, un fax et un ordinateur. Cette structure a \u00e9t\u00e9 mise en place par mes fonds propres. Juillet 2019 De : Avec :, Salam, 30 ans, vit \u00e0 J\u00e9rusalem. Il est palestinien et stagiaire sur le tournage de la s\u00e9rie arabe \u00e0 succ\u00e8s Tel Aviv on Fire! Tous les matins, il traverse le m\u00eame check-point pour aller travailler \u00e0 Ramallah. Un jour, Salam se fait arr\u00eater par Assi, un officier isra\u00e9lien, fan de la s\u00e9rie, et pour.. Je suis une personne spontan\u00e9e plein dhumour. Recherche: une femme bien qui aime la vie les sorties voyage ect.. Jaime.. <img decoding=\"async\" src=\"http:\/\/rampok.org\/img\/987d20bbbb7bfee75806fdc8a988f7f6.jpg\" alt=\"rencontre marocaine belgique\" align=\"center\">  19 Premier sc\u00e9nario. Les parents ont peur que la diff\u00e9rence de culture et parfois des valeurs ne d\u00e9structure lenfant. Ils choisissent pendant ses premi\u00e8res ann\u00e9es de ne lui faire fr\u00e9quenter quun milieu homog\u00e8ne entourage, langue, mode de vie, attitudes sociales identiques. ANNULE-Salon des s\u00e9jours linguistiques et des voyages scolaires <img decoding=\"async\" src=\"http:\/\/www.fildactu.ma\/wp-content\/uploads\/2017\/07\/dirhams.jpg\" alt=\"rencontre marocaine belgique\" align=\"center\"> La pr\u00e9sence dans notre pays dune communaut\u00e9 immigr\u00e9e dorigine arabe-venue en grande partie du Maroc, mais aussi dautres pays du Maghreb et plus r\u00e9cemment du Moyen-Orient-est maintenant un fait ancien, entam\u00e9 depuis environ un demi-si\u00e8cle. Cette communaut\u00e9 a donn\u00e9 \u00e0 la Belgique-tant francophone que n\u00e9erlandophone-quelques nouveaux \u00e9crivains : Rachida Lamrabet, Nadia Dala ou Naiema Bediouni dans le nord du pays, Leila Houari, Issa A\u00eft Belize, Saber Assal et dautres \u00e0 Bruxelles et en Wallonie. Cette contribution d\u00e9crivains dorigine \u00e9trang\u00e8re, quils soient de premi\u00e8re, deuxi\u00e8me ou troisi\u00e8me g\u00e9n\u00e9ration, na en soi rien dinattendu et se retrouve par ailleurs sur la sc\u00e8ne litt\u00e9raire europ\u00e9enne en g\u00e9n\u00e9ral, en France, en Grande-Bretagne, en Italie ou aux Pays-Bas notamment. Mais depuis quelques ann\u00e9es, un nouveau ph\u00e9nom\u00e8ne apparait en Belgique : l\u00e9mergence dauteurs, eux aussi originaires du Maroc, ayant choisi ou conserv\u00e9 larabe comme langue de plume. <img decoding=\"async\" src=\"http:\/\/invite.icablim.com\/xmedia\/admin\/news\/2014\/10_octobre\/perron_comp.jpg\" alt=\"rencontre marocaine belgique\" align=\"right\"> Sur limage il manque un deuxi\u00e8me l \u00e0 meilleures Rabat se pr\u00e9pare activement pour le d\u00e9marrage fix\u00e9 au 15 juillet de lop\u00e9ration Marhaba de travers\u00e9e du d\u00e9troit des Marocains r\u00e9sidents \u00e0 l\u00e9tranger MRE, un mois plus tard que les ann\u00e9es pr\u00e9c\u00e9dentes en raison de l\u00e9tat durgence sanitaire d\u00fb au coronavirus, mais, selon Ce site utilise Akismet pour r\u00e9duire les ind\u00e9sirables. Lespionne pr\u00e9sum\u00e9e marocaine, n\u00e9e en 1986 \u00e0 Casablanca, a entam\u00e9 des d\u00e9marches administratives et judiciaires pour \u00e9viter son expulsion. Selon des informations de la publication flamande Medium reprises par El Confidencial, Kaouthar Fal est aid\u00e9e dans ses d\u00e9marches par Julien Hardy, un c\u00e9l\u00e8bre avocat sp\u00e9cialis\u00e9 dans les questions de migrations, qui aurait re\u00e7u une avance de 6000 euros de la part de Moshe Friedman un rabbin bien connu \u00e0 Anvers en Belgique, souligne le m\u00e9dia espagnol. .<\/p>\n","protected":false},"excerpt":{"rendered":"<p>rencontre marocaine belgique<\/p>\n","protected":false},"author":1,"featured_media":0,"comment_status":"closed","ping_status":"closed","sticky":false,"template":"","format":"standard","meta":{"footnotes":""},"categories":[1],"tags":[],"_links":{"self":[{"href":"http:\/\/geodeta.gorzow.pl\/www\/wp-json\/wp\/v2\/posts\/7991"}],"collection":[{"href":"http:\/\/geodeta.gorzow.pl\/www\/wp-json\/wp\/v2\/posts"}],"about":[{"href":"http:\/\/geodeta.gorzow.pl\/www\/wp-json\/wp\/v2\/types\/post"}],"author":[{"embeddable":true,"href":"http:\/\/geodeta.gorzow.pl\/www\/wp-json\/wp\/v2\/users\/1"}],"replies":[{"embeddable":true,"href":"http:\/\/geodeta.gorzow.pl\/www\/wp-json\/wp\/v2\/comments?post=7991"}],"version-history":[{"count":1,"href":"http:\/\/geodeta.gorzow.pl\/www\/wp-json\/wp\/v2\/posts\/7991\/revisions"}],"predecessor-version":[{"id":7992,"href":"http:\/\/geodeta.gorzow.pl\/www\/wp-json\/wp\/v2\/posts\/7991\/revisions\/7992"}],"wp:attachment":[{"href":"http:\/\/geodeta.gorzow.pl\/www\/wp-json\/wp\/v2\/media?parent=7991"}],"wp:term":[{"taxonomy":"category","embeddable":true,"href":"http:\/\/geodeta.gorzow.pl\/www\/wp-json\/wp\/v2\/categories?post=7991"},{"taxonomy":"post_tag","embeddable":true,"href":"http:\/\/geodeta.gorzow.pl\/www\/wp-json\/wp\/v2\/tags?post=7991"}],"curies":[{"name":"wp","href":"https:\/\/api.w.org\/{rel}","templated":true}]}}