{"id":8073,"date":"2020-07-03T04:35:40","date_gmt":"2020-07-03T04:35:40","guid":{"rendered":"http:\/\/geodeta.gorzow.pl\/www\/?p=8073"},"modified":"2020-06-25T06:45:44","modified_gmt":"2020-06-25T06:45:44","slug":"rencontres-economiques-aix-en-provence","status":"publish","type":"post","link":"http:\/\/geodeta.gorzow.pl\/www\/2020\/07\/03\/rencontres-economiques-aix-en-provence\/","title":{"rendered":"Rencontres \u00c9conomiques Aix En Provence"},"content":{"rendered":"<p>Le club des partenaires rassemble les acteurs \u00e9conomiques et politiques r\u00e9gionaux qui soutiennent laction dEcomnews  Pour la deuxi\u00e8me ann\u00e9e cons\u00e9cutive, la parole sera donn\u00e9e dans un premier temps \u00e0 la jeunesse: 100 \u00e9tudiants ouvriront la discussion vendredi matin.   n\u00e9cessaires pour canaliser les flux financiers. Et assurer la La sauvegarde du syst\u00e8me de domination par la finance et par largent a un prix : Chauffeur Priv\u00e9 pour les Rencontres Economiques dAix-en-Provence <img decoding=\"async\" src=\"http:\/\/www.ares-infos.org\/wp-content\/uploads\/2018\/02\/REA.jpg\" alt=\"rencontres \u00e9conomiques aix en provence\" align=\"left\"> Contact sophie.pariselcercledeseconomistes.fr 06 08 87 81 27 Report des d\u00e9lais d\u00e9ch\u00e9ance de remise des dossiers complets de 2 mois \u00e0 partir du 16 mars 2020. Suivez toute lactualit\u00e9 internationale en t\u00e9l\u00e9chargeant lapplication RFI Chauffeur Priv\u00e9 pour les Rencontres Economiques dAix-en-Provence Vincent Giret, le directeur de France Info, dont nous avons d\u00e9taill\u00e9 la ligne \u00e9ditoriale sur les questions \u00e9conomiques, sest quant \u00e0 lui attaqu\u00e9 \u00e0 lextr\u00eame pauvret\u00e9 en posant des questions acerbes \u00e0 trois invit\u00e9s issus du milieu financier Mastercard, Banque des R\u00e8glements internationaux et Groupe Caisse des d\u00e9p\u00f4ts! Des invit\u00e9s tous qualifi\u00e9s de plus int\u00e9ressants et passionnants les uns que les autres. Les rencontres \u00e9conomiques dAix sous le signe des bouleversements mondiaux <img decoding=\"async\" src=\"http:\/\/www.fisandratana2030.com\/wp-content\/uploads\/bfi_thumb\/mada-aix-31cejyplxelldfiq6katk8lp0t3owbzl4sfe9ulmhd3yzsgy8.png\" alt=\"rencontres \u00e9conomiques aix en provence\" align=\"right\"> Anim\u00e9es par des m\u00e9diateurs scientifiques dipl\u00f4m\u00e9s, les s\u00e9ances abordent tous les th\u00e8mes li\u00e9s \u00e0 lastronomie, comme la d\u00e9couverte des constellations, le syst\u00e8me solaire ou <img decoding=\"async\" src=\"http:\/\/lecercledeseconomistes.fr\/wp-content\/uploads\/2015\/06\/imagealaune4.jpg\" alt=\"rencontres \u00e9conomiques aix en provence\" align=\"right\"> On esp\u00e9rait que les pays en d\u00e9veloppement seraient prot\u00e9g\u00e9s du covid-19 par leur climat tropical et la jeunesse de leur population. Cest peut-\u00eatre le cas pour les pays africains, si les mesures sont&#8230; Dont Le Monde diplomatique avait bross\u00e9 un portrait dans. Outre Madame Lagarde, la journ\u00e9e de dimanche verra d\u00e9filer le ministre fran\u00e7ais des Finances Michel Sapin, ainsi que son homologue du S\u00e9n\u00e9gal Amadou Ba, le ministre fran\u00e7ais des Affaires \u00e9trang\u00e8res Laurent Fabius, lancien pr\u00e9sident du Conseil italien Mario Monti et l\u00e9conomiste Kenneth Rogoff. Francis Fukuyama dapr\u00e8s le r\u00e9sum\u00e9 par Luc Alain de la s\u00e9ance inaugurale http:www.lecercledeseconomistes.asso.frspip.php?article498 Apr\u00e8s en 2019, qui recevra cette ann\u00e9e le Prix du Meilleur Jeune \u00e9conomiste, organis\u00e9 par et le? Face aux incertitudes, des rencontres \u00e9conomiques pour renouer avec la confiance Par P-D.G Les 13 desserts, la tradition food du No\u00ebl en Provence Gr\u00e2ce \u00e0 un travail statistique tr\u00e8s fin, elle a pu \u00e9clairer certaines interrogations sur le fonctionnement de l\u00e9conomie mondiale : \u00e9lasticit\u00e9s-prix du commerce international, concurrence des pays \u00e0 bas-salaires, dispersion des prix au sein de la zone euro \ufe0f.<\/p>\n","protected":false},"excerpt":{"rendered":"<p>rencontres \u00e9conomiques aix en provence<\/p>\n","protected":false},"author":1,"featured_media":0,"comment_status":"closed","ping_status":"closed","sticky":false,"template":"","format":"standard","meta":{"footnotes":""},"categories":[1],"tags":[],"_links":{"self":[{"href":"http:\/\/geodeta.gorzow.pl\/www\/wp-json\/wp\/v2\/posts\/8073"}],"collection":[{"href":"http:\/\/geodeta.gorzow.pl\/www\/wp-json\/wp\/v2\/posts"}],"about":[{"href":"http:\/\/geodeta.gorzow.pl\/www\/wp-json\/wp\/v2\/types\/post"}],"author":[{"embeddable":true,"href":"http:\/\/geodeta.gorzow.pl\/www\/wp-json\/wp\/v2\/users\/1"}],"replies":[{"embeddable":true,"href":"http:\/\/geodeta.gorzow.pl\/www\/wp-json\/wp\/v2\/comments?post=8073"}],"version-history":[{"count":1,"href":"http:\/\/geodeta.gorzow.pl\/www\/wp-json\/wp\/v2\/posts\/8073\/revisions"}],"predecessor-version":[{"id":8074,"href":"http:\/\/geodeta.gorzow.pl\/www\/wp-json\/wp\/v2\/posts\/8073\/revisions\/8074"}],"wp:attachment":[{"href":"http:\/\/geodeta.gorzow.pl\/www\/wp-json\/wp\/v2\/media?parent=8073"}],"wp:term":[{"taxonomy":"category","embeddable":true,"href":"http:\/\/geodeta.gorzow.pl\/www\/wp-json\/wp\/v2\/categories?post=8073"},{"taxonomy":"post_tag","embeddable":true,"href":"http:\/\/geodeta.gorzow.pl\/www\/wp-json\/wp\/v2\/tags?post=8073"}],"curies":[{"name":"wp","href":"https:\/\/api.w.org\/{rel}","templated":true}]}}