{"id":832,"date":"2020-06-21T14:50:08","date_gmt":"2020-06-21T14:50:08","guid":{"rendered":"http:\/\/geodeta.gorzow.pl\/www\/?p=832"},"modified":"2020-06-21T02:50:23","modified_gmt":"2020-06-21T02:50:23","slug":"moustaki-voyages-rencontres","status":"publish","type":"post","link":"http:\/\/geodeta.gorzow.pl\/www\/2020\/06\/21\/moustaki-voyages-rencontres\/","title":{"rendered":"Moustaki Voyages Rencontres"},"content":{"rendered":"<p>Portrait en archive dun grand amoureux de la vie. Juliette Gr\u00e9co, lancienne muse de Saint-Germain des Pr\u00e9s, lui a rendu hommage jeudi sur RTL. C\u00e9tait un homme absolument exquis, un homme bien \u00e9lev\u00e9, c\u00e9tait un homme raffin\u00e9, c\u00e9tait un homme \u00e9l\u00e9gant qui avait une douceur infinie et puis le talent, a dit Juliette Gr\u00e9co. Il \u00e9tait comme tous les po\u00e8tes, c\u00e9tait quelquun de diff\u00e9rent, cest toujours la diff\u00e9rence qui fait le talent. C\u00e9cile Barth\u00e9lemy, Georges Moustaki, collection po\u00e9sie et chansons, Paris, Musique audio Moustaki, Georges 1934-2013 Compositeur. Comp. Chant 2004 Il y a dautres endroits \u00e0 choisir dans la r\u00e9gion de Les Moussi\u00e8res. On d\u00e9couvre aussi un surprenant duo avec Cali. Javais entendu ses disques. Je trouvais quon \u00e9tait tr\u00e8s \u00e9loign\u00e9. Pourtant, \u00e0 un meeting de S\u00e9gol\u00e8ne Royal, avant la pr\u00e9sidentielle, o\u00f9 nous \u00e9tions tous deux, jai aim\u00e9 sa v\u00e9h\u00e9mence, sinc\u00e8re, lumineuse. Alors, il a ressorti de son r\u00e9pertoire Sans la nommer : Une chanson trotskiste, n\u00e9e dans la ferveur des id\u00e9es r\u00e9volutionnaires qui maniment parfois.. <img decoding=\"async\" src=\"http:\/\/markieter.cf\/Images\/bandeau%20MDA%20bis.jpg\" alt=\"moustaki voyages rencontres\" align=\"right\"> Les mois ont pass\u00e9 depuis ma derni\u00e8re visite.Combien? Je ne sais pas. Je constate simplement que je dois vous consacrer du temps pour rattraper mon retard de lecture. Jai \u00e9t\u00e9 tr\u00e8s occup\u00e9e et jai d\u00fb faire des choix. La vadrouille a eu ma pr\u00e9f\u00e9rence.  R\u00e9\u00e9couter Retour \u00e0 Paris : l\u0153uvre dEdith Piaf et de ses successeurs \u00e9couter 59 min 59 min <img decoding=\"async\" src=\"http:\/\/www.todofuitbol.cf\/var\/ezflow_site\/storage\/images\/docfr7\/cartes\/transports-et-reseaux\/c001855-bolivie-2015\/26123439-1-fre-FR\/Bolivie-2015_large_carte.jpg\" alt=\"moustaki voyages rencontres\" align=\"center\"> Justement. Elle \u00e9tait \u00e0 Albi le 2 juillet 2019 dans le cadre du festival Pause Guitare pour un hommage \u00e0 son p\u00e8re, avec une pl\u00e9iade dartistes, dont Yves Jamait, Mouss et Hakim de Zebda, Cali, La Pieta, Catherine Le Forestier, Souad Massi 13Depuis sa jeunesse pourtant, en tant que citoyen de la R\u00e9publique hell\u00e9nique, il sait quil ne doit surtout pas voyager dans ce pays, car il sera contraint dy effectuer son service militaire, ou bien il sera poursuivi pour insoumission dilemme bien connu des Grecs de la diaspora. Cest la raison pour laquelle il ne d\u00e9couvre la Gr\u00e8ce que tr\u00e8s tard, \u00e0 l\u00e2ge de 32 ans, en 1966, quand il apprend quil est amnisti\u00e9. Lors de ce premier voyage, il tombe amoureux du pays : Votre adresse e-mail nous permettra de vous envoyer les newsletters auxquelles vous vous \u00eates inscrit. Pour exercer vos droits, consultez notre <img decoding=\"async\" src=\"http:\/\/encreviolette.unblog.fr\/files\/2017\/02\/salvador-moustaki-e1488204791825.jpg\" alt=\"moustaki voyages rencontres\" align=\"left\"> R\u00e9ponse de vacancespassion, Owner de Georges Moustaki Je suis sa fille unique, il ma l\u00e9gu\u00e9 un certain boulot, lance-t-elle Cest un peu le respect que je lui dois. Vous saviez que Milord, cest lui qui la \u00e9crite pour Piaf?. Ses coups durs, ses souvenirs Georges Moustaki interpr\u00e8te Le m\u00e9t\u00e8que \u00e0 la guitare sur un plateau de t\u00e9l\u00e9vision. Georges Moustaki est d\u00e9c\u00e9d\u00e9 \u00e0 l\u00e2ge de 79 ans. Cr\u00e9dit photo : AFP Type de document Disque compact Description physique 1 disque compact ; 12 cm Date de publication 1989 Cotes Abonnez-vous aux \u00e9v\u00e9nements de la cat\u00e9gorie et recevez les nouveaut\u00e9s par email.  x Fermer la modale suivre cette recherche. M\u00e9moriser la recherche Directeur du D\u00e9partement opinion et strat\u00e9gies dentreprise de lIFOP, J\u00e9r\u00f4me Fourquet est lauteur de plusieurs ouvrages qui composent une somme sur l\u00e9tat de la soci\u00e9t\u00e9 fran\u00e7aise, dont \u00c0 la droite G\u00e9n\u00e9rique Georges Delerue, Th\u00e8me de la veuve version instrumental de Le Pinzutu Georges Moustaki. Musique compos\u00e9e et dirig\u00e9e par Georges Delerue  C\u00e9tait il y a longtemps, avant quelle ne se r\u00e9fugie \u00e0 Pr\u00e9cy-sur-Marne, que sa voix samenuise et devienne bouleversante de fragilit\u00e9; quand elle n\u00e9tait diva que pour une poign\u00e9e de fid\u00e8les aficionados qui se pressaient \u00e0 lEcluse o\u00f9 je la rejoignais pour lemmener d\u00eener dans l\u00eele Saint-Louis; quand nous nous t\u00e9l\u00e9phonions \u00e0 nimporte quelle heure de la nuit pour nous chanter la derni\u00e8re-n\u00e9e de nos chansons; bien avant que je ne lui \u00e9crive la Dame brune pour clamer en duo notre amiti\u00e9 et notre connivence; \u00e0 cette \u00e9poque javais achet\u00e9, pour la recevoir dignement dans ma tani\u00e8re qui manquait de confort, un fauteuil \u00e0 bascule.<\/p>\n","protected":false},"excerpt":{"rendered":"<p>moustaki voyages rencontres<\/p>\n","protected":false},"author":1,"featured_media":0,"comment_status":"closed","ping_status":"closed","sticky":false,"template":"","format":"standard","meta":{"footnotes":""},"categories":[1],"tags":[],"_links":{"self":[{"href":"http:\/\/geodeta.gorzow.pl\/www\/wp-json\/wp\/v2\/posts\/832"}],"collection":[{"href":"http:\/\/geodeta.gorzow.pl\/www\/wp-json\/wp\/v2\/posts"}],"about":[{"href":"http:\/\/geodeta.gorzow.pl\/www\/wp-json\/wp\/v2\/types\/post"}],"author":[{"embeddable":true,"href":"http:\/\/geodeta.gorzow.pl\/www\/wp-json\/wp\/v2\/users\/1"}],"replies":[{"embeddable":true,"href":"http:\/\/geodeta.gorzow.pl\/www\/wp-json\/wp\/v2\/comments?post=832"}],"version-history":[{"count":1,"href":"http:\/\/geodeta.gorzow.pl\/www\/wp-json\/wp\/v2\/posts\/832\/revisions"}],"predecessor-version":[{"id":833,"href":"http:\/\/geodeta.gorzow.pl\/www\/wp-json\/wp\/v2\/posts\/832\/revisions\/833"}],"wp:attachment":[{"href":"http:\/\/geodeta.gorzow.pl\/www\/wp-json\/wp\/v2\/media?parent=832"}],"wp:term":[{"taxonomy":"category","embeddable":true,"href":"http:\/\/geodeta.gorzow.pl\/www\/wp-json\/wp\/v2\/categories?post=832"},{"taxonomy":"post_tag","embeddable":true,"href":"http:\/\/geodeta.gorzow.pl\/www\/wp-json\/wp\/v2\/tags?post=832"}],"curies":[{"name":"wp","href":"https:\/\/api.w.org\/{rel}","templated":true}]}}