{"id":838,"date":"2020-06-21T12:01:02","date_gmt":"2020-06-21T12:01:02","guid":{"rendered":"http:\/\/geodeta.gorzow.pl\/www\/?p=838"},"modified":"2020-06-21T02:54:49","modified_gmt":"2020-06-21T02:54:49","slug":"rencontres-kinshasa","status":"publish","type":"post","link":"http:\/\/geodeta.gorzow.pl\/www\/2020\/06\/21\/rencontres-kinshasa\/","title":{"rendered":"Rencontres Kinshasa"},"content":{"rendered":"<p>De nombreux aspects fondamentaux de cette p\u00e9riode 1949-1969 sont peu connus voire secrets. Eric Branca, \u00e9crivain et journaliste, nous \u00e9claire sur ces ann\u00e9es et revient notamment sur les relations entre de Gaulle et les Am\u00e9ricains dans lapr\u00e8s-guerre, dans Le Grand T\u00e9moin. Le massacre des Innocents de Poussin au mus\u00e9e Cond\u00e9 de Chantilly <img decoding=\"async\" src=\"http:\/\/www.jecontacte.org\/v3\/0\/6\/6\/vbth\/5576092646_1455969674.jpg\" alt=\"rencontres kinshasa\" align=\"center\"> Oser dire oui et choisir la vie, marcher \u00e0 la suite du Christ et faire la r\u00e9volution de lAmour, le p\u00e8re Nicolas Buttet a interpell\u00e9 les jeunes des JMJ Panam. Les v\u00e9rit\u00e9s 2018 LItalie face \u00e0 des d\u00e9fis politiques, \u00e9conomiques et sociaux Apr\u00e8s avoir re\u00e7u hier le pape Fran\u00e7ois au t\u00e9l\u00e9phone, Emmanuel Macron a longuement \u00e9chang\u00e9 avec les responsables religieux et la\u00efcs pour pr\u00e9parer lapr\u00e8s-confinement et notamment, la r\u00e9ouverture des lieux de culte.  Le cardinal fran\u00e7ais Jean-Louis Tauran est mort ce 5 juillet 2018, \u00e0 75 ans. Il avait accord\u00e9 une interview \u00e0 Marie-Ange de Montesquieu en novembre 2016. <img decoding=\"async\" src=\"http:\/\/www3.gehealthcare.com\/~\/media\/images\/product\/product-categories\/do-not-clone-advanced-visualization\/applications\/flightplan-for-liver\/aw-flightplan-for-liver_features_2.jpg\" alt=\"rencontres kinshasa\" align=\"center\"> <img decoding=\"async\" src=\"http:\/\/www.congobonmarche.com\/wp-content\/uploads\/2017\/08\/24-400x280.jpg\" alt=\"rencontres kinshasa\" align=\"right\"> Mgr Philippe Barbarin sur les accusations de non-d\u00e9nonciation dabus sexuels : Jirai au tribunal expliquer exactement ce qui sest pass\u00e9 Ce quil faut voir en cette nouvelle saison \u00e0 lOp\u00e9ra de Paris. Les conseils dEdith Walter.  le vrai et le faux. Ceux qui sont sur place verront sans doute plus facilement Hugo Billard accueille lhistorien indien Sanjay Subrahmanyam. Il pr\u00e9sente une approche diff\u00e9rente de la recherche historique : lhistoire globale ou lhistoire connect\u00e9e. Depuis 5 ans, il tient la chaire dhistoire globale de la premi\u00e8re modernit\u00e9 du Coll\u00e8ge de France.  La r\u00e9trospective Jean-Fran\u00e7ois Millet 1814-1875 au Palais des Beaux-Arts de Lille est splendide. Et il ne faut pas la rater car les expositions sur Millet en France sont extr\u00eamement rares la derni\u00e8re avait eu lieu en 1975 au Grand Palais. Grand T\u00e9moin Est-il d\u00e9j\u00e0 lheure de tirer un bilan politique du laction du gouvernement face \u00e0 la pand\u00e9mie de Covid-19? Lanalyse de Jacques Julliard au micro dYves Delafoy. La sant\u00e9 passe dabord par notre assiette, chacun pourrait en t\u00e9moigner. Le Dr Michel Chast, m\u00e9decin nutritionniste et Jeanne Deumier, diagnostiqu\u00e9e Crohn \u00e0 18 ans, apportent des \u00e9l\u00e9ments danalyse \u00e0 Sophie Nouaille, pour En Qu\u00eate de Sens. L\u00c9gypte a d\u00e9clar\u00e9 trois jours de deuil national apr\u00e8s lattentat dans une mosqu\u00e9e du Sina\u00ef qui a fait 305 morts dont 27 enfants et 128 bless\u00e9s. Cest lattentat le plus meurtrier quait connu le pays commis par lEtat islamique EI. Une trentaine de terroristes ont entour\u00e9 la mosqu\u00e9e avec des v\u00e9hicules tout-terrain, ont fait exploser est une plateforme de ressources num\u00e9riques propos\u00e9e par le Conseil g\u00e9n\u00e9ral du Val-de-Marne. Pas besoin de parcourir des kilom\u00e8tres pour trouver de la permaculture pr\u00e8s de Paris! \u00c0 Saint-Denis, Zone Sensible est une ferme urbaine g\u00e9r\u00e9e par un collectif dartistes. Un projet pour sensibiliser au bien manger. Fid\u00e9lit\u00e9 au donn\u00e9 biblique et traditionnel universel nemp\u00eache nullement des Leur objectif est dinfluencer le mode de r\u00e9flexion de la jeunesse congolaise dans le sens de l amour de la diff\u00e9rence et du respect du droit de lhomme. Jeunialissime rappelle combien le r\u00f4le des jeunes est crucial dans la cr\u00e9ation dun monde meilleur o\u00f9 tout le monde vivrait dans l\u00e9galit\u00e9 de droits et devoirs. Ils t\u00e9moignent \u00e9galement de leur engagement \u00e0 travers une s\u00e9rie d\u00e9missions intitul\u00e9es. A la red\u00e9couverte des auteurs hell\u00e9niques p\u00e8res de l\u00c9glise Lexposition sera pr\u00e9sent\u00e9e \u00e0 la Cit\u00e9 de larchitecture du patrimoine au printemps 2020. Viviane Koenig, \u00e9crivain : Jai voulu montrer les innovations de L\u00e9onard de Vinci aux enfants .<\/p>\n","protected":false},"excerpt":{"rendered":"<p>rencontres kinshasa<\/p>\n","protected":false},"author":1,"featured_media":0,"comment_status":"closed","ping_status":"closed","sticky":false,"template":"","format":"standard","meta":{"footnotes":""},"categories":[1],"tags":[],"_links":{"self":[{"href":"http:\/\/geodeta.gorzow.pl\/www\/wp-json\/wp\/v2\/posts\/838"}],"collection":[{"href":"http:\/\/geodeta.gorzow.pl\/www\/wp-json\/wp\/v2\/posts"}],"about":[{"href":"http:\/\/geodeta.gorzow.pl\/www\/wp-json\/wp\/v2\/types\/post"}],"author":[{"embeddable":true,"href":"http:\/\/geodeta.gorzow.pl\/www\/wp-json\/wp\/v2\/users\/1"}],"replies":[{"embeddable":true,"href":"http:\/\/geodeta.gorzow.pl\/www\/wp-json\/wp\/v2\/comments?post=838"}],"version-history":[{"count":1,"href":"http:\/\/geodeta.gorzow.pl\/www\/wp-json\/wp\/v2\/posts\/838\/revisions"}],"predecessor-version":[{"id":839,"href":"http:\/\/geodeta.gorzow.pl\/www\/wp-json\/wp\/v2\/posts\/838\/revisions\/839"}],"wp:attachment":[{"href":"http:\/\/geodeta.gorzow.pl\/www\/wp-json\/wp\/v2\/media?parent=838"}],"wp:term":[{"taxonomy":"category","embeddable":true,"href":"http:\/\/geodeta.gorzow.pl\/www\/wp-json\/wp\/v2\/categories?post=838"},{"taxonomy":"post_tag","embeddable":true,"href":"http:\/\/geodeta.gorzow.pl\/www\/wp-json\/wp\/v2\/tags?post=838"}],"curies":[{"name":"wp","href":"https:\/\/api.w.org\/{rel}","templated":true}]}}