{"id":84,"date":"2020-06-20T18:55:39","date_gmt":"2020-06-20T18:55:39","guid":{"rendered":"http:\/\/geodeta.gorzow.pl\/www\/?p=84"},"modified":"2020-06-20T18:21:00","modified_gmt":"2020-06-20T18:21:00","slug":"sylvain-tesson-rencontre","status":"publish","type":"post","link":"http:\/\/geodeta.gorzow.pl\/www\/2020\/06\/20\/sylvain-tesson-rencontre\/","title":{"rendered":"Sylvain Tesson Rencontre"},"content":{"rendered":"<p><img decoding=\"async\" src=\"http:\/\/www.cheminsdetoiles.com\/fichiers\/0801077001317849265.jpg\" alt=\"sylvain tesson rencontre\" align=\"center\"> Celles trouvant dans les derniers hashtags en vogue une \u00e9chappatoire \u00e0 lennui voir,,, et. Conform\u00e9ment \u00e0 la loi Informatique et Libert\u00e9 n 78-17 du 6 janvier 1978 relative \u00e0 linformatique, aux fichiers et aux libert\u00e9s, nous nous engageons \u00e0 informer les personnes qui fournissent des donn\u00e9es nominatives sur notre site de leurs droits, notamment de leur droit dacc\u00e8s et de rectification sur ces donn\u00e9es nominatives. Nous nous engageons \u00e0 prendre toutes pr\u00e9cautions afin de pr\u00e9server la s\u00e9curit\u00e9 de ces informations et notamment emp\u00eacher quelles ne soient d\u00e9form\u00e9es, endommag\u00e9es ou communiqu\u00e9es \u00e0 des tiers. Jaccepte de recevoir les offres commerciales des partenaires de Paris-Normandie Tout \u00e0 fait, \u00e7a me rappelle ces stars qui \u00e9crivent font \u00e9crire sur des choses personnelles en disant quil fallait absolument quelles se lib\u00e8rent par l\u00e9criture. Qui que vous soyez, il vous faudra, sur votre parcours, bien souvent \u00e9voluer, changer, vivre des transitions de vie. Des transitions de vie personnelles. Des transitions de vie professionnelles. Lun et lautre diront comment cet effort physique sur les routes du monde, au c\u0153ur de la nature, devient un chemin int\u00e9rieur, un chemin de gu\u00e9rison, un chemin de vie. Vous disposez d\u00e9j\u00e0 dun compte sur parismatch.com avec lemail A post shared by moonpalaace on Nov 8, 2019 at 10:19pm PST Vickie Langlois reprend conscience environ deux heures apr\u00e8s lagression. Elle appelle la police et d\u00e9nonce son ex-conjoint. Villa de plain pied de type 4 en VEFA livraison novembre 2020. Frais de n.. <img decoding=\"async\" src=\"http:\/\/www.lefigaro.fr\/medias\/2014\/08\/22\/PHO8b70a05e-29f0-11e4-b4c7-9043929058cb-805x453.jpg\" alt=\"sylvain tesson rencontre\" align=\"left\">  Notre lyc\u00e9e \u00e9tait tr\u00e8s actif dans le soutien \u00e0 Solidarnosc, en Pologne. LAssociation des parents d\u00e9l\u00e8ves envoyait des camions de vivres et de m\u00e9dicaments l\u00e0-bas. Plus tard, on a conduit nous-m\u00eames un camion \u00e0 Cracovie. On a aussi fait le p\u00e8lerinage de Chartres \u00e0 pied et des retraites dans le monast\u00e8re de Bec-Hellouin. Sylvain admirait la civilisation chr\u00e9tienne, les \u00e9glises, les rituels, mais la question de la foi \u00e9tait un probl\u00e8me pour lui. G\u00e9rez vos inscriptions aux newsletters dinformation g\u00e9n\u00e9raliste et th\u00e9matiques William Mesguich nous fait revivre sur sc\u00e8ne lexp\u00e9rience exceptionnelle de l\u00e9crivain-aventurier Sylvain Tesson au milieu des for\u00eats de Sib\u00e9rie.   Entre un voyage au Chili et un autre en Sib\u00c3rie, l\u00c3crivain-vagabond Sylvain Tesson fait escale \u00e0 Paris et confie sa vision des voyages. <img decoding=\"async\" src=\"http:\/\/s1.lprs1.fr\/images\/2016\/11\/20\/6349764_1-0-808699758_300x188.jpg\" alt=\"sylvain tesson rencontre\" align=\"right\"> Hausse des temp\u00e9ratures, fonte des calottes glaciaires, mont\u00e9e des oc\u00e9ans, extinctions massives des esp\u00e8ces, s\u00e9cheresses, migrations : nous savons quel avenir est en train de se pr\u00e9parer, mais sommes incapables de r\u00e9agir. Pourquoi? Une partie ancienne de notre cerveau nous pousse \u00e0 accumuler toujours plus de nourriture, de confort, de sexe, dinformation et de pouvoir, sans limite. Cela nous a aid\u00e9 \u00e0 survivre en des temps recul\u00e9s o\u00f9 les ressources \u00e9taient rares. Mais \u00e0 pr\u00e9sent que nous pouvons exploiter notre environnement gr\u00e2ce \u00e0 des technologies toujours plus d\u00e9velopp\u00e9es, ce m\u00eame principe est en train de creuser notre tombe. Comment larr\u00eater? Lieu H\u00f4tel Litt\u00e9raire Le Swann 11-15 rue de Constantinople La question de la beaut\u00e9 nest plus \u00e0 lordre du jour. Elle fut le programme de beaucoup de princes. P\u00e9ricl\u00e8s se pensait son serviteur. M\u00eame Napol\u00e9on III navait que le d\u00e9sir de lembellissement de son Empire. Avez-vous entendu un homme politique utiliser le mot de beaut\u00e9 dans les derni\u00e8res d\u00e9cennies? Quand le programme est la s\u00e9curit\u00e9 de toutes et tous cest-\u00e0-dire la mise au pas de chacun, vous navez pas loisir de penser \u00e0 lharmonie du mobilier urbain, \u00e0 la beaut\u00e9 des fontaines, \u00e0 la splendeur des arts. Dailleurs, lun des traits de notre \u00e9poque est le refus de donner une d\u00e9finition g\u00e9n\u00e9rique au mot beaut\u00e9. Quand tout se vaut, comment pourrait-on d\u00e9signer le beau? Et pourquoi d\u00e9fendre ce que lon ne peut m\u00eame pas d\u00e9finir? 18h Les Petits de D\u00e9cembre de Kaouther Adimi Jour de courage de Brigitte Giraud Face au coronavirus et confinement quil entra\u00eene, les \u00e9ditions Gallimard mettent en ligne gratuitement chaque jour un \u00e0 deux Tracts de crise sign\u00e9s par les grandes plumes de la Maison comme Erik Orsenna, Sylvain Tesson, Cynthia Fleury, R\u00e9gis Debray ou Dani\u00e8le Sallenave, afin de r\u00e9fl\u00e9chir aux questions que soul\u00e8ve l\u00e9pid\u00e9mie Votre pseudo Votre critique va \u00eatre visible sur Ticketac.com accompagn\u00e9e dun pseudo pour vous identifier.<\/p>\n","protected":false},"excerpt":{"rendered":"<p>sylvain tesson rencontre<\/p>\n","protected":false},"author":1,"featured_media":0,"comment_status":"closed","ping_status":"closed","sticky":false,"template":"","format":"standard","meta":{"footnotes":""},"categories":[1],"tags":[],"_links":{"self":[{"href":"http:\/\/geodeta.gorzow.pl\/www\/wp-json\/wp\/v2\/posts\/84"}],"collection":[{"href":"http:\/\/geodeta.gorzow.pl\/www\/wp-json\/wp\/v2\/posts"}],"about":[{"href":"http:\/\/geodeta.gorzow.pl\/www\/wp-json\/wp\/v2\/types\/post"}],"author":[{"embeddable":true,"href":"http:\/\/geodeta.gorzow.pl\/www\/wp-json\/wp\/v2\/users\/1"}],"replies":[{"embeddable":true,"href":"http:\/\/geodeta.gorzow.pl\/www\/wp-json\/wp\/v2\/comments?post=84"}],"version-history":[{"count":1,"href":"http:\/\/geodeta.gorzow.pl\/www\/wp-json\/wp\/v2\/posts\/84\/revisions"}],"predecessor-version":[{"id":85,"href":"http:\/\/geodeta.gorzow.pl\/www\/wp-json\/wp\/v2\/posts\/84\/revisions\/85"}],"wp:attachment":[{"href":"http:\/\/geodeta.gorzow.pl\/www\/wp-json\/wp\/v2\/media?parent=84"}],"wp:term":[{"taxonomy":"category","embeddable":true,"href":"http:\/\/geodeta.gorzow.pl\/www\/wp-json\/wp\/v2\/categories?post=84"},{"taxonomy":"post_tag","embeddable":true,"href":"http:\/\/geodeta.gorzow.pl\/www\/wp-json\/wp\/v2\/tags?post=84"}],"curies":[{"name":"wp","href":"https:\/\/api.w.org\/{rel}","templated":true}]}}